{"id":5385,"date":"2012-05-10T05:16:00","date_gmt":"2012-05-10T05:16:00","guid":{"rendered":"https:\/\/www.oidossucios.com\/site\/2012\/05\/10\/no-doubt-revela-primer-webisodio-desde-el-estudio\/"},"modified":"2012-05-10T05:16:00","modified_gmt":"2012-05-10T05:16:00","slug":"no-doubt-revela-primer-webisodio-desde-el-estudio","status":"publish","type":"post","link":"https:\/\/www.oidossucios.com\/site\/no-doubt-revela-primer-webisodio-desde-el-estudio\/","title":{"rendered":"No Doubt revela primer webisodio desde el estudio"},"content":{"rendered":"\n<p>Como hemos venido informando el grupo No Doubt, lanzar\u00e1 el pr\u00f3ximo 25 de septiembre un nuevo \u00e1lbum despu\u00e9s de 11 a\u00f1os de una pausa musical. La fecha fue revelada hace s\u00f3lo unos d\u00edas por la misma&nbsp;<a target=\"_blank\" href=\"\/noticias\/5358\/no-doubt-anuncia-fecha-de-lanzamiento-su\/\" rel=\"noopener noreferrer\">Gwen Stefani y compa\u00f1\u00eda<\/a>.<\/p>\n<p>Hoy la agrupaci\u00f3n hizo p\u00fablico un video desde el estudio de grabaci\u00f3n en Santa Barbara, CA., titulado &#8220;Webisode 1&#8221;, donde se le ven trabajando en su nuevo \u00e1lbum y algunos de los involucrados como el productor &#8220;Spike&#8221; Stent, Jimmy Lovine de Interscope Records. Adem\u00e1s nos dejan escuchar partes del nuevo sencillo, &#8220;Push &amp; Move&#8221;.<\/p>\n<p>Fuente: www.warp.la<\/p>\n","protected":false},"excerpt":{"rendered":"<p>Como hemos venido informando el grupo No Doubt, lanzar\u00e1 el pr\u00f3ximo 25 de septiembre un nuevo \u00e1lbum despu\u00e9s de 11 a\u00f1os de una pausa musical. La fecha fue revelada hace s\u00f3lo unos d\u00edas por la misma&nbsp;Gwen Stefani y compa\u00f1\u00eda. Hoy la agrupaci\u00f3n hizo p\u00fablico un video desde el estudio de grabaci\u00f3n en Santa Barbara, CA., [&hellip;]<\/p>\n","protected":false},"author":4,"featured_media":0,"comment_status":"open","ping_status":"open","sticky":false,"template":"","format":"standard","meta":{"_jetpack_memberships_contains_paid_content":false,"footnotes":""},"categories":[142],"tags":[],"class_list":["post-5385","post","type-post","status-publish","format-standard","hentry","category-buzznews"],"jetpack_featured_media_url":"","yoast_head":"<!-- This site is optimized with the Yoast SEO plugin v14.0.4 - https:\/\/yoast.com\/wordpress\/plugins\/seo\/ -->\n<title>No Doubt revela primer webisodio desde el estudio - OidosSucios.Com<\/title>\n<meta name=\"robots\" content=\"index, follow\" \/>\n<meta name=\"googlebot\" content=\"index, follow, max-snippet:-1, max-image-preview:large, max-video-preview:-1\" \/>\n<meta name=\"bingbot\" content=\"index, follow, max-snippet:-1, max-image-preview:large, max-video-preview:-1\" \/>\n<link rel=\"canonical\" href=\"https:\/\/www.oidossucios.com\/site\/no-doubt-revela-primer-webisodio-desde-el-estudio\/\" \/>\n<meta property=\"og:locale\" content=\"es_ES\" \/>\n<meta property=\"og:type\" content=\"article\" \/>\n<meta property=\"og:title\" content=\"No Doubt revela primer webisodio desde el estudio - OidosSucios.Com\" \/>\n<meta property=\"og:description\" content=\"Como hemos venido informando el grupo No Doubt, lanzar\u00e1 el pr\u00f3ximo 25 de septiembre un nuevo \u00e1lbum despu\u00e9s de 11 a\u00f1os de una pausa musical. La fecha fue revelada hace s\u00f3lo unos d\u00edas por la misma&nbsp;Gwen Stefani y compa\u00f1\u00eda. Hoy la agrupaci\u00f3n hizo p\u00fablico un video desde el estudio de grabaci\u00f3n en Santa Barbara, CA., [&hellip;]\" \/>\n<meta property=\"og:url\" content=\"https:\/\/www.oidossucios.com\/site\/no-doubt-revela-primer-webisodio-desde-el-estudio\/\" \/>\n<meta property=\"og:site_name\" content=\"OidosSucios.Com\" \/>\n<meta property=\"article:published_time\" content=\"2012-05-10T05:16:00+00:00\" \/>\n<meta name=\"twitter:card\" content=\"summary_large_image\" \/>\n<meta name=\"twitter:creator\" content=\"@oidossucios\" \/>\n<script type=\"application\/ld+json\" class=\"yoast-schema-graph\">{\"@context\":\"https:\/\/schema.org\",\"@graph\":[{\"@type\":\"WebSite\",\"@id\":\"https:\/\/www.oidossucios.com\/site\/#website\",\"url\":\"https:\/\/www.oidossucios.com\/site\/\",\"name\":\"OidosSucios.Com\",\"description\":\"M\\u00fasica, conciertos, discos\",\"potentialAction\":[{\"@type\":\"SearchAction\",\"target\":\"https:\/\/www.oidossucios.com\/site\/?s={search_term_string}\",\"query-input\":\"required name=search_term_string\"}],\"inLanguage\":\"es\"},{\"@type\":\"WebPage\",\"@id\":\"https:\/\/www.oidossucios.com\/site\/no-doubt-revela-primer-webisodio-desde-el-estudio\/#webpage\",\"url\":\"https:\/\/www.oidossucios.com\/site\/no-doubt-revela-primer-webisodio-desde-el-estudio\/\",\"name\":\"No Doubt revela primer webisodio desde el estudio - OidosSucios.Com\",\"isPartOf\":{\"@id\":\"https:\/\/www.oidossucios.com\/site\/#website\"},\"datePublished\":\"2012-05-10T05:16:00+00:00\",\"dateModified\":\"2012-05-10T05:16:00+00:00\",\"author\":{\"@id\":\"https:\/\/www.oidossucios.com\/site\/#\/schema\/person\/24559eeb76bf83a63296fb072393a688\"},\"inLanguage\":\"es\",\"potentialAction\":[{\"@type\":\"ReadAction\",\"target\":[\"https:\/\/www.oidossucios.com\/site\/no-doubt-revela-primer-webisodio-desde-el-estudio\/\"]}]},{\"@type\":[\"Person\"],\"@id\":\"https:\/\/www.oidossucios.com\/site\/#\/schema\/person\/24559eeb76bf83a63296fb072393a688\",\"name\":\"Oidossucios\",\"image\":{\"@type\":\"ImageObject\",\"@id\":\"https:\/\/www.oidossucios.com\/site\/#personlogo\",\"inLanguage\":\"es\",\"url\":\"https:\/\/secure.gravatar.com\/avatar\/74fcb480f42f1a33e50a0b6e6369a3f907be2e43dc84fa5f76c66e9c22b4a5ab?s=96&d=mm&r=g\",\"caption\":\"Oidossucios\"},\"sameAs\":[\"https:\/\/twitter.com\/oidossucios\"]}]}<\/script>\n<!-- \/ Yoast SEO plugin. -->","jetpack_sharing_enabled":true,"_links":{"self":[{"href":"https:\/\/www.oidossucios.com\/site\/wp-json\/wp\/v2\/posts\/5385","targetHints":{"allow":["GET"]}}],"collection":[{"href":"https:\/\/www.oidossucios.com\/site\/wp-json\/wp\/v2\/posts"}],"about":[{"href":"https:\/\/www.oidossucios.com\/site\/wp-json\/wp\/v2\/types\/post"}],"author":[{"embeddable":true,"href":"https:\/\/www.oidossucios.com\/site\/wp-json\/wp\/v2\/users\/4"}],"replies":[{"embeddable":true,"href":"https:\/\/www.oidossucios.com\/site\/wp-json\/wp\/v2\/comments?post=5385"}],"version-history":[{"count":0,"href":"https:\/\/www.oidossucios.com\/site\/wp-json\/wp\/v2\/posts\/5385\/revisions"}],"wp:attachment":[{"href":"https:\/\/www.oidossucios.com\/site\/wp-json\/wp\/v2\/media?parent=5385"}],"wp:term":[{"taxonomy":"category","embeddable":true,"href":"https:\/\/www.oidossucios.com\/site\/wp-json\/wp\/v2\/categories?post=5385"},{"taxonomy":"post_tag","embeddable":true,"href":"https:\/\/www.oidossucios.com\/site\/wp-json\/wp\/v2\/tags?post=5385"}],"curies":[{"name":"wp","href":"https:\/\/api.w.org\/{rel}","templated":true}]}}