{"id":5388,"date":"2012-05-10T18:41:00","date_gmt":"2012-05-10T18:41:00","guid":{"rendered":"https:\/\/www.oidossucios.com\/site\/2012\/05\/10\/operan-a-travis-barker-y-blink-182-cancela-sus-conciertos\/"},"modified":"2012-05-10T18:41:00","modified_gmt":"2012-05-10T18:41:00","slug":"operan-a-travis-barker-y-blink-182-cancela-sus-conciertos","status":"publish","type":"post","link":"https:\/\/www.oidossucios.com\/site\/operan-a-travis-barker-y-blink-182-cancela-sus-conciertos\/","title":{"rendered":"Operan a Travis Barker y Blink-182 cancela sus conciertos"},"content":{"rendered":"\n<p>El pasado mi\u00e9rcoles,&nbsp;Blink-182&nbsp;tuvo que cancelar varios conciertos, debido a que su baterista,&nbsp;Travis Barker, tuvo que ser llevado de emergencia al hospital.&nbsp;<\/p>\n<p>Barker&nbsp;requiri\u00f3 una amigdalectom\u00eda (cirug\u00eda para extraer las am\u00edgdalas), la cual conlleva un per\u00edodo de recuperaci\u00f3n extenso, lo que orill\u00f3 a la banda a cancelar diversas fechas en Estados Unidos y su participaci\u00f3n en el festival&nbsp;Bamboozle, el pr\u00f3ximo 18, 19 y 20 de mayo, al lado de&nbsp;My Chemical Romance, Foo Fighters, Bon Jovi, Incubus, entre otros.&nbsp;<\/p>\n<p>A trav\u00e9s de un comunicado en su sitio web oficial el grupo dijo: &#8220;La banda se disculpa por los inconvenientes causados por la cancelaci\u00f3n de estas fechas y le agradecemos a los fans su constante apoyo&#8221;. <\/p>\n<p>Fuente: www.rollingstone.com.mx<\/p>\n","protected":false},"excerpt":{"rendered":"<p>El pasado mi\u00e9rcoles,&nbsp;Blink-182&nbsp;tuvo que cancelar varios conciertos, debido a que su baterista,&nbsp;Travis Barker, tuvo que ser llevado de emergencia al hospital.&nbsp; Barker&nbsp;requiri\u00f3 una amigdalectom\u00eda (cirug\u00eda para extraer las am\u00edgdalas), la cual conlleva un per\u00edodo de recuperaci\u00f3n extenso, lo que orill\u00f3 a la banda a cancelar diversas fechas en Estados Unidos y su participaci\u00f3n en el [&hellip;]<\/p>\n","protected":false},"author":4,"featured_media":100005388,"comment_status":"open","ping_status":"open","sticky":false,"template":"","format":"standard","meta":{"_jetpack_memberships_contains_paid_content":false,"footnotes":""},"categories":[142],"tags":[],"class_list":["post-5388","post","type-post","status-publish","format-standard","has-post-thumbnail","hentry","category-buzznews"],"jetpack_featured_media_url":"https:\/\/www.oidossucios.com\/site\/wp-content\/uploads\/2012\/05\/5388.jpg","yoast_head":"<!-- This site is optimized with the Yoast SEO plugin v14.0.4 - https:\/\/yoast.com\/wordpress\/plugins\/seo\/ -->\n<title>Operan a Travis Barker y Blink-182 cancela sus conciertos - OidosSucios.Com<\/title>\n<meta name=\"robots\" content=\"index, follow\" \/>\n<meta name=\"googlebot\" content=\"index, follow, max-snippet:-1, max-image-preview:large, max-video-preview:-1\" \/>\n<meta name=\"bingbot\" content=\"index, follow, max-snippet:-1, max-image-preview:large, max-video-preview:-1\" \/>\n<link rel=\"canonical\" href=\"https:\/\/www.oidossucios.com\/site\/operan-a-travis-barker-y-blink-182-cancela-sus-conciertos\/\" \/>\n<meta property=\"og:locale\" content=\"es_ES\" \/>\n<meta property=\"og:type\" content=\"article\" \/>\n<meta property=\"og:title\" content=\"Operan a Travis Barker y Blink-182 cancela sus conciertos - OidosSucios.Com\" \/>\n<meta property=\"og:description\" content=\"El pasado mi\u00e9rcoles,&nbsp;Blink-182&nbsp;tuvo que cancelar varios conciertos, debido a que su baterista,&nbsp;Travis Barker, tuvo que ser llevado de emergencia al hospital.&nbsp; Barker&nbsp;requiri\u00f3 una amigdalectom\u00eda (cirug\u00eda para extraer las am\u00edgdalas), la cual conlleva un per\u00edodo de recuperaci\u00f3n extenso, lo que orill\u00f3 a la banda a cancelar diversas fechas en Estados Unidos y su participaci\u00f3n en el [&hellip;]\" \/>\n<meta property=\"og:url\" content=\"https:\/\/www.oidossucios.com\/site\/operan-a-travis-barker-y-blink-182-cancela-sus-conciertos\/\" \/>\n<meta property=\"og:site_name\" content=\"OidosSucios.Com\" \/>\n<meta property=\"article:published_time\" content=\"2012-05-10T18:41:00+00:00\" \/>\n<meta property=\"og:image\" content=\"https:\/\/www.oidossucios.com\/site\/wp-content\/uploads\/2012\/05\/5388.jpg\" \/>\n\t<meta property=\"og:image:width\" content=\"350\" \/>\n\t<meta property=\"og:image:height\" content=\"300\" \/>\n<meta name=\"twitter:card\" content=\"summary_large_image\" \/>\n<meta name=\"twitter:creator\" content=\"@oidossucios\" \/>\n<script type=\"application\/ld+json\" class=\"yoast-schema-graph\">{\"@context\":\"https:\/\/schema.org\",\"@graph\":[{\"@type\":\"WebSite\",\"@id\":\"https:\/\/www.oidossucios.com\/site\/#website\",\"url\":\"https:\/\/www.oidossucios.com\/site\/\",\"name\":\"OidosSucios.Com\",\"description\":\"M\\u00fasica, conciertos, discos\",\"potentialAction\":[{\"@type\":\"SearchAction\",\"target\":\"https:\/\/www.oidossucios.com\/site\/?s={search_term_string}\",\"query-input\":\"required name=search_term_string\"}],\"inLanguage\":\"es\"},{\"@type\":\"ImageObject\",\"@id\":\"https:\/\/www.oidossucios.com\/site\/operan-a-travis-barker-y-blink-182-cancela-sus-conciertos\/#primaryimage\",\"inLanguage\":\"es\",\"url\":\"https:\/\/www.oidossucios.com\/site\/wp-content\/uploads\/2012\/05\/5388.jpg\",\"width\":350,\"height\":300},{\"@type\":\"WebPage\",\"@id\":\"https:\/\/www.oidossucios.com\/site\/operan-a-travis-barker-y-blink-182-cancela-sus-conciertos\/#webpage\",\"url\":\"https:\/\/www.oidossucios.com\/site\/operan-a-travis-barker-y-blink-182-cancela-sus-conciertos\/\",\"name\":\"Operan a Travis Barker y Blink-182 cancela sus conciertos - OidosSucios.Com\",\"isPartOf\":{\"@id\":\"https:\/\/www.oidossucios.com\/site\/#website\"},\"primaryImageOfPage\":{\"@id\":\"https:\/\/www.oidossucios.com\/site\/operan-a-travis-barker-y-blink-182-cancela-sus-conciertos\/#primaryimage\"},\"datePublished\":\"2012-05-10T18:41:00+00:00\",\"dateModified\":\"2012-05-10T18:41:00+00:00\",\"author\":{\"@id\":\"https:\/\/www.oidossucios.com\/site\/#\/schema\/person\/24559eeb76bf83a63296fb072393a688\"},\"inLanguage\":\"es\",\"potentialAction\":[{\"@type\":\"ReadAction\",\"target\":[\"https:\/\/www.oidossucios.com\/site\/operan-a-travis-barker-y-blink-182-cancela-sus-conciertos\/\"]}]},{\"@type\":[\"Person\"],\"@id\":\"https:\/\/www.oidossucios.com\/site\/#\/schema\/person\/24559eeb76bf83a63296fb072393a688\",\"name\":\"Oidossucios\",\"image\":{\"@type\":\"ImageObject\",\"@id\":\"https:\/\/www.oidossucios.com\/site\/#personlogo\",\"inLanguage\":\"es\",\"url\":\"https:\/\/secure.gravatar.com\/avatar\/74fcb480f42f1a33e50a0b6e6369a3f907be2e43dc84fa5f76c66e9c22b4a5ab?s=96&d=mm&r=g\",\"caption\":\"Oidossucios\"},\"sameAs\":[\"https:\/\/twitter.com\/oidossucios\"]}]}<\/script>\n<!-- \/ Yoast SEO plugin. -->","jetpack_sharing_enabled":true,"_links":{"self":[{"href":"https:\/\/www.oidossucios.com\/site\/wp-json\/wp\/v2\/posts\/5388","targetHints":{"allow":["GET"]}}],"collection":[{"href":"https:\/\/www.oidossucios.com\/site\/wp-json\/wp\/v2\/posts"}],"about":[{"href":"https:\/\/www.oidossucios.com\/site\/wp-json\/wp\/v2\/types\/post"}],"author":[{"embeddable":true,"href":"https:\/\/www.oidossucios.com\/site\/wp-json\/wp\/v2\/users\/4"}],"replies":[{"embeddable":true,"href":"https:\/\/www.oidossucios.com\/site\/wp-json\/wp\/v2\/comments?post=5388"}],"version-history":[{"count":0,"href":"https:\/\/www.oidossucios.com\/site\/wp-json\/wp\/v2\/posts\/5388\/revisions"}],"wp:featuredmedia":[{"embeddable":true,"href":"https:\/\/www.oidossucios.com\/site\/wp-json\/wp\/v2\/media\/100005388"}],"wp:attachment":[{"href":"https:\/\/www.oidossucios.com\/site\/wp-json\/wp\/v2\/media?parent=5388"}],"wp:term":[{"taxonomy":"category","embeddable":true,"href":"https:\/\/www.oidossucios.com\/site\/wp-json\/wp\/v2\/categories?post=5388"},{"taxonomy":"post_tag","embeddable":true,"href":"https:\/\/www.oidossucios.com\/site\/wp-json\/wp\/v2\/tags?post=5388"}],"curies":[{"name":"wp","href":"https:\/\/api.w.org\/{rel}","templated":true}]}}