{"id":5396,"date":"2012-05-11T18:44:00","date_gmt":"2012-05-11T18:44:00","guid":{"rendered":"https:\/\/www.oidossucios.com\/site\/2012\/05\/11\/nuevo-avance-de-the-amazing-spider-man\/"},"modified":"2012-05-11T18:44:00","modified_gmt":"2012-05-11T18:44:00","slug":"nuevo-avance-de-the-amazing-spider-man","status":"publish","type":"post","link":"https:\/\/www.oidossucios.com\/site\/nuevo-avance-de-the-amazing-spider-man\/","title":{"rendered":"Nuevo avance de &quot;The Amazing Spider-Man&quot;"},"content":{"rendered":"<p>Por <\/p>\n<p>Un nuevo avance de la cinta&nbsp;The Amazing Spider-Man, ser\u00e1 estrenado el lunes 14 de mayo durante el reality show&nbsp;<i>America\u00b4s Got Talent<\/i>&nbsp;en la cadena televisiva&nbsp;NBC.&nbsp; De acuerdo con un nuevo spot de televisi\u00f3n, el avance mostrar\u00e1 cuatro minutos de este nuevo remake de la franquicia.<\/p>\n<p>La pel\u00edcula&nbsp; es protagonizada por Andrew Garfield (The Social Network) en el papel de Peter Parker y el Hombre Ara\u00f1a. El enemigo del superh\u00e9roe en esta ocasi\u00f3n ser\u00e1 el Lagarto, interpretado por Rhys Ifans. En la cinta tambi\u00e9n participan Emma Stone como la pareja de Peter, que en esta oportunidad no ser\u00e1 Mary Jane Watson sino Gwen Stacy.<\/p>\n<p><i>The Amazing Spider Man<\/i>llegar\u00e1 en 3D a las salas de cine a partir del 4 de julio.<\/p>\n","protected":false},"excerpt":{"rendered":"<p>Un nuevo avance de 4 minutos de la cinta The Amazing Spider-Man, ser\u00e1 estrenado el lunes 14 de mayo durante el reality show America\u00b4s Got Talent.<\/p>\n","protected":false},"author":4,"featured_media":100005396,"comment_status":"open","ping_status":"open","sticky":false,"template":"","format":"standard","meta":{"_jetpack_memberships_contains_paid_content":false,"footnotes":""},"categories":[672],"tags":[],"class_list":["post-5396","post","type-post","status-publish","format-standard","has-post-thumbnail","hentry","category-tv"],"jetpack_featured_media_url":"https:\/\/www.oidossucios.com\/site\/wp-content\/uploads\/2012\/05\/5396.jpg","yoast_head":"<!-- This site is optimized with the Yoast SEO plugin v14.0.4 - https:\/\/yoast.com\/wordpress\/plugins\/seo\/ -->\n<title>Nuevo avance de &quot;The Amazing Spider-Man&quot; - OidosSucios.Com<\/title>\n<meta name=\"description\" content=\"Un nuevo avance de 4 minutos de la cinta The Amazing Spider-Man, ser\u00e1 estrenado el lunes 14 de mayo durante el reality show America\u00b4s Got Talent.\" \/>\n<meta name=\"robots\" content=\"index, follow\" \/>\n<meta name=\"googlebot\" content=\"index, follow, max-snippet:-1, max-image-preview:large, max-video-preview:-1\" \/>\n<meta name=\"bingbot\" content=\"index, follow, max-snippet:-1, max-image-preview:large, max-video-preview:-1\" \/>\n<link rel=\"canonical\" href=\"https:\/\/www.oidossucios.com\/site\/nuevo-avance-de-the-amazing-spider-man\/\" \/>\n<meta property=\"og:locale\" content=\"es_ES\" \/>\n<meta property=\"og:type\" content=\"article\" \/>\n<meta property=\"og:title\" content=\"Nuevo avance de &quot;The Amazing Spider-Man&quot; - OidosSucios.Com\" \/>\n<meta property=\"og:description\" content=\"Un nuevo avance de 4 minutos de la cinta The Amazing Spider-Man, ser\u00e1 estrenado el lunes 14 de mayo durante el reality show America\u00b4s Got Talent.\" \/>\n<meta property=\"og:url\" content=\"https:\/\/www.oidossucios.com\/site\/nuevo-avance-de-the-amazing-spider-man\/\" \/>\n<meta property=\"og:site_name\" content=\"OidosSucios.Com\" \/>\n<meta property=\"article:published_time\" content=\"2012-05-11T18:44:00+00:00\" \/>\n<meta property=\"og:image\" content=\"https:\/\/www.oidossucios.com\/site\/wp-content\/uploads\/2012\/05\/5396.jpg\" \/>\n\t<meta property=\"og:image:width\" content=\"350\" \/>\n\t<meta property=\"og:image:height\" content=\"300\" \/>\n<meta name=\"twitter:card\" content=\"summary_large_image\" \/>\n<meta name=\"twitter:creator\" content=\"@oidossucios\" \/>\n<script type=\"application\/ld+json\" class=\"yoast-schema-graph\">{\"@context\":\"https:\/\/schema.org\",\"@graph\":[{\"@type\":\"WebSite\",\"@id\":\"https:\/\/www.oidossucios.com\/site\/#website\",\"url\":\"https:\/\/www.oidossucios.com\/site\/\",\"name\":\"OidosSucios.Com\",\"description\":\"M\\u00fasica, conciertos, discos\",\"potentialAction\":[{\"@type\":\"SearchAction\",\"target\":\"https:\/\/www.oidossucios.com\/site\/?s={search_term_string}\",\"query-input\":\"required name=search_term_string\"}],\"inLanguage\":\"es\"},{\"@type\":\"ImageObject\",\"@id\":\"https:\/\/www.oidossucios.com\/site\/nuevo-avance-de-the-amazing-spider-man\/#primaryimage\",\"inLanguage\":\"es\",\"url\":\"https:\/\/www.oidossucios.com\/site\/wp-content\/uploads\/2012\/05\/5396.jpg\",\"width\":350,\"height\":300},{\"@type\":\"WebPage\",\"@id\":\"https:\/\/www.oidossucios.com\/site\/nuevo-avance-de-the-amazing-spider-man\/#webpage\",\"url\":\"https:\/\/www.oidossucios.com\/site\/nuevo-avance-de-the-amazing-spider-man\/\",\"name\":\"Nuevo avance de &quot;The Amazing Spider-Man&quot; - OidosSucios.Com\",\"isPartOf\":{\"@id\":\"https:\/\/www.oidossucios.com\/site\/#website\"},\"primaryImageOfPage\":{\"@id\":\"https:\/\/www.oidossucios.com\/site\/nuevo-avance-de-the-amazing-spider-man\/#primaryimage\"},\"datePublished\":\"2012-05-11T18:44:00+00:00\",\"dateModified\":\"2012-05-11T18:44:00+00:00\",\"author\":{\"@id\":\"https:\/\/www.oidossucios.com\/site\/#\/schema\/person\/24559eeb76bf83a63296fb072393a688\"},\"description\":\"Un nuevo avance de 4 minutos de la cinta The Amazing Spider-Man, ser\\u00e1 estrenado el lunes 14 de mayo durante el reality show America\\u00b4s Got Talent.\",\"inLanguage\":\"es\",\"potentialAction\":[{\"@type\":\"ReadAction\",\"target\":[\"https:\/\/www.oidossucios.com\/site\/nuevo-avance-de-the-amazing-spider-man\/\"]}]},{\"@type\":[\"Person\"],\"@id\":\"https:\/\/www.oidossucios.com\/site\/#\/schema\/person\/24559eeb76bf83a63296fb072393a688\",\"name\":\"Oidossucios\",\"image\":{\"@type\":\"ImageObject\",\"@id\":\"https:\/\/www.oidossucios.com\/site\/#personlogo\",\"inLanguage\":\"es\",\"url\":\"https:\/\/secure.gravatar.com\/avatar\/74fcb480f42f1a33e50a0b6e6369a3f907be2e43dc84fa5f76c66e9c22b4a5ab?s=96&d=mm&r=g\",\"caption\":\"Oidossucios\"},\"sameAs\":[\"https:\/\/twitter.com\/oidossucios\"]}]}<\/script>\n<!-- \/ Yoast SEO plugin. -->","jetpack_sharing_enabled":true,"_links":{"self":[{"href":"https:\/\/www.oidossucios.com\/site\/wp-json\/wp\/v2\/posts\/5396","targetHints":{"allow":["GET"]}}],"collection":[{"href":"https:\/\/www.oidossucios.com\/site\/wp-json\/wp\/v2\/posts"}],"about":[{"href":"https:\/\/www.oidossucios.com\/site\/wp-json\/wp\/v2\/types\/post"}],"author":[{"embeddable":true,"href":"https:\/\/www.oidossucios.com\/site\/wp-json\/wp\/v2\/users\/4"}],"replies":[{"embeddable":true,"href":"https:\/\/www.oidossucios.com\/site\/wp-json\/wp\/v2\/comments?post=5396"}],"version-history":[{"count":0,"href":"https:\/\/www.oidossucios.com\/site\/wp-json\/wp\/v2\/posts\/5396\/revisions"}],"wp:featuredmedia":[{"embeddable":true,"href":"https:\/\/www.oidossucios.com\/site\/wp-json\/wp\/v2\/media\/100005396"}],"wp:attachment":[{"href":"https:\/\/www.oidossucios.com\/site\/wp-json\/wp\/v2\/media?parent=5396"}],"wp:term":[{"taxonomy":"category","embeddable":true,"href":"https:\/\/www.oidossucios.com\/site\/wp-json\/wp\/v2\/categories?post=5396"},{"taxonomy":"post_tag","embeddable":true,"href":"https:\/\/www.oidossucios.com\/site\/wp-json\/wp\/v2\/tags?post=5396"}],"curies":[{"name":"wp","href":"https:\/\/api.w.org\/{rel}","templated":true}]}}