{"id":5466,"date":"2012-05-25T17:45:00","date_gmt":"2012-05-25T17:45:00","guid":{"rendered":"https:\/\/www.oidossucios.com\/site\/2012\/05\/25\/beastie-boys-grabo-nueva-musica-antes-de-la-muerte-de-adam-yauch\/"},"modified":"2012-05-25T17:45:00","modified_gmt":"2012-05-25T17:45:00","slug":"beastie-boys-grabo-nueva-musica-antes-de-la-muerte-de-adam-yauch","status":"publish","type":"post","link":"https:\/\/www.oidossucios.com\/site\/beastie-boys-grabo-nueva-musica-antes-de-la-muerte-de-adam-yauch\/","title":{"rendered":"Beastie Boys grab\u00f3 nueva m\u00fasica antes de la muerte de Adam Yauch"},"content":{"rendered":"\n<p>Beastie Boys tiene material in\u00e9dito grabado, con su alineaci\u00f3n completa, en la segunda mitad de 2011, seg\u00fan revel\u00f3 Mike D en entrevista para Rolling Stone.<\/p>\n<p>Luego del reciente fallecimiento de MCA, Diamond asegur\u00f3 que la banda estuvo en el estudio y que Adam Yauch, pese a su enfermedad, a\u00fan particip\u00f3 en la parte vocal. Sobre su estancia en el estudio, el m\u00fasico declar\u00f3: &#8220;Adam lo provoc\u00f3. Esto s\u00f3lo pod\u00eda venir de \u00e9l, en los t\u00e9rminos de donde \u00e9l estaba con su tratamiento contra el c\u00e1ncer. No estaba seguro de que pudiera hacer las vocales pero despu\u00e9s de un poco terminamos haci\u00e9ndolo. Fue su manera de decir, &#8220;s\u00ed, lo estoy haciendo&#8221; &#8220;.<\/p>\n<p>Adem\u00e1s, Michael Diamond despej\u00f3 la duda de muchos, al asegurar que s\u00ed se ve haciendo m\u00fasica con Ad-Rock pero ya no como Beastie Boys, pues &#8220;Yauch hubiera querido probar cualquier locura que quisi\u00e9ramos&#8221;.<\/p>\n<p>Fuente: www.warp.la<\/p>\n","protected":false},"excerpt":{"rendered":"<p>Beastie Boys tiene material in\u00e9dito grabado, con su alineaci\u00f3n completa, en la segunda mitad de 2011, seg\u00fan revel\u00f3 Mike D en entrevista para Rolling Stone. Luego del reciente fallecimiento de MCA, Diamond asegur\u00f3 que la banda estuvo en el estudio y que Adam Yauch, pese a su enfermedad, a\u00fan particip\u00f3 en la parte vocal. Sobre [&hellip;]<\/p>\n","protected":false},"author":4,"featured_media":100005466,"comment_status":"open","ping_status":"open","sticky":false,"template":"","format":"standard","meta":{"_jetpack_memberships_contains_paid_content":false,"footnotes":""},"categories":[142],"tags":[],"class_list":["post-5466","post","type-post","status-publish","format-standard","has-post-thumbnail","hentry","category-buzznews"],"jetpack_featured_media_url":"https:\/\/www.oidossucios.com\/site\/wp-content\/uploads\/2012\/05\/5466.jpg","yoast_head":"<!-- This site is optimized with the Yoast SEO plugin v14.0.4 - https:\/\/yoast.com\/wordpress\/plugins\/seo\/ -->\n<title>Beastie Boys grab\u00f3 nueva m\u00fasica antes de la muerte de Adam Yauch - OidosSucios.Com<\/title>\n<meta name=\"robots\" content=\"index, follow\" \/>\n<meta name=\"googlebot\" content=\"index, follow, max-snippet:-1, max-image-preview:large, max-video-preview:-1\" \/>\n<meta name=\"bingbot\" content=\"index, follow, max-snippet:-1, max-image-preview:large, max-video-preview:-1\" \/>\n<link rel=\"canonical\" href=\"https:\/\/www.oidossucios.com\/site\/beastie-boys-grabo-nueva-musica-antes-de-la-muerte-de-adam-yauch\/\" \/>\n<meta property=\"og:locale\" content=\"es_ES\" \/>\n<meta property=\"og:type\" content=\"article\" \/>\n<meta property=\"og:title\" content=\"Beastie Boys grab\u00f3 nueva m\u00fasica antes de la muerte de Adam Yauch - OidosSucios.Com\" \/>\n<meta property=\"og:description\" content=\"Beastie Boys tiene material in\u00e9dito grabado, con su alineaci\u00f3n completa, en la segunda mitad de 2011, seg\u00fan revel\u00f3 Mike D en entrevista para Rolling Stone. Luego del reciente fallecimiento de MCA, Diamond asegur\u00f3 que la banda estuvo en el estudio y que Adam Yauch, pese a su enfermedad, a\u00fan particip\u00f3 en la parte vocal. Sobre [&hellip;]\" \/>\n<meta property=\"og:url\" content=\"https:\/\/www.oidossucios.com\/site\/beastie-boys-grabo-nueva-musica-antes-de-la-muerte-de-adam-yauch\/\" \/>\n<meta property=\"og:site_name\" content=\"OidosSucios.Com\" \/>\n<meta property=\"article:published_time\" content=\"2012-05-25T17:45:00+00:00\" \/>\n<meta property=\"og:image\" content=\"https:\/\/www.oidossucios.com\/site\/wp-content\/uploads\/2012\/05\/5466.jpg\" \/>\n\t<meta property=\"og:image:width\" content=\"350\" \/>\n\t<meta property=\"og:image:height\" content=\"300\" \/>\n<meta name=\"twitter:card\" content=\"summary_large_image\" \/>\n<meta name=\"twitter:creator\" content=\"@oidossucios\" \/>\n<script type=\"application\/ld+json\" class=\"yoast-schema-graph\">{\"@context\":\"https:\/\/schema.org\",\"@graph\":[{\"@type\":\"WebSite\",\"@id\":\"https:\/\/www.oidossucios.com\/site\/#website\",\"url\":\"https:\/\/www.oidossucios.com\/site\/\",\"name\":\"OidosSucios.Com\",\"description\":\"M\\u00fasica, conciertos, discos\",\"potentialAction\":[{\"@type\":\"SearchAction\",\"target\":\"https:\/\/www.oidossucios.com\/site\/?s={search_term_string}\",\"query-input\":\"required name=search_term_string\"}],\"inLanguage\":\"es\"},{\"@type\":\"ImageObject\",\"@id\":\"https:\/\/www.oidossucios.com\/site\/beastie-boys-grabo-nueva-musica-antes-de-la-muerte-de-adam-yauch\/#primaryimage\",\"inLanguage\":\"es\",\"url\":\"https:\/\/www.oidossucios.com\/site\/wp-content\/uploads\/2012\/05\/5466.jpg\",\"width\":350,\"height\":300},{\"@type\":\"WebPage\",\"@id\":\"https:\/\/www.oidossucios.com\/site\/beastie-boys-grabo-nueva-musica-antes-de-la-muerte-de-adam-yauch\/#webpage\",\"url\":\"https:\/\/www.oidossucios.com\/site\/beastie-boys-grabo-nueva-musica-antes-de-la-muerte-de-adam-yauch\/\",\"name\":\"Beastie Boys grab\\u00f3 nueva m\\u00fasica antes de la muerte de Adam Yauch - OidosSucios.Com\",\"isPartOf\":{\"@id\":\"https:\/\/www.oidossucios.com\/site\/#website\"},\"primaryImageOfPage\":{\"@id\":\"https:\/\/www.oidossucios.com\/site\/beastie-boys-grabo-nueva-musica-antes-de-la-muerte-de-adam-yauch\/#primaryimage\"},\"datePublished\":\"2012-05-25T17:45:00+00:00\",\"dateModified\":\"2012-05-25T17:45:00+00:00\",\"author\":{\"@id\":\"https:\/\/www.oidossucios.com\/site\/#\/schema\/person\/24559eeb76bf83a63296fb072393a688\"},\"inLanguage\":\"es\",\"potentialAction\":[{\"@type\":\"ReadAction\",\"target\":[\"https:\/\/www.oidossucios.com\/site\/beastie-boys-grabo-nueva-musica-antes-de-la-muerte-de-adam-yauch\/\"]}]},{\"@type\":[\"Person\"],\"@id\":\"https:\/\/www.oidossucios.com\/site\/#\/schema\/person\/24559eeb76bf83a63296fb072393a688\",\"name\":\"Oidossucios\",\"image\":{\"@type\":\"ImageObject\",\"@id\":\"https:\/\/www.oidossucios.com\/site\/#personlogo\",\"inLanguage\":\"es\",\"url\":\"https:\/\/secure.gravatar.com\/avatar\/74fcb480f42f1a33e50a0b6e6369a3f907be2e43dc84fa5f76c66e9c22b4a5ab?s=96&d=mm&r=g\",\"caption\":\"Oidossucios\"},\"sameAs\":[\"https:\/\/twitter.com\/oidossucios\"]}]}<\/script>\n<!-- \/ Yoast SEO plugin. -->","jetpack_sharing_enabled":true,"_links":{"self":[{"href":"https:\/\/www.oidossucios.com\/site\/wp-json\/wp\/v2\/posts\/5466","targetHints":{"allow":["GET"]}}],"collection":[{"href":"https:\/\/www.oidossucios.com\/site\/wp-json\/wp\/v2\/posts"}],"about":[{"href":"https:\/\/www.oidossucios.com\/site\/wp-json\/wp\/v2\/types\/post"}],"author":[{"embeddable":true,"href":"https:\/\/www.oidossucios.com\/site\/wp-json\/wp\/v2\/users\/4"}],"replies":[{"embeddable":true,"href":"https:\/\/www.oidossucios.com\/site\/wp-json\/wp\/v2\/comments?post=5466"}],"version-history":[{"count":0,"href":"https:\/\/www.oidossucios.com\/site\/wp-json\/wp\/v2\/posts\/5466\/revisions"}],"wp:featuredmedia":[{"embeddable":true,"href":"https:\/\/www.oidossucios.com\/site\/wp-json\/wp\/v2\/media\/100005466"}],"wp:attachment":[{"href":"https:\/\/www.oidossucios.com\/site\/wp-json\/wp\/v2\/media?parent=5466"}],"wp:term":[{"taxonomy":"category","embeddable":true,"href":"https:\/\/www.oidossucios.com\/site\/wp-json\/wp\/v2\/categories?post=5466"},{"taxonomy":"post_tag","embeddable":true,"href":"https:\/\/www.oidossucios.com\/site\/wp-json\/wp\/v2\/tags?post=5466"}],"curies":[{"name":"wp","href":"https:\/\/api.w.org\/{rel}","templated":true}]}}