{"id":5468,"date":"2012-05-25T20:24:00","date_gmt":"2012-05-25T20:24:00","guid":{"rendered":"https:\/\/www.oidossucios.com\/site\/2012\/05\/25\/jim-james-el-lider-de-my-morning-jacket-ya-tiene-listo-su-disco-solista\/"},"modified":"2012-05-25T20:24:00","modified_gmt":"2012-05-25T20:24:00","slug":"jim-james-el-lider-de-my-morning-jacket-ya-tiene-listo-su-disco-solista","status":"publish","type":"post","link":"https:\/\/www.oidossucios.com\/site\/jim-james-el-lider-de-my-morning-jacket-ya-tiene-listo-su-disco-solista\/","title":{"rendered":"Jim James, el l\u00edder de My Morning Jacket, ya tiene listo su disco solista"},"content":{"rendered":"\n<p>Jim James, l\u00edder y vocalista de My Morning Jacket, tiene listo su \u00e1lbum debut como solista.<\/p>\n<p>&#8220;Est\u00e1 listo. Creo que saldr\u00e1 a inicios de febrero del pr\u00f3ximo a\u00f1o&#8221;, declar\u00f3 James a Rolling Stone.<\/p>\n<p>Sobre el sonido mencion\u00f3: &#8220;Creo que tiene cosas melosas ah\u00ed, pero tiene cosas realmente diferentes. Estoy muy orgulloso de \u00e9l. Creo que tiene algunos paisajes sonoros diferentes que he escondido en algunos discos de My Morning Jacket&#8221;.<\/p>\n<p>Agreg\u00f3 que las bater\u00edas del \u00e1lbum fueron grabadas por un amigo de la infancia y espera que m\u00e1s amigos se le unan para hacer una gira.<\/p>\n<p>My Morning Jacket continua promocionando <i>Circuital<\/i>.<\/p>\n<p>Fuente: www.warp.la<\/p>\n","protected":false},"excerpt":{"rendered":"<p>Jim James, l\u00edder y vocalista de My Morning Jacket, tiene listo su \u00e1lbum debut como solista. &#8220;Est\u00e1 listo. Creo que saldr\u00e1 a inicios de febrero del pr\u00f3ximo a\u00f1o&#8221;, declar\u00f3 James a Rolling Stone. Sobre el sonido mencion\u00f3: &#8220;Creo que tiene cosas melosas ah\u00ed, pero tiene cosas realmente diferentes. Estoy muy orgulloso de \u00e9l. Creo que [&hellip;]<\/p>\n","protected":false},"author":4,"featured_media":100005468,"comment_status":"open","ping_status":"open","sticky":false,"template":"","format":"standard","meta":{"_jetpack_memberships_contains_paid_content":false,"footnotes":""},"categories":[142],"tags":[],"class_list":["post-5468","post","type-post","status-publish","format-standard","has-post-thumbnail","hentry","category-buzznews"],"jetpack_featured_media_url":"https:\/\/www.oidossucios.com\/site\/wp-content\/uploads\/2012\/05\/5468.jpg","yoast_head":"<!-- This site is optimized with the Yoast SEO plugin v14.0.4 - https:\/\/yoast.com\/wordpress\/plugins\/seo\/ -->\n<title>Jim James, el l\u00edder de My Morning Jacket, ya tiene listo su disco solista - OidosSucios.Com<\/title>\n<meta name=\"robots\" content=\"index, follow\" \/>\n<meta name=\"googlebot\" content=\"index, follow, max-snippet:-1, max-image-preview:large, max-video-preview:-1\" \/>\n<meta name=\"bingbot\" content=\"index, follow, max-snippet:-1, max-image-preview:large, max-video-preview:-1\" \/>\n<link rel=\"canonical\" href=\"https:\/\/www.oidossucios.com\/site\/jim-james-el-lider-de-my-morning-jacket-ya-tiene-listo-su-disco-solista\/\" \/>\n<meta property=\"og:locale\" content=\"es_ES\" \/>\n<meta property=\"og:type\" content=\"article\" \/>\n<meta property=\"og:title\" content=\"Jim James, el l\u00edder de My Morning Jacket, ya tiene listo su disco solista - OidosSucios.Com\" \/>\n<meta property=\"og:description\" content=\"Jim James, l\u00edder y vocalista de My Morning Jacket, tiene listo su \u00e1lbum debut como solista. &#8220;Est\u00e1 listo. Creo que saldr\u00e1 a inicios de febrero del pr\u00f3ximo a\u00f1o&#8221;, declar\u00f3 James a Rolling Stone. Sobre el sonido mencion\u00f3: &#8220;Creo que tiene cosas melosas ah\u00ed, pero tiene cosas realmente diferentes. Estoy muy orgulloso de \u00e9l. Creo que [&hellip;]\" \/>\n<meta property=\"og:url\" content=\"https:\/\/www.oidossucios.com\/site\/jim-james-el-lider-de-my-morning-jacket-ya-tiene-listo-su-disco-solista\/\" \/>\n<meta property=\"og:site_name\" content=\"OidosSucios.Com\" \/>\n<meta property=\"article:published_time\" content=\"2012-05-25T20:24:00+00:00\" \/>\n<meta property=\"og:image\" content=\"https:\/\/www.oidossucios.com\/site\/wp-content\/uploads\/2012\/05\/5468.jpg\" \/>\n\t<meta property=\"og:image:width\" content=\"350\" \/>\n\t<meta property=\"og:image:height\" content=\"300\" \/>\n<meta name=\"twitter:card\" content=\"summary_large_image\" \/>\n<meta name=\"twitter:creator\" content=\"@oidossucios\" \/>\n<script type=\"application\/ld+json\" class=\"yoast-schema-graph\">{\"@context\":\"https:\/\/schema.org\",\"@graph\":[{\"@type\":\"WebSite\",\"@id\":\"https:\/\/www.oidossucios.com\/site\/#website\",\"url\":\"https:\/\/www.oidossucios.com\/site\/\",\"name\":\"OidosSucios.Com\",\"description\":\"M\\u00fasica, conciertos, discos\",\"potentialAction\":[{\"@type\":\"SearchAction\",\"target\":\"https:\/\/www.oidossucios.com\/site\/?s={search_term_string}\",\"query-input\":\"required name=search_term_string\"}],\"inLanguage\":\"es\"},{\"@type\":\"ImageObject\",\"@id\":\"https:\/\/www.oidossucios.com\/site\/jim-james-el-lider-de-my-morning-jacket-ya-tiene-listo-su-disco-solista\/#primaryimage\",\"inLanguage\":\"es\",\"url\":\"https:\/\/www.oidossucios.com\/site\/wp-content\/uploads\/2012\/05\/5468.jpg\",\"width\":350,\"height\":300},{\"@type\":\"WebPage\",\"@id\":\"https:\/\/www.oidossucios.com\/site\/jim-james-el-lider-de-my-morning-jacket-ya-tiene-listo-su-disco-solista\/#webpage\",\"url\":\"https:\/\/www.oidossucios.com\/site\/jim-james-el-lider-de-my-morning-jacket-ya-tiene-listo-su-disco-solista\/\",\"name\":\"Jim James, el l\\u00edder de My Morning Jacket, ya tiene listo su disco solista - OidosSucios.Com\",\"isPartOf\":{\"@id\":\"https:\/\/www.oidossucios.com\/site\/#website\"},\"primaryImageOfPage\":{\"@id\":\"https:\/\/www.oidossucios.com\/site\/jim-james-el-lider-de-my-morning-jacket-ya-tiene-listo-su-disco-solista\/#primaryimage\"},\"datePublished\":\"2012-05-25T20:24:00+00:00\",\"dateModified\":\"2012-05-25T20:24:00+00:00\",\"author\":{\"@id\":\"https:\/\/www.oidossucios.com\/site\/#\/schema\/person\/24559eeb76bf83a63296fb072393a688\"},\"inLanguage\":\"es\",\"potentialAction\":[{\"@type\":\"ReadAction\",\"target\":[\"https:\/\/www.oidossucios.com\/site\/jim-james-el-lider-de-my-morning-jacket-ya-tiene-listo-su-disco-solista\/\"]}]},{\"@type\":[\"Person\"],\"@id\":\"https:\/\/www.oidossucios.com\/site\/#\/schema\/person\/24559eeb76bf83a63296fb072393a688\",\"name\":\"Oidossucios\",\"image\":{\"@type\":\"ImageObject\",\"@id\":\"https:\/\/www.oidossucios.com\/site\/#personlogo\",\"inLanguage\":\"es\",\"url\":\"https:\/\/secure.gravatar.com\/avatar\/74fcb480f42f1a33e50a0b6e6369a3f907be2e43dc84fa5f76c66e9c22b4a5ab?s=96&d=mm&r=g\",\"caption\":\"Oidossucios\"},\"sameAs\":[\"https:\/\/twitter.com\/oidossucios\"]}]}<\/script>\n<!-- \/ Yoast SEO plugin. -->","jetpack_sharing_enabled":true,"_links":{"self":[{"href":"https:\/\/www.oidossucios.com\/site\/wp-json\/wp\/v2\/posts\/5468","targetHints":{"allow":["GET"]}}],"collection":[{"href":"https:\/\/www.oidossucios.com\/site\/wp-json\/wp\/v2\/posts"}],"about":[{"href":"https:\/\/www.oidossucios.com\/site\/wp-json\/wp\/v2\/types\/post"}],"author":[{"embeddable":true,"href":"https:\/\/www.oidossucios.com\/site\/wp-json\/wp\/v2\/users\/4"}],"replies":[{"embeddable":true,"href":"https:\/\/www.oidossucios.com\/site\/wp-json\/wp\/v2\/comments?post=5468"}],"version-history":[{"count":0,"href":"https:\/\/www.oidossucios.com\/site\/wp-json\/wp\/v2\/posts\/5468\/revisions"}],"wp:featuredmedia":[{"embeddable":true,"href":"https:\/\/www.oidossucios.com\/site\/wp-json\/wp\/v2\/media\/100005468"}],"wp:attachment":[{"href":"https:\/\/www.oidossucios.com\/site\/wp-json\/wp\/v2\/media?parent=5468"}],"wp:term":[{"taxonomy":"category","embeddable":true,"href":"https:\/\/www.oidossucios.com\/site\/wp-json\/wp\/v2\/categories?post=5468"},{"taxonomy":"post_tag","embeddable":true,"href":"https:\/\/www.oidossucios.com\/site\/wp-json\/wp\/v2\/tags?post=5468"}],"curies":[{"name":"wp","href":"https:\/\/api.w.org\/{rel}","templated":true}]}}