{"id":5479,"date":"2012-05-29T05:57:00","date_gmt":"2012-05-29T05:57:00","guid":{"rendered":"https:\/\/www.oidossucios.com\/site\/2012\/05\/29\/mumford-sons-anuncia-nuevo-album\/"},"modified":"2012-05-29T05:57:00","modified_gmt":"2012-05-29T05:57:00","slug":"mumford-sons-anuncia-nuevo-album","status":"publish","type":"post","link":"https:\/\/www.oidossucios.com\/site\/mumford-sons-anuncia-nuevo-album\/","title":{"rendered":"Mumford &amp; Sons anuncia nuevo \u00e1lbum"},"content":{"rendered":"\n<p>La banda inglesa Mumford &amp; Sons, anunci\u00f3 el lanzamiento de su segundo \u00e1lbum de estudio para el mes de septiembre.<\/p>\n<p>La noticia fue anunciada durante su actuaci\u00f3n el pasado fin de semana en el Pinkpop Music Festival en Holanda. Un Dj de la estaci\u00f3n de radio 3FM de dicho pa\u00eds, confirm\u00f3 que la fecha de lanzamiento exacto para Europa es el 24 de septiembre.<\/p>\n<p>Antes de la salida de este disco, Mumford &amp; Sons continuar\u00e1 su tour por Europa.<\/p>\n<p>Fuente: www.warp.la<\/p>\n","protected":false},"excerpt":{"rendered":"<p>La banda inglesa Mumford &amp; Sons, anunci\u00f3 el lanzamiento de su segundo \u00e1lbum de estudio para el mes de septiembre. La noticia fue anunciada durante su actuaci\u00f3n el pasado fin de semana en el Pinkpop Music Festival en Holanda. Un Dj de la estaci\u00f3n de radio 3FM de dicho pa\u00eds, confirm\u00f3 que la fecha de [&hellip;]<\/p>\n","protected":false},"author":4,"featured_media":0,"comment_status":"open","ping_status":"open","sticky":false,"template":"","format":"standard","meta":{"_jetpack_memberships_contains_paid_content":false,"footnotes":""},"categories":[142],"tags":[],"class_list":["post-5479","post","type-post","status-publish","format-standard","hentry","category-buzznews"],"jetpack_featured_media_url":"","yoast_head":"<!-- This site is optimized with the Yoast SEO plugin v14.0.4 - https:\/\/yoast.com\/wordpress\/plugins\/seo\/ -->\n<title>Mumford &amp; Sons anuncia nuevo \u00e1lbum - OidosSucios.Com<\/title>\n<meta name=\"robots\" content=\"index, follow\" \/>\n<meta name=\"googlebot\" content=\"index, follow, max-snippet:-1, max-image-preview:large, max-video-preview:-1\" \/>\n<meta name=\"bingbot\" content=\"index, follow, max-snippet:-1, max-image-preview:large, max-video-preview:-1\" \/>\n<link rel=\"canonical\" href=\"https:\/\/www.oidossucios.com\/site\/mumford-sons-anuncia-nuevo-album\/\" \/>\n<meta property=\"og:locale\" content=\"es_ES\" \/>\n<meta property=\"og:type\" content=\"article\" \/>\n<meta property=\"og:title\" content=\"Mumford &amp; Sons anuncia nuevo \u00e1lbum - OidosSucios.Com\" \/>\n<meta property=\"og:description\" content=\"La banda inglesa Mumford &amp; Sons, anunci\u00f3 el lanzamiento de su segundo \u00e1lbum de estudio para el mes de septiembre. La noticia fue anunciada durante su actuaci\u00f3n el pasado fin de semana en el Pinkpop Music Festival en Holanda. Un Dj de la estaci\u00f3n de radio 3FM de dicho pa\u00eds, confirm\u00f3 que la fecha de [&hellip;]\" \/>\n<meta property=\"og:url\" content=\"https:\/\/www.oidossucios.com\/site\/mumford-sons-anuncia-nuevo-album\/\" \/>\n<meta property=\"og:site_name\" content=\"OidosSucios.Com\" \/>\n<meta property=\"article:published_time\" content=\"2012-05-29T05:57:00+00:00\" \/>\n<meta name=\"twitter:card\" content=\"summary_large_image\" \/>\n<meta name=\"twitter:creator\" content=\"@oidossucios\" \/>\n<script type=\"application\/ld+json\" class=\"yoast-schema-graph\">{\"@context\":\"https:\/\/schema.org\",\"@graph\":[{\"@type\":\"WebSite\",\"@id\":\"https:\/\/www.oidossucios.com\/site\/#website\",\"url\":\"https:\/\/www.oidossucios.com\/site\/\",\"name\":\"OidosSucios.Com\",\"description\":\"M\\u00fasica, conciertos, discos\",\"potentialAction\":[{\"@type\":\"SearchAction\",\"target\":\"https:\/\/www.oidossucios.com\/site\/?s={search_term_string}\",\"query-input\":\"required name=search_term_string\"}],\"inLanguage\":\"es\"},{\"@type\":\"WebPage\",\"@id\":\"https:\/\/www.oidossucios.com\/site\/mumford-sons-anuncia-nuevo-album\/#webpage\",\"url\":\"https:\/\/www.oidossucios.com\/site\/mumford-sons-anuncia-nuevo-album\/\",\"name\":\"Mumford &amp; Sons anuncia nuevo \\u00e1lbum - OidosSucios.Com\",\"isPartOf\":{\"@id\":\"https:\/\/www.oidossucios.com\/site\/#website\"},\"datePublished\":\"2012-05-29T05:57:00+00:00\",\"dateModified\":\"2012-05-29T05:57:00+00:00\",\"author\":{\"@id\":\"https:\/\/www.oidossucios.com\/site\/#\/schema\/person\/24559eeb76bf83a63296fb072393a688\"},\"inLanguage\":\"es\",\"potentialAction\":[{\"@type\":\"ReadAction\",\"target\":[\"https:\/\/www.oidossucios.com\/site\/mumford-sons-anuncia-nuevo-album\/\"]}]},{\"@type\":[\"Person\"],\"@id\":\"https:\/\/www.oidossucios.com\/site\/#\/schema\/person\/24559eeb76bf83a63296fb072393a688\",\"name\":\"Oidossucios\",\"image\":{\"@type\":\"ImageObject\",\"@id\":\"https:\/\/www.oidossucios.com\/site\/#personlogo\",\"inLanguage\":\"es\",\"url\":\"https:\/\/secure.gravatar.com\/avatar\/74fcb480f42f1a33e50a0b6e6369a3f907be2e43dc84fa5f76c66e9c22b4a5ab?s=96&d=mm&r=g\",\"caption\":\"Oidossucios\"},\"sameAs\":[\"https:\/\/twitter.com\/oidossucios\"]}]}<\/script>\n<!-- \/ Yoast SEO plugin. -->","jetpack_sharing_enabled":true,"_links":{"self":[{"href":"https:\/\/www.oidossucios.com\/site\/wp-json\/wp\/v2\/posts\/5479","targetHints":{"allow":["GET"]}}],"collection":[{"href":"https:\/\/www.oidossucios.com\/site\/wp-json\/wp\/v2\/posts"}],"about":[{"href":"https:\/\/www.oidossucios.com\/site\/wp-json\/wp\/v2\/types\/post"}],"author":[{"embeddable":true,"href":"https:\/\/www.oidossucios.com\/site\/wp-json\/wp\/v2\/users\/4"}],"replies":[{"embeddable":true,"href":"https:\/\/www.oidossucios.com\/site\/wp-json\/wp\/v2\/comments?post=5479"}],"version-history":[{"count":0,"href":"https:\/\/www.oidossucios.com\/site\/wp-json\/wp\/v2\/posts\/5479\/revisions"}],"wp:attachment":[{"href":"https:\/\/www.oidossucios.com\/site\/wp-json\/wp\/v2\/media?parent=5479"}],"wp:term":[{"taxonomy":"category","embeddable":true,"href":"https:\/\/www.oidossucios.com\/site\/wp-json\/wp\/v2\/categories?post=5479"},{"taxonomy":"post_tag","embeddable":true,"href":"https:\/\/www.oidossucios.com\/site\/wp-json\/wp\/v2\/tags?post=5479"}],"curies":[{"name":"wp","href":"https:\/\/api.w.org\/{rel}","templated":true}]}}