{"id":5487,"date":"2012-05-30T05:59:00","date_gmt":"2012-05-30T05:59:00","guid":{"rendered":"https:\/\/www.oidossucios.com\/site\/2012\/05\/30\/fordelucs-regresa-a-los-escenarios-en-junio\/"},"modified":"2012-05-30T05:59:00","modified_gmt":"2012-05-30T05:59:00","slug":"fordelucs-regresa-a-los-escenarios-en-junio","status":"publish","type":"post","link":"https:\/\/www.oidossucios.com\/site\/fordelucs-regresa-a-los-escenarios-en-junio\/","title":{"rendered":"Fordelucs regresa a los escenarios en Junio"},"content":{"rendered":"\n<p>La banda venezolana Fordelucs conformada por Jorge &nbsp;Romero (voz\/bajo), Jos\u00e9 Luis Castillo (voz\/guitarra), Giovanni Gulli (guitarra) y Dorian Mil\u00e1 (bater\u00eda) abandona la sala de ensayo para volver a las tarimas. As\u00ed&nbsp;&nbsp;lo anuncian en un video tipo parodia titulado &#8220;\u00bfQu\u00e9 pas\u00f3 con Fordelucs?&#8221;, colgado hace pocos d\u00edas en su canal de YouTube y comunicado a trav\u00e9s de su twitter @Fordelucs.<\/p>\n<p>Las primeras ciudades en confirmarse son Puerto La Cruz, Maracaibo, M\u00e9rida y Puerto Ordaz en el mes de Junio. La banda continuar\u00e1 agregando fechas a su agenda hasta finales de a\u00f1o cuando se concentrar\u00e1n en culminar la grabaci\u00f3n de su&nbsp;nueva&nbsp;producci\u00f3n&nbsp;discogr\u00e1fica pr\u00f3xima a salir&nbsp;en el 2013.&nbsp;<\/p>\n<p>La gira <i>Fotograma 2012<\/i> en su \u00faltima etapa, contar\u00e1 con una serie de variaciones dentro del repertorio, d\u00e1ndole una nueva perspectiva a sus temas.<\/p>\n<p><b>Agenda Junio:<\/b><\/p>\n<p>&nbsp;15\/06\/2012<\/p>\n<p>Puerto La Cruz<\/p>\n<p>Tibur\u00f3n Club &amp; Blues Bar<\/p>\n<p>&nbsp;<br \/>21\/06\/2012<\/p>\n<p>Maracaibo<\/p>\n<p>Bah\u00eda Rasta Bar<\/p>\n<p>&nbsp;<br \/>22\/06\/2012<\/p>\n<p>M\u00e9rida<\/p>\n<p>Garage Rock Bar<\/p>\n<p>&nbsp;<br \/>28\/06\/2012<\/p>\n<p>Puerto Ordaz<\/p>\n<p>Casa Bote mudados al Club Punta Vista<\/p>\n<p>&nbsp;<br \/>M\u00e1s info:&nbsp;<a target=\"_blank\" href=\"http:\/\/www.fordelucs.com\/\" rel=\"noopener noreferrer\">www.fordelucs.com<\/a>&nbsp;y @Fordelucs<\/p>\n","protected":false},"excerpt":{"rendered":"<p>La banda venezolana Fordelucs conformada por Jorge &nbsp;Romero (voz\/bajo), Jos\u00e9 Luis Castillo (voz\/guitarra), Giovanni Gulli (guitarra) y Dorian Mil\u00e1 (bater\u00eda) abandona la sala de ensayo para volver a las tarimas. As\u00ed&nbsp;&nbsp;lo anuncian en un video tipo parodia titulado &#8220;\u00bfQu\u00e9 pas\u00f3 con Fordelucs?&#8221;, colgado hace pocos d\u00edas en su canal de YouTube y comunicado a trav\u00e9s [&hellip;]<\/p>\n","protected":false},"author":4,"featured_media":0,"comment_status":"open","ping_status":"open","sticky":false,"template":"","format":"standard","meta":{"_jetpack_memberships_contains_paid_content":false,"footnotes":""},"categories":[142],"tags":[],"class_list":["post-5487","post","type-post","status-publish","format-standard","hentry","category-buzznews"],"jetpack_featured_media_url":"","yoast_head":"<!-- This site is optimized with the Yoast SEO plugin v14.0.4 - https:\/\/yoast.com\/wordpress\/plugins\/seo\/ -->\n<title>Fordelucs regresa a los escenarios en Junio - OidosSucios.Com<\/title>\n<meta name=\"robots\" content=\"index, follow\" \/>\n<meta name=\"googlebot\" content=\"index, follow, max-snippet:-1, max-image-preview:large, max-video-preview:-1\" \/>\n<meta name=\"bingbot\" content=\"index, follow, max-snippet:-1, max-image-preview:large, max-video-preview:-1\" \/>\n<link rel=\"canonical\" href=\"https:\/\/www.oidossucios.com\/site\/fordelucs-regresa-a-los-escenarios-en-junio\/\" \/>\n<meta property=\"og:locale\" content=\"es_ES\" \/>\n<meta property=\"og:type\" content=\"article\" \/>\n<meta property=\"og:title\" content=\"Fordelucs regresa a los escenarios en Junio - OidosSucios.Com\" \/>\n<meta property=\"og:description\" content=\"La banda venezolana Fordelucs conformada por Jorge &nbsp;Romero (voz\/bajo), Jos\u00e9 Luis Castillo (voz\/guitarra), Giovanni Gulli (guitarra) y Dorian Mil\u00e1 (bater\u00eda) abandona la sala de ensayo para volver a las tarimas. As\u00ed&nbsp;&nbsp;lo anuncian en un video tipo parodia titulado &#8220;\u00bfQu\u00e9 pas\u00f3 con Fordelucs?&#8221;, colgado hace pocos d\u00edas en su canal de YouTube y comunicado a trav\u00e9s [&hellip;]\" \/>\n<meta property=\"og:url\" content=\"https:\/\/www.oidossucios.com\/site\/fordelucs-regresa-a-los-escenarios-en-junio\/\" \/>\n<meta property=\"og:site_name\" content=\"OidosSucios.Com\" \/>\n<meta property=\"article:published_time\" content=\"2012-05-30T05:59:00+00:00\" \/>\n<meta name=\"twitter:card\" content=\"summary_large_image\" \/>\n<meta name=\"twitter:creator\" content=\"@oidossucios\" \/>\n<script type=\"application\/ld+json\" class=\"yoast-schema-graph\">{\"@context\":\"https:\/\/schema.org\",\"@graph\":[{\"@type\":\"WebSite\",\"@id\":\"https:\/\/www.oidossucios.com\/site\/#website\",\"url\":\"https:\/\/www.oidossucios.com\/site\/\",\"name\":\"OidosSucios.Com\",\"description\":\"M\\u00fasica, conciertos, discos\",\"potentialAction\":[{\"@type\":\"SearchAction\",\"target\":\"https:\/\/www.oidossucios.com\/site\/?s={search_term_string}\",\"query-input\":\"required name=search_term_string\"}],\"inLanguage\":\"es\"},{\"@type\":\"WebPage\",\"@id\":\"https:\/\/www.oidossucios.com\/site\/fordelucs-regresa-a-los-escenarios-en-junio\/#webpage\",\"url\":\"https:\/\/www.oidossucios.com\/site\/fordelucs-regresa-a-los-escenarios-en-junio\/\",\"name\":\"Fordelucs regresa a los escenarios en Junio - OidosSucios.Com\",\"isPartOf\":{\"@id\":\"https:\/\/www.oidossucios.com\/site\/#website\"},\"datePublished\":\"2012-05-30T05:59:00+00:00\",\"dateModified\":\"2012-05-30T05:59:00+00:00\",\"author\":{\"@id\":\"https:\/\/www.oidossucios.com\/site\/#\/schema\/person\/24559eeb76bf83a63296fb072393a688\"},\"inLanguage\":\"es\",\"potentialAction\":[{\"@type\":\"ReadAction\",\"target\":[\"https:\/\/www.oidossucios.com\/site\/fordelucs-regresa-a-los-escenarios-en-junio\/\"]}]},{\"@type\":[\"Person\"],\"@id\":\"https:\/\/www.oidossucios.com\/site\/#\/schema\/person\/24559eeb76bf83a63296fb072393a688\",\"name\":\"Oidossucios\",\"image\":{\"@type\":\"ImageObject\",\"@id\":\"https:\/\/www.oidossucios.com\/site\/#personlogo\",\"inLanguage\":\"es\",\"url\":\"https:\/\/secure.gravatar.com\/avatar\/74fcb480f42f1a33e50a0b6e6369a3f907be2e43dc84fa5f76c66e9c22b4a5ab?s=96&d=mm&r=g\",\"caption\":\"Oidossucios\"},\"sameAs\":[\"https:\/\/twitter.com\/oidossucios\"]}]}<\/script>\n<!-- \/ Yoast SEO plugin. -->","jetpack_sharing_enabled":true,"_links":{"self":[{"href":"https:\/\/www.oidossucios.com\/site\/wp-json\/wp\/v2\/posts\/5487","targetHints":{"allow":["GET"]}}],"collection":[{"href":"https:\/\/www.oidossucios.com\/site\/wp-json\/wp\/v2\/posts"}],"about":[{"href":"https:\/\/www.oidossucios.com\/site\/wp-json\/wp\/v2\/types\/post"}],"author":[{"embeddable":true,"href":"https:\/\/www.oidossucios.com\/site\/wp-json\/wp\/v2\/users\/4"}],"replies":[{"embeddable":true,"href":"https:\/\/www.oidossucios.com\/site\/wp-json\/wp\/v2\/comments?post=5487"}],"version-history":[{"count":0,"href":"https:\/\/www.oidossucios.com\/site\/wp-json\/wp\/v2\/posts\/5487\/revisions"}],"wp:attachment":[{"href":"https:\/\/www.oidossucios.com\/site\/wp-json\/wp\/v2\/media?parent=5487"}],"wp:term":[{"taxonomy":"category","embeddable":true,"href":"https:\/\/www.oidossucios.com\/site\/wp-json\/wp\/v2\/categories?post=5487"},{"taxonomy":"post_tag","embeddable":true,"href":"https:\/\/www.oidossucios.com\/site\/wp-json\/wp\/v2\/tags?post=5487"}],"curies":[{"name":"wp","href":"https:\/\/api.w.org\/{rel}","templated":true}]}}