{"id":55,"date":"2009-05-19T21:51:13","date_gmt":"2009-05-19T21:51:13","guid":{"rendered":"https:\/\/www.oidossucios.com\/site\/2009\/05\/19\/cantante-de-sigur-ros-hara-un-remix-de-depeche-mode\/"},"modified":"2009-05-19T21:51:13","modified_gmt":"2009-05-19T21:51:13","slug":"cantante-de-sigur-ros-hara-un-remix-de-depeche-mode","status":"publish","type":"post","link":"https:\/\/www.oidossucios.com\/site\/cantante-de-sigur-ros-hara-un-remix-de-depeche-mode\/","title":{"rendered":"Cantante de Sigur R\u00f3s har\u00e1 un remix de Depeche Mode"},"content":{"rendered":"<p><meta http-equiv=\"Content-Type\" content=\"text\/html; charset=utf-8\"><meta name=\"ProgId\" content=\"Word.Document\"><meta name=\"Generator\" content=\"Microsoft Word 12\"><meta name=\"Originator\" content=\"Microsoft Word 12\"><link rel=\"File-List\" href=\"file:\/\/\/C:%5CDOCUME%7E1%5CALEXAN%7E1%5CCONFIG%7E1%5CTemp%5Cmsohtmlclip1%5C01%5Cclip_filelist.xml\"><link rel=\"themeData\" href=\"file:\/\/\/C:%5CDOCUME%7E1%5CALEXAN%7E1%5CCONFIG%7E1%5CTemp%5Cmsohtmlclip1%5C01%5Cclip_themedata.thmx\"><link rel=\"colorSchemeMapping\" href=\"file:\/\/\/C:%5CDOCUME%7E1%5CALEXAN%7E1%5CCONFIG%7E1%5CTemp%5Cmsohtmlclip1%5C01%5Cclip_colorschememapping.xml\"><![endif]--><!--[if gte mso 10]> \n\n<style>  \/* Style Definitions *\/  table.MsoNormalTable \t{mso-style-name:\"Tabla normal\"; \tmso-tstyle-rowband-size:0; \tmso-tstyle-colband-size:0; \tmso-style-noshow:yes; \tmso-style-priority:99; \tmso-style-qformat:yes; \tmso-style-parent:\"\"; \tmso-padding-alt:0cm 5.4pt 0cm 5.4pt; \tmso-para-margin-top:0cm; \tmso-para-margin-right:0cm; \tmso-para-margin-bottom:10.0pt; \tmso-para-margin-left:0cm; \tline-height:115%; \tmso-pagination:widow-orphan; \tfont-size:11.0pt; \tfont-family:\"Calibri\",\"sans-serif\"; \tmso-ascii-font-family:Calibri; \tmso-ascii-theme-font:minor-latin; \tmso-fareast-font-family:\"Times New Roman\"; \tmso-fareast-theme-font:minor-fareast; \tmso-hansi-font-family:Calibri; \tmso-hansi-theme-font:minor-latin;} <\/style>\n\n <![endif]-->    <\/p>\n<p class=\"MsoNormal\">Depeche Mode ha creado m\u00fasica electr\u00f3nica desde hace m\u00e1s de veinticinco a\u00f1os, as\u00ed que son muchos los temas remix que les han dedicado. <span style=\"\">&nbsp;<\/span><\/p>\n<p class=\"MsoNormal\">Artistas desde Shep Pettibone, Paul van Dyk, Goldfrapp<span style=\"\">&nbsp; <\/span>DJ Shadow hasta Air les han dado un nuevo giro a las canciones de la banda inglesa, pero esta vez podr\u00eda resultar algo muy diferente a todo lo que ha salido anteriormente, ya que el encargado del remix ser\u00e1 el cantante de Sigur R\u00f3s.<\/p>\n","protected":false},"excerpt":{"rendered":"<p>El m\u00fasico de la banda islandesa de post-rock ser\u00e1 el encargado de darle un nuevo sonido a temas de la legendaria banda inglesa<\/p>\n","protected":false},"author":4,"featured_media":0,"comment_status":"open","ping_status":"open","sticky":false,"template":"","format":"standard","meta":{"_jetpack_memberships_contains_paid_content":false,"footnotes":""},"categories":[142],"tags":[],"class_list":["post-55","post","type-post","status-publish","format-standard","hentry","category-buzznews"],"jetpack_featured_media_url":"","yoast_head":"<!-- This site is optimized with the Yoast SEO plugin v14.0.4 - https:\/\/yoast.com\/wordpress\/plugins\/seo\/ -->\n<title>Cantante de Sigur R\u00f3s har\u00e1 un remix de Depeche Mode - OidosSucios.Com<\/title>\n<meta name=\"description\" content=\"El m\u00fasico de la banda islandesa de post-rock ser\u00e1 el encargado de darle un nuevo sonido a temas de la legendaria banda inglesa\" \/>\n<meta name=\"robots\" content=\"index, follow\" \/>\n<meta name=\"googlebot\" content=\"index, follow, max-snippet:-1, max-image-preview:large, max-video-preview:-1\" \/>\n<meta name=\"bingbot\" content=\"index, follow, max-snippet:-1, max-image-preview:large, max-video-preview:-1\" \/>\n<link rel=\"canonical\" href=\"https:\/\/www.oidossucios.com\/site\/cantante-de-sigur-ros-hara-un-remix-de-depeche-mode\/\" \/>\n<meta property=\"og:locale\" content=\"es_ES\" \/>\n<meta property=\"og:type\" content=\"article\" \/>\n<meta property=\"og:title\" content=\"Cantante de Sigur R\u00f3s har\u00e1 un remix de Depeche Mode - OidosSucios.Com\" \/>\n<meta property=\"og:description\" content=\"El m\u00fasico de la banda islandesa de post-rock ser\u00e1 el encargado de darle un nuevo sonido a temas de la legendaria banda inglesa\" \/>\n<meta property=\"og:url\" content=\"https:\/\/www.oidossucios.com\/site\/cantante-de-sigur-ros-hara-un-remix-de-depeche-mode\/\" \/>\n<meta property=\"og:site_name\" content=\"OidosSucios.Com\" \/>\n<meta property=\"article:published_time\" content=\"2009-05-19T21:51:13+00:00\" \/>\n<meta name=\"twitter:card\" content=\"summary_large_image\" \/>\n<meta name=\"twitter:creator\" content=\"@oidossucios\" \/>\n<script type=\"application\/ld+json\" class=\"yoast-schema-graph\">{\"@context\":\"https:\/\/schema.org\",\"@graph\":[{\"@type\":\"WebSite\",\"@id\":\"https:\/\/www.oidossucios.com\/site\/#website\",\"url\":\"https:\/\/www.oidossucios.com\/site\/\",\"name\":\"OidosSucios.Com\",\"description\":\"M\\u00fasica, conciertos, discos\",\"potentialAction\":[{\"@type\":\"SearchAction\",\"target\":\"https:\/\/www.oidossucios.com\/site\/?s={search_term_string}\",\"query-input\":\"required name=search_term_string\"}],\"inLanguage\":\"es\"},{\"@type\":\"WebPage\",\"@id\":\"https:\/\/www.oidossucios.com\/site\/cantante-de-sigur-ros-hara-un-remix-de-depeche-mode\/#webpage\",\"url\":\"https:\/\/www.oidossucios.com\/site\/cantante-de-sigur-ros-hara-un-remix-de-depeche-mode\/\",\"name\":\"Cantante de Sigur R\\u00f3s har\\u00e1 un remix de Depeche Mode - OidosSucios.Com\",\"isPartOf\":{\"@id\":\"https:\/\/www.oidossucios.com\/site\/#website\"},\"datePublished\":\"2009-05-19T21:51:13+00:00\",\"dateModified\":\"2009-05-19T21:51:13+00:00\",\"author\":{\"@id\":\"https:\/\/www.oidossucios.com\/site\/#\/schema\/person\/24559eeb76bf83a63296fb072393a688\"},\"description\":\"El m\\u00fasico de la banda islandesa de post-rock ser\\u00e1 el encargado de darle un nuevo sonido a temas de la legendaria banda inglesa\",\"inLanguage\":\"es\",\"potentialAction\":[{\"@type\":\"ReadAction\",\"target\":[\"https:\/\/www.oidossucios.com\/site\/cantante-de-sigur-ros-hara-un-remix-de-depeche-mode\/\"]}]},{\"@type\":[\"Person\"],\"@id\":\"https:\/\/www.oidossucios.com\/site\/#\/schema\/person\/24559eeb76bf83a63296fb072393a688\",\"name\":\"Oidossucios\",\"image\":{\"@type\":\"ImageObject\",\"@id\":\"https:\/\/www.oidossucios.com\/site\/#personlogo\",\"inLanguage\":\"es\",\"url\":\"https:\/\/secure.gravatar.com\/avatar\/74fcb480f42f1a33e50a0b6e6369a3f907be2e43dc84fa5f76c66e9c22b4a5ab?s=96&d=mm&r=g\",\"caption\":\"Oidossucios\"},\"sameAs\":[\"https:\/\/twitter.com\/oidossucios\"]}]}<\/script>\n<!-- \/ Yoast SEO plugin. -->","jetpack_sharing_enabled":true,"_links":{"self":[{"href":"https:\/\/www.oidossucios.com\/site\/wp-json\/wp\/v2\/posts\/55","targetHints":{"allow":["GET"]}}],"collection":[{"href":"https:\/\/www.oidossucios.com\/site\/wp-json\/wp\/v2\/posts"}],"about":[{"href":"https:\/\/www.oidossucios.com\/site\/wp-json\/wp\/v2\/types\/post"}],"author":[{"embeddable":true,"href":"https:\/\/www.oidossucios.com\/site\/wp-json\/wp\/v2\/users\/4"}],"replies":[{"embeddable":true,"href":"https:\/\/www.oidossucios.com\/site\/wp-json\/wp\/v2\/comments?post=55"}],"version-history":[{"count":0,"href":"https:\/\/www.oidossucios.com\/site\/wp-json\/wp\/v2\/posts\/55\/revisions"}],"wp:attachment":[{"href":"https:\/\/www.oidossucios.com\/site\/wp-json\/wp\/v2\/media?parent=55"}],"wp:term":[{"taxonomy":"category","embeddable":true,"href":"https:\/\/www.oidossucios.com\/site\/wp-json\/wp\/v2\/categories?post=55"},{"taxonomy":"post_tag","embeddable":true,"href":"https:\/\/www.oidossucios.com\/site\/wp-json\/wp\/v2\/tags?post=55"}],"curies":[{"name":"wp","href":"https:\/\/api.w.org\/{rel}","templated":true}]}}