{"id":5503,"date":"2012-06-01T17:04:00","date_gmt":"2012-06-01T17:04:00","guid":{"rendered":"https:\/\/www.oidossucios.com\/site\/2012\/06\/01\/turbo-soul-estrena-video-recopilatorio-de-su-sencillo-la-isla\/"},"modified":"2012-06-01T17:04:00","modified_gmt":"2012-06-01T17:04:00","slug":"turbo-soul-estrena-video-recopilatorio-de-su-sencillo-la-isla","status":"publish","type":"post","link":"https:\/\/www.oidossucios.com\/site\/turbo-soul-estrena-video-recopilatorio-de-su-sencillo-la-isla\/","title":{"rendered":"Turbo Soul estrena video recopilatorio de su sencillo &quot;La Isla&quot;"},"content":{"rendered":"\n<p>La agrupaci\u00f3n&nbsp;Turbo Soul, conformada por Gabriel Rivas (voz), Marcial Rodr\u00edguez (guitarra), Samuel S\u00e1nchez (guitarra), Daniel &#8220;Cheky&#8221; Jelinek (bater\u00eda), Omar Oses (bajo) y Zadkiel Zerpa (saxo) lanz\u00f3 un video recopilatorio de su tema&nbsp;&#8220;La Isla&#8221;, lanzado hace dos meses a trav\u00e9s de un live-streaming en la p\u00e1gina web&nbsp;<a target=\"_blank\" href=\"http:\/\/www.keeprockingvenezuela.com\/\" rel=\"noopener noreferrer\">www.keeprockingvenezuela.com<\/a>, en el que hacen un recuento mediante im\u00e1genes de lo que han sido los primeros pasos de la banda.<\/p>\n<p>El video muestra im\u00e1genes tomadas por amigos de la banda de ensayos, reuniones, paseos a la playa y el making off de su sesi\u00f3n de fotos con la emergente fot\u00f3grafa Martha Checkosnovonsky (quien ha salido reconocida con grandes honores del Festival Iluminarios de las Artes en pasadas ediciones). <\/p>\n<p>La banda se encuentra finalizando su&nbsp;EP, a\u00fan sin nombre, en los estudios AR Records con el productor Alejandro Rojas.&nbsp;<\/p>\n<p>En los pr\u00f3ximos d\u00edas, la banda ir\u00e1 subiendo a su canal de Youtube&nbsp;<a target=\"_blank\" href=\"http:\/\/www.youtube.com\/user\/TurboSoulOfficial\" rel=\"noopener noreferrer\">http:\/\/www.youtube.com\/user\/TurboSoulOfficial<\/a>&nbsp;unos&nbsp;video diaries&nbsp;que documentan el trabajo de la banda los \u00faltimos meses, su primer show en el marco del Off Road 2012 en Valencia y pronto estrenar\u00e1n su primer video oficial del que solo han revelado que ya est\u00e1 grabado y se encuentra en proceso de edici\u00f3n.&nbsp;<\/p>\n<p>Para descargar&nbsp;&#8220;La Isla&#8221;, el primer promocional de Turbo Soul, <a href=\"http:\/\/www.mediafire.com\/?caawyylvkkq6lkf\">haz click aqu\u00ed.<\/p>\n<p><\/a>M\u00e1s info:<\/p>\n<p>&#8211; Twitter:&nbsp;<a target=\"_blank\" title=\"https:\/\/twitter.com\/turbosoul_\" href=\"https:\/\/twitter.com\/turbosoul\" rel=\"noopener noreferrer\">https:\/\/twitter.com\/turbosoul<\/a><br \/>&#8211; Facebook:&nbsp;<a target=\"_blank\" title=\"http:\/\/www.facebook.com\/turbosoulmusic\" href=\"http:\/\/www.facebook.com\/turbosoulmusic\" rel=\"noopener noreferrer\">http:\/\/www.facebook.com\/turbosoulmusic<\/a><br \/>&#8211; Soundcloud:&nbsp;<a target=\"_blank\" title=\"http:\/\/soundcloud.com\/turbosoulmusic\" href=\"http:\/\/soundcloud.com\/turbosoulmusic\" rel=\"noopener noreferrer\">http:\/\/soundcloud.com\/turbosoulmusic<\/a><br \/>&#8211; P\u00e1gina web:&nbsp;<a target=\"_blank\" href=\"http:\/\/www.turbosoul.co.nr\/\" rel=\"noopener noreferrer\">http:\/\/www.turbosoul.co.nr\/<\/a><\/p>\n","protected":false},"excerpt":{"rendered":"<p>La agrupaci\u00f3n&nbsp;Turbo Soul, conformada por Gabriel Rivas (voz), Marcial Rodr\u00edguez (guitarra), Samuel S\u00e1nchez (guitarra), Daniel &#8220;Cheky&#8221; Jelinek (bater\u00eda), Omar Oses (bajo) y Zadkiel Zerpa (saxo) lanz\u00f3 un video recopilatorio de su tema&nbsp;&#8220;La Isla&#8221;, lanzado hace dos meses a trav\u00e9s de un live-streaming en la p\u00e1gina web&nbsp;www.keeprockingvenezuela.com, en el que hacen un recuento mediante im\u00e1genes de [&hellip;]<\/p>\n","protected":false},"author":4,"featured_media":0,"comment_status":"open","ping_status":"open","sticky":false,"template":"","format":"standard","meta":{"_jetpack_memberships_contains_paid_content":false,"footnotes":""},"categories":[142],"tags":[],"class_list":["post-5503","post","type-post","status-publish","format-standard","hentry","category-buzznews"],"jetpack_featured_media_url":"","yoast_head":"<!-- This site is optimized with the Yoast SEO plugin v14.0.4 - https:\/\/yoast.com\/wordpress\/plugins\/seo\/ -->\n<title>Turbo Soul estrena video recopilatorio de su sencillo &quot;La Isla&quot; - OidosSucios.Com<\/title>\n<meta name=\"robots\" content=\"index, follow\" \/>\n<meta name=\"googlebot\" content=\"index, follow, max-snippet:-1, max-image-preview:large, max-video-preview:-1\" \/>\n<meta name=\"bingbot\" content=\"index, follow, max-snippet:-1, max-image-preview:large, max-video-preview:-1\" \/>\n<link rel=\"canonical\" href=\"https:\/\/www.oidossucios.com\/site\/turbo-soul-estrena-video-recopilatorio-de-su-sencillo-la-isla\/\" \/>\n<meta property=\"og:locale\" content=\"es_ES\" \/>\n<meta property=\"og:type\" content=\"article\" \/>\n<meta property=\"og:title\" content=\"Turbo Soul estrena video recopilatorio de su sencillo &quot;La Isla&quot; - OidosSucios.Com\" \/>\n<meta property=\"og:description\" content=\"La agrupaci\u00f3n&nbsp;Turbo Soul, conformada por Gabriel Rivas (voz), Marcial Rodr\u00edguez (guitarra), Samuel S\u00e1nchez (guitarra), Daniel &#8220;Cheky&#8221; Jelinek (bater\u00eda), Omar Oses (bajo) y Zadkiel Zerpa (saxo) lanz\u00f3 un video recopilatorio de su tema&nbsp;&#8220;La Isla&#8221;, lanzado hace dos meses a trav\u00e9s de un live-streaming en la p\u00e1gina web&nbsp;www.keeprockingvenezuela.com, en el que hacen un recuento mediante im\u00e1genes de [&hellip;]\" \/>\n<meta property=\"og:url\" content=\"https:\/\/www.oidossucios.com\/site\/turbo-soul-estrena-video-recopilatorio-de-su-sencillo-la-isla\/\" \/>\n<meta property=\"og:site_name\" content=\"OidosSucios.Com\" \/>\n<meta property=\"article:published_time\" content=\"2012-06-01T17:04:00+00:00\" \/>\n<meta name=\"twitter:card\" content=\"summary_large_image\" \/>\n<meta name=\"twitter:creator\" content=\"@oidossucios\" \/>\n<script type=\"application\/ld+json\" class=\"yoast-schema-graph\">{\"@context\":\"https:\/\/schema.org\",\"@graph\":[{\"@type\":\"WebSite\",\"@id\":\"https:\/\/www.oidossucios.com\/site\/#website\",\"url\":\"https:\/\/www.oidossucios.com\/site\/\",\"name\":\"OidosSucios.Com\",\"description\":\"M\\u00fasica, conciertos, discos\",\"potentialAction\":[{\"@type\":\"SearchAction\",\"target\":\"https:\/\/www.oidossucios.com\/site\/?s={search_term_string}\",\"query-input\":\"required name=search_term_string\"}],\"inLanguage\":\"es\"},{\"@type\":\"WebPage\",\"@id\":\"https:\/\/www.oidossucios.com\/site\/turbo-soul-estrena-video-recopilatorio-de-su-sencillo-la-isla\/#webpage\",\"url\":\"https:\/\/www.oidossucios.com\/site\/turbo-soul-estrena-video-recopilatorio-de-su-sencillo-la-isla\/\",\"name\":\"Turbo Soul estrena video recopilatorio de su sencillo &quot;La Isla&quot; - OidosSucios.Com\",\"isPartOf\":{\"@id\":\"https:\/\/www.oidossucios.com\/site\/#website\"},\"datePublished\":\"2012-06-01T17:04:00+00:00\",\"dateModified\":\"2012-06-01T17:04:00+00:00\",\"author\":{\"@id\":\"https:\/\/www.oidossucios.com\/site\/#\/schema\/person\/24559eeb76bf83a63296fb072393a688\"},\"inLanguage\":\"es\",\"potentialAction\":[{\"@type\":\"ReadAction\",\"target\":[\"https:\/\/www.oidossucios.com\/site\/turbo-soul-estrena-video-recopilatorio-de-su-sencillo-la-isla\/\"]}]},{\"@type\":[\"Person\"],\"@id\":\"https:\/\/www.oidossucios.com\/site\/#\/schema\/person\/24559eeb76bf83a63296fb072393a688\",\"name\":\"Oidossucios\",\"image\":{\"@type\":\"ImageObject\",\"@id\":\"https:\/\/www.oidossucios.com\/site\/#personlogo\",\"inLanguage\":\"es\",\"url\":\"https:\/\/secure.gravatar.com\/avatar\/74fcb480f42f1a33e50a0b6e6369a3f907be2e43dc84fa5f76c66e9c22b4a5ab?s=96&d=mm&r=g\",\"caption\":\"Oidossucios\"},\"sameAs\":[\"https:\/\/twitter.com\/oidossucios\"]}]}<\/script>\n<!-- \/ Yoast SEO plugin. -->","jetpack_sharing_enabled":true,"_links":{"self":[{"href":"https:\/\/www.oidossucios.com\/site\/wp-json\/wp\/v2\/posts\/5503","targetHints":{"allow":["GET"]}}],"collection":[{"href":"https:\/\/www.oidossucios.com\/site\/wp-json\/wp\/v2\/posts"}],"about":[{"href":"https:\/\/www.oidossucios.com\/site\/wp-json\/wp\/v2\/types\/post"}],"author":[{"embeddable":true,"href":"https:\/\/www.oidossucios.com\/site\/wp-json\/wp\/v2\/users\/4"}],"replies":[{"embeddable":true,"href":"https:\/\/www.oidossucios.com\/site\/wp-json\/wp\/v2\/comments?post=5503"}],"version-history":[{"count":0,"href":"https:\/\/www.oidossucios.com\/site\/wp-json\/wp\/v2\/posts\/5503\/revisions"}],"wp:attachment":[{"href":"https:\/\/www.oidossucios.com\/site\/wp-json\/wp\/v2\/media?parent=5503"}],"wp:term":[{"taxonomy":"category","embeddable":true,"href":"https:\/\/www.oidossucios.com\/site\/wp-json\/wp\/v2\/categories?post=5503"},{"taxonomy":"post_tag","embeddable":true,"href":"https:\/\/www.oidossucios.com\/site\/wp-json\/wp\/v2\/tags?post=5503"}],"curies":[{"name":"wp","href":"https:\/\/api.w.org\/{rel}","templated":true}]}}