{"id":5511,"date":"2012-06-04T17:55:00","date_gmt":"2012-06-04T17:55:00","guid":{"rendered":"https:\/\/www.oidossucios.com\/site\/2012\/06\/04\/video-johnny-depp-y-the-black-keys-juntos-en-tarima\/"},"modified":"2012-06-04T17:55:00","modified_gmt":"2012-06-04T17:55:00","slug":"video-johnny-depp-y-the-black-keys-juntos-en-tarima","status":"publish","type":"post","link":"https:\/\/www.oidossucios.com\/site\/video-johnny-depp-y-the-black-keys-juntos-en-tarima\/","title":{"rendered":"Video: Johnny Depp y The Black Keys juntos en tarima"},"content":{"rendered":"<p>Por <\/p>\n<p>Ayer domingo 3 de junio, el actor Johnny Depp&nbsp;se puso encima su guitarra y se uni\u00f3&nbsp;en tarima junto a&nbsp;The Black Keys&nbsp;para tocar un par de canciones, justo antes de recibir un premio honor\u00edfico por su carrera, que e entregaron Steven Tyler y Joe Perry de Aerosmith.<\/p>\n<p>Todo esto sucedi\u00f3 en la gala de los MTV Movie Awards celebrada en Los \u00c1ngeles, donde el \u00e1ctor fue galardonado con el premio MTV Generation Awards. Momento que el actor aprovech\u00f3 para tocar junto al d\u00fao y su banda, los temas&nbsp;&#8220;Lonely Boy&#8221; y&nbsp;&#8220;Gold On The Ceiling&#8221;.<\/p>\n<p>Esta no es la primera vez que Depp muestra sus dotes como m\u00fasico y guitarrista. Ya lo ha hecho con sus amigos&nbsp;Marilyn Manson&nbsp;y Keith Richards.<\/p>\n<p>Aqu\u00ed los videos:<\/p>\n<p>&nbsp;<\/p>\n<div style=\"background-color: rgb(0, 0, 0); width: 520px; \">\n<div style=\"padding: 4px; \"><iframe loading=\"lazy\" width=\"512\" height=\"288\" frameborder=\"0\" src=\"http:\/\/media.mtvnservices.com\/mgid:uma:video:mtv.com:785877\/cp~id%3D1686010%26vid%3D785877%26instance%3Dmtv%26uri%3Dmgid%3Auma%3Avideo%3Amtv.com%3A785877\"><\/iframe>     <\/p>\n<p style=\"text-align: left; background-color: rgb(255, 255, 255); padding: 4px; margin-top: 4px; margin-bottom: 0px; font-family: Arial, Helvetica, sans-serif; font-size: 12px; \">Get More: <a target=\"_blank\" style=\"color: rgb(67, 156, 216); \" href=\"http:\/\/www.mtv.com\/videos\/misc\/785877\/the-black-keys-gold-on-the-ceiling-featuring-johnny-depp-live.jhtml#id=1686010&amp;vid=785877\" rel=\"noopener noreferrer\">The Black Keys &#8211; Gold on the Ceiling featuring Johnny Depp (Live)<\/a>, <a target=\"_blank\" style=\"color: rgb(67, 156, 216); \" href=\"http:\/\/www.mtv.com\/music\/\" rel=\"noopener noreferrer\">Music<\/a>, <a target=\"_blank\" style=\"color: rgb(67, 156, 216); \" href=\"http:\/\/www.mtv.com\/music\/video\/\" rel=\"noopener noreferrer\">More Music Videos<\/a><\/p>\n<\/p><\/div>\n<\/p><\/div>\n<p>&nbsp;<\/p>\n<p>&nbsp;<\/p>\n<div style=\"background-color: rgb(0, 0, 0); width: 520px; \">\n<div style=\"padding: 4px; \"><iframe loading=\"lazy\" width=\"512\" height=\"288\" frameborder=\"0\" src=\"http:\/\/media.mtvnservices.com\/mgid:uma:video:mtv.com:787239\/cp~id%3D1686010%26vid%3D787239%26instance%3Dmtv%26uri%3Dmgid%3Auma%3Avideo%3Amtv.com%3A787239\"><\/iframe>     <\/p>\n<p style=\"text-align: left; background-color: rgb(255, 255, 255); padding: 4px; margin-top: 4px; margin-bottom: 0px; font-family: Arial, Helvetica, sans-serif; font-size: 12px; \">Get More: <a target=\"_blank\" style=\"color: rgb(67, 156, 216); \" href=\"http:\/\/www.mtv.com\/ontv\/movieawards\/2012\/\" rel=\"noopener noreferrer\">2012 Movie Awards<\/a>, <a target=\"_blank\" style=\"color: rgb(67, 156, 216); \" href=\"http:\/\/www.mtv.com\/movies\/\" rel=\"noopener noreferrer\">New Movies<\/a><\/p>\n<\/p><\/div>\n<\/p><\/div>\n<p>&nbsp;<\/p>\n<p>&nbsp;<\/p>\n<div style=\"background-color: rgb(0, 0, 0); width: 520px; \">\n<div style=\"padding: 4px; \"><iframe loading=\"lazy\" width=\"512\" height=\"288\" frameborder=\"0\" src=\"http:\/\/media.mtvnservices.com\/mgid:uma:video:mtv.com:787600\/cp~id%3D1686010%26vid%3D787600%26instance%3Dmtv%26uri%3Dmgid%3Auma%3Avideo%3Amtv.com%3A787600\"><\/iframe>     <\/p>\n<p style=\"text-align: left; background-color: rgb(255, 255, 255); padding: 4px; margin-top: 4px; margin-bottom: 0px; font-family: Arial, Helvetica, sans-serif; font-size: 12px; \">Get More: <a target=\"_blank\" style=\"color: rgb(67, 156, 216); \" href=\"http:\/\/www.mtv.com\/videos\/misc\/787600\/the-black-keys-lonely-boy-featuring-johnny-depp-live.jhtml#id=1686010&amp;vid=787600\" rel=\"noopener noreferrer\">The Black Keys &#8211; Lonely Boy featuring Johnny Depp (Live)<\/a>, <a target=\"_blank\" style=\"color: rgb(67, 156, 216); \" href=\"http:\/\/www.mtv.com\/music\/\" rel=\"noopener noreferrer\">Music<\/a>, <a target=\"_blank\" style=\"color: rgb(67, 156, 216); \" href=\"http:\/\/www.mtv.com\/music\/video\/\" rel=\"noopener noreferrer\">More Music Videos<\/a><\/p>\n<\/p><\/div>\n<\/p><\/div>\n<p>&nbsp;<\/p>\n","protected":false},"excerpt":{"rendered":"<p>El actor se uni\u00f3 al d\u00fao en la tarima de los MTV Movie Awards para tocar dos canciones antes de recibir un premio honor\u00edfico por su carrera.<\/p>\n","protected":false},"author":4,"featured_media":100005511,"comment_status":"open","ping_status":"open","sticky":false,"template":"","format":"standard","meta":{"_jetpack_memberships_contains_paid_content":false,"footnotes":""},"categories":[685],"tags":[],"class_list":["post-5511","post","type-post","status-publish","format-standard","has-post-thumbnail","hentry","category-ultima"],"jetpack_featured_media_url":"https:\/\/www.oidossucios.com\/site\/wp-content\/uploads\/2012\/06\/5511.jpg","yoast_head":"<!-- This site is optimized with the Yoast SEO plugin v14.0.4 - https:\/\/yoast.com\/wordpress\/plugins\/seo\/ -->\n<title>Video: Johnny Depp y The Black Keys juntos en tarima - OidosSucios.Com<\/title>\n<meta name=\"description\" content=\"El actor se uni\u00f3 al d\u00fao en la tarima de los MTV Movie Awards para tocar dos canciones antes de recibir un premio honor\u00edfico por su carrera.\" \/>\n<meta name=\"robots\" content=\"index, follow\" \/>\n<meta name=\"googlebot\" content=\"index, follow, max-snippet:-1, max-image-preview:large, max-video-preview:-1\" \/>\n<meta name=\"bingbot\" content=\"index, follow, max-snippet:-1, max-image-preview:large, max-video-preview:-1\" \/>\n<link rel=\"canonical\" href=\"https:\/\/www.oidossucios.com\/site\/video-johnny-depp-y-the-black-keys-juntos-en-tarima\/\" \/>\n<meta property=\"og:locale\" content=\"es_ES\" \/>\n<meta property=\"og:type\" content=\"article\" \/>\n<meta property=\"og:title\" content=\"Video: Johnny Depp y The Black Keys juntos en tarima - OidosSucios.Com\" \/>\n<meta property=\"og:description\" content=\"El actor se uni\u00f3 al d\u00fao en la tarima de los MTV Movie Awards para tocar dos canciones antes de recibir un premio honor\u00edfico por su carrera.\" \/>\n<meta property=\"og:url\" content=\"https:\/\/www.oidossucios.com\/site\/video-johnny-depp-y-the-black-keys-juntos-en-tarima\/\" \/>\n<meta property=\"og:site_name\" content=\"OidosSucios.Com\" \/>\n<meta property=\"article:published_time\" content=\"2012-06-04T17:55:00+00:00\" \/>\n<meta property=\"og:image\" content=\"https:\/\/www.oidossucios.com\/site\/wp-content\/uploads\/2012\/06\/5511.jpg\" \/>\n\t<meta property=\"og:image:width\" content=\"350\" \/>\n\t<meta property=\"og:image:height\" content=\"300\" \/>\n<meta name=\"twitter:card\" content=\"summary_large_image\" \/>\n<meta name=\"twitter:creator\" content=\"@oidossucios\" \/>\n<script type=\"application\/ld+json\" class=\"yoast-schema-graph\">{\"@context\":\"https:\/\/schema.org\",\"@graph\":[{\"@type\":\"WebSite\",\"@id\":\"https:\/\/www.oidossucios.com\/site\/#website\",\"url\":\"https:\/\/www.oidossucios.com\/site\/\",\"name\":\"OidosSucios.Com\",\"description\":\"M\\u00fasica, conciertos, discos\",\"potentialAction\":[{\"@type\":\"SearchAction\",\"target\":\"https:\/\/www.oidossucios.com\/site\/?s={search_term_string}\",\"query-input\":\"required name=search_term_string\"}],\"inLanguage\":\"es\"},{\"@type\":\"ImageObject\",\"@id\":\"https:\/\/www.oidossucios.com\/site\/video-johnny-depp-y-the-black-keys-juntos-en-tarima\/#primaryimage\",\"inLanguage\":\"es\",\"url\":\"https:\/\/www.oidossucios.com\/site\/wp-content\/uploads\/2012\/06\/5511.jpg\",\"width\":350,\"height\":300},{\"@type\":\"WebPage\",\"@id\":\"https:\/\/www.oidossucios.com\/site\/video-johnny-depp-y-the-black-keys-juntos-en-tarima\/#webpage\",\"url\":\"https:\/\/www.oidossucios.com\/site\/video-johnny-depp-y-the-black-keys-juntos-en-tarima\/\",\"name\":\"Video: Johnny Depp y The Black Keys juntos en tarima - OidosSucios.Com\",\"isPartOf\":{\"@id\":\"https:\/\/www.oidossucios.com\/site\/#website\"},\"primaryImageOfPage\":{\"@id\":\"https:\/\/www.oidossucios.com\/site\/video-johnny-depp-y-the-black-keys-juntos-en-tarima\/#primaryimage\"},\"datePublished\":\"2012-06-04T17:55:00+00:00\",\"dateModified\":\"2012-06-04T17:55:00+00:00\",\"author\":{\"@id\":\"https:\/\/www.oidossucios.com\/site\/#\/schema\/person\/24559eeb76bf83a63296fb072393a688\"},\"description\":\"El actor se uni\\u00f3 al d\\u00fao en la tarima de los MTV Movie Awards para tocar dos canciones antes de recibir un premio honor\\u00edfico por su carrera.\",\"inLanguage\":\"es\",\"potentialAction\":[{\"@type\":\"ReadAction\",\"target\":[\"https:\/\/www.oidossucios.com\/site\/video-johnny-depp-y-the-black-keys-juntos-en-tarima\/\"]}]},{\"@type\":[\"Person\"],\"@id\":\"https:\/\/www.oidossucios.com\/site\/#\/schema\/person\/24559eeb76bf83a63296fb072393a688\",\"name\":\"Oidossucios\",\"image\":{\"@type\":\"ImageObject\",\"@id\":\"https:\/\/www.oidossucios.com\/site\/#personlogo\",\"inLanguage\":\"es\",\"url\":\"https:\/\/secure.gravatar.com\/avatar\/74fcb480f42f1a33e50a0b6e6369a3f907be2e43dc84fa5f76c66e9c22b4a5ab?s=96&d=mm&r=g\",\"caption\":\"Oidossucios\"},\"sameAs\":[\"https:\/\/twitter.com\/oidossucios\"]}]}<\/script>\n<!-- \/ Yoast SEO plugin. -->","jetpack_sharing_enabled":true,"_links":{"self":[{"href":"https:\/\/www.oidossucios.com\/site\/wp-json\/wp\/v2\/posts\/5511","targetHints":{"allow":["GET"]}}],"collection":[{"href":"https:\/\/www.oidossucios.com\/site\/wp-json\/wp\/v2\/posts"}],"about":[{"href":"https:\/\/www.oidossucios.com\/site\/wp-json\/wp\/v2\/types\/post"}],"author":[{"embeddable":true,"href":"https:\/\/www.oidossucios.com\/site\/wp-json\/wp\/v2\/users\/4"}],"replies":[{"embeddable":true,"href":"https:\/\/www.oidossucios.com\/site\/wp-json\/wp\/v2\/comments?post=5511"}],"version-history":[{"count":0,"href":"https:\/\/www.oidossucios.com\/site\/wp-json\/wp\/v2\/posts\/5511\/revisions"}],"wp:featuredmedia":[{"embeddable":true,"href":"https:\/\/www.oidossucios.com\/site\/wp-json\/wp\/v2\/media\/100005511"}],"wp:attachment":[{"href":"https:\/\/www.oidossucios.com\/site\/wp-json\/wp\/v2\/media?parent=5511"}],"wp:term":[{"taxonomy":"category","embeddable":true,"href":"https:\/\/www.oidossucios.com\/site\/wp-json\/wp\/v2\/categories?post=5511"},{"taxonomy":"post_tag","embeddable":true,"href":"https:\/\/www.oidossucios.com\/site\/wp-json\/wp\/v2\/tags?post=5511"}],"curies":[{"name":"wp","href":"https:\/\/api.w.org\/{rel}","templated":true}]}}