{"id":553,"date":"2002-03-14T13:46:00","date_gmt":"2002-03-14T13:46:00","guid":{"rendered":"https:\/\/www.oidossucios.com\/site\/2002\/03\/14\/candy-66-listo-para-estrenarse-en-el-pop-festival\/"},"modified":"2002-03-14T13:46:00","modified_gmt":"2002-03-14T13:46:00","slug":"candy-66-listo-para-estrenarse-en-el-pop-festival","status":"publish","type":"post","link":"https:\/\/www.oidossucios.com\/site\/candy-66-listo-para-estrenarse-en-el-pop-festival\/","title":{"rendered":"Candy 66 listo para estrenarse en el Pop Festival"},"content":{"rendered":"<p>Candy 66 cumplir\u00e1 hoy el sue\u00f1o de su creciente grupo de fans que llenaron de cartas y llamadas a los organizadores del Caracas Pop Festival para incluirlos en el cartel del evento.<\/p>\n<p>La banda metalera venezolana se encuentra ahorita en proceso de promoci\u00f3n de P.O.P., su opera prima que sali\u00f3 reeditado el mes pasado a trav\u00e9s de Latin World. El set de 40 minutos de la banda ser\u00e1 el siguiente:<\/p>\n<p>Lo que me hace as\u00ed<br \/>Tema 1<br \/>Cerbatana<br \/>Mira las sombras<br \/>Sorpresa<br \/>Arco<br \/>Madre<br \/>Burrera<br \/>Solo<\/p>\n<p>El tema &#8216;Solo&#8217;, primer sencillo promocional del disco, se encuentra en estos momentos en el puesto 16 en Rock del Record Report de radios.<\/p>\n","protected":false},"excerpt":{"rendered":"<p>La banda metalera venezolana se estrenar\u00e1 hoy ante las multitudes abri\u00e9ndole a Korn y Papa Roach. Su set de 40 minutos ya esta listo.<\/p>\n","protected":false},"author":4,"featured_media":0,"comment_status":"open","ping_status":"open","sticky":false,"template":"","format":"standard","meta":{"_jetpack_memberships_contains_paid_content":false,"footnotes":""},"categories":[250],"tags":[],"class_list":["post-553","post","type-post","status-publish","format-standard","hentry","category-noticias"],"jetpack_featured_media_url":"","yoast_head":"<!-- This site is optimized with the Yoast SEO plugin v14.0.4 - https:\/\/yoast.com\/wordpress\/plugins\/seo\/ -->\n<title>Candy 66 listo para estrenarse en el Pop Festival - OidosSucios.Com<\/title>\n<meta name=\"description\" content=\"Seg\u00fan public\u00f3 El Universal, a finales de marzo el rockero argentino podr\u00e1 realizar la gira venezolana que hab\u00eda suspendido en diciembre. El colombiano Juanes los acompa\u00f1ar\u00e1 en sus presentaciones.\" \/>\n<meta name=\"robots\" content=\"index, follow\" \/>\n<meta name=\"googlebot\" content=\"index, follow, max-snippet:-1, max-image-preview:large, max-video-preview:-1\" \/>\n<meta name=\"bingbot\" content=\"index, follow, max-snippet:-1, max-image-preview:large, max-video-preview:-1\" \/>\n<link rel=\"canonical\" href=\"https:\/\/www.oidossucios.com\/site\/candy-66-listo-para-estrenarse-en-el-pop-festival\/\" \/>\n<meta property=\"og:locale\" content=\"es_ES\" \/>\n<meta property=\"og:type\" content=\"article\" \/>\n<meta property=\"og:title\" content=\"Candy 66 listo para estrenarse en el Pop Festival - OidosSucios.Com\" \/>\n<meta property=\"og:description\" content=\"Seg\u00fan public\u00f3 El Universal, a finales de marzo el rockero argentino podr\u00e1 realizar la gira venezolana que hab\u00eda suspendido en diciembre. El colombiano Juanes los acompa\u00f1ar\u00e1 en sus presentaciones.\" \/>\n<meta property=\"og:url\" content=\"https:\/\/www.oidossucios.com\/site\/candy-66-listo-para-estrenarse-en-el-pop-festival\/\" \/>\n<meta property=\"og:site_name\" content=\"OidosSucios.Com\" \/>\n<meta property=\"article:published_time\" content=\"2002-03-14T13:46:00+00:00\" \/>\n<meta name=\"twitter:card\" content=\"summary_large_image\" \/>\n<meta name=\"twitter:creator\" content=\"@oidossucios\" \/>\n<script type=\"application\/ld+json\" class=\"yoast-schema-graph\">{\"@context\":\"https:\/\/schema.org\",\"@graph\":[{\"@type\":\"WebSite\",\"@id\":\"https:\/\/www.oidossucios.com\/site\/#website\",\"url\":\"https:\/\/www.oidossucios.com\/site\/\",\"name\":\"OidosSucios.Com\",\"description\":\"M\\u00fasica, conciertos, discos\",\"potentialAction\":[{\"@type\":\"SearchAction\",\"target\":\"https:\/\/www.oidossucios.com\/site\/?s={search_term_string}\",\"query-input\":\"required name=search_term_string\"}],\"inLanguage\":\"es\"},{\"@type\":\"WebPage\",\"@id\":\"https:\/\/www.oidossucios.com\/site\/candy-66-listo-para-estrenarse-en-el-pop-festival\/#webpage\",\"url\":\"https:\/\/www.oidossucios.com\/site\/candy-66-listo-para-estrenarse-en-el-pop-festival\/\",\"name\":\"Candy 66 listo para estrenarse en el Pop Festival - OidosSucios.Com\",\"isPartOf\":{\"@id\":\"https:\/\/www.oidossucios.com\/site\/#website\"},\"datePublished\":\"2002-03-14T13:46:00+00:00\",\"dateModified\":\"2002-03-14T13:46:00+00:00\",\"author\":{\"@id\":\"https:\/\/www.oidossucios.com\/site\/#\/schema\/person\/24559eeb76bf83a63296fb072393a688\"},\"description\":\"Seg\\u00fan public\\u00f3 El Universal, a finales de marzo el rockero argentino podr\\u00e1 realizar la gira venezolana que hab\\u00eda suspendido en diciembre. El colombiano Juanes los acompa\\u00f1ar\\u00e1 en sus presentaciones.\",\"inLanguage\":\"es\",\"potentialAction\":[{\"@type\":\"ReadAction\",\"target\":[\"https:\/\/www.oidossucios.com\/site\/candy-66-listo-para-estrenarse-en-el-pop-festival\/\"]}]},{\"@type\":[\"Person\"],\"@id\":\"https:\/\/www.oidossucios.com\/site\/#\/schema\/person\/24559eeb76bf83a63296fb072393a688\",\"name\":\"Oidossucios\",\"image\":{\"@type\":\"ImageObject\",\"@id\":\"https:\/\/www.oidossucios.com\/site\/#personlogo\",\"inLanguage\":\"es\",\"url\":\"https:\/\/secure.gravatar.com\/avatar\/74fcb480f42f1a33e50a0b6e6369a3f907be2e43dc84fa5f76c66e9c22b4a5ab?s=96&d=mm&r=g\",\"caption\":\"Oidossucios\"},\"sameAs\":[\"https:\/\/twitter.com\/oidossucios\"]}]}<\/script>\n<!-- \/ Yoast SEO plugin. -->","jetpack_sharing_enabled":true,"_links":{"self":[{"href":"https:\/\/www.oidossucios.com\/site\/wp-json\/wp\/v2\/posts\/553","targetHints":{"allow":["GET"]}}],"collection":[{"href":"https:\/\/www.oidossucios.com\/site\/wp-json\/wp\/v2\/posts"}],"about":[{"href":"https:\/\/www.oidossucios.com\/site\/wp-json\/wp\/v2\/types\/post"}],"author":[{"embeddable":true,"href":"https:\/\/www.oidossucios.com\/site\/wp-json\/wp\/v2\/users\/4"}],"replies":[{"embeddable":true,"href":"https:\/\/www.oidossucios.com\/site\/wp-json\/wp\/v2\/comments?post=553"}],"version-history":[{"count":0,"href":"https:\/\/www.oidossucios.com\/site\/wp-json\/wp\/v2\/posts\/553\/revisions"}],"wp:attachment":[{"href":"https:\/\/www.oidossucios.com\/site\/wp-json\/wp\/v2\/media?parent=553"}],"wp:term":[{"taxonomy":"category","embeddable":true,"href":"https:\/\/www.oidossucios.com\/site\/wp-json\/wp\/v2\/categories?post=553"},{"taxonomy":"post_tag","embeddable":true,"href":"https:\/\/www.oidossucios.com\/site\/wp-json\/wp\/v2\/tags?post=553"}],"curies":[{"name":"wp","href":"https:\/\/api.w.org\/{rel}","templated":true}]}}