{"id":5535,"date":"2012-06-07T17:10:00","date_gmt":"2012-06-07T17:10:00","guid":{"rendered":"https:\/\/www.oidossucios.com\/site\/2012\/06\/07\/video-bajan-a-megadeth-de-tarima-a-punta-de-piedrazos\/"},"modified":"2012-06-07T17:10:00","modified_gmt":"2012-06-07T17:10:00","slug":"video-bajan-a-megadeth-de-tarima-a-punta-de-piedrazos","status":"publish","type":"post","link":"https:\/\/www.oidossucios.com\/site\/video-bajan-a-megadeth-de-tarima-a-punta-de-piedrazos\/","title":{"rendered":"Video: Bajan a Megadeth de tarima a punta de piedrazos"},"content":{"rendered":"<p>Por <\/p>\n<p>Dave Mustaine&nbsp;y su banda&nbsp;Megadeth se vieron obligados a detener su concierto y abandonar&nbsp;el escenario por&nbsp;una agresi\u00f3n del p\u00fablico, durante&nbsp;un show en Croacia.<\/p>\n<p>El&nbsp;MetalFest&nbsp;de&nbsp;Croacia -llevado a cabo el pasado martes 5 de junio- contaba con la banda de heavy metal como cabeza de cartel, pero su presentaci\u00f3n se tuvo que suspender luego que Mustaine recibiera golpes con piedras en varias ocasiones, incluyendo una que le cay\u00f3 en la cabeza.<\/p>\n<p>Las reacciones violentas se produjeron en medio de los c\u00e1nticos de la multitud exigiendo que la banda W.A.S.P.&nbsp;apareciera en escena, luego de conocerse ciertos rumores de que el l\u00edder de ese grupo,&nbsp;Blackie Lawless,&nbsp;se negaba a actuar en el evento despu\u00e9s de una discusi\u00f3n con Mustaine. Esto a\u00fan no ha sido confirmado.<\/p>\n<p>Despu\u00e9s que Mustaine abandon\u00f3 el escenario, un portavoz de Megadeth dijo a la audiencia: &#8220;Chicos, Dave ha sido golpeado en la cabeza por una roca&#8221;, de inmediato los fans volvieron a vitorear a W.A.S.P., a lo que el representante a\u00f1adi\u00f3, &#8220;Nos disculpamos. Ha sido golpeado en la cabeza&#8221;.<\/p>\n<p>Fuente: www.terra.com<\/p>\n","protected":false},"excerpt":{"rendered":"<p>Dave Mustaine y su banda Megadeth se vieron obligados a detener su concierto y abandonar el escenario por una agresi\u00f3n del p\u00fablico, durante un show en Croacia.<\/p>\n","protected":false},"author":4,"featured_media":100005535,"comment_status":"open","ping_status":"open","sticky":false,"template":"","format":"standard","meta":{"_jetpack_memberships_contains_paid_content":false,"footnotes":""},"categories":[685],"tags":[],"class_list":["post-5535","post","type-post","status-publish","format-standard","has-post-thumbnail","hentry","category-ultima"],"jetpack_featured_media_url":"https:\/\/www.oidossucios.com\/site\/wp-content\/uploads\/2012\/06\/5535.jpg","yoast_head":"<!-- This site is optimized with the Yoast SEO plugin v14.0.4 - https:\/\/yoast.com\/wordpress\/plugins\/seo\/ -->\n<title>Video: Bajan a Megadeth de tarima a punta de piedrazos - OidosSucios.Com<\/title>\n<meta name=\"description\" content=\"Dave Mustaine y su banda Megadeth se vieron obligados a detener su concierto y abandonar el escenario por una agresi\u00f3n del p\u00fablico, durante un show en Croacia.\" \/>\n<meta name=\"robots\" content=\"index, follow\" \/>\n<meta name=\"googlebot\" content=\"index, follow, max-snippet:-1, max-image-preview:large, max-video-preview:-1\" \/>\n<meta name=\"bingbot\" content=\"index, follow, max-snippet:-1, max-image-preview:large, max-video-preview:-1\" \/>\n<link rel=\"canonical\" href=\"https:\/\/www.oidossucios.com\/site\/video-bajan-a-megadeth-de-tarima-a-punta-de-piedrazos\/\" \/>\n<meta property=\"og:locale\" content=\"es_ES\" \/>\n<meta property=\"og:type\" content=\"article\" \/>\n<meta property=\"og:title\" content=\"Video: Bajan a Megadeth de tarima a punta de piedrazos - OidosSucios.Com\" \/>\n<meta property=\"og:description\" content=\"Dave Mustaine y su banda Megadeth se vieron obligados a detener su concierto y abandonar el escenario por una agresi\u00f3n del p\u00fablico, durante un show en Croacia.\" \/>\n<meta property=\"og:url\" content=\"https:\/\/www.oidossucios.com\/site\/video-bajan-a-megadeth-de-tarima-a-punta-de-piedrazos\/\" \/>\n<meta property=\"og:site_name\" content=\"OidosSucios.Com\" \/>\n<meta property=\"article:published_time\" content=\"2012-06-07T17:10:00+00:00\" \/>\n<meta property=\"og:image\" content=\"https:\/\/www.oidossucios.com\/site\/wp-content\/uploads\/2012\/06\/5535.jpg\" \/>\n\t<meta property=\"og:image:width\" content=\"350\" \/>\n\t<meta property=\"og:image:height\" content=\"300\" \/>\n<meta name=\"twitter:card\" content=\"summary_large_image\" \/>\n<meta name=\"twitter:creator\" content=\"@oidossucios\" \/>\n<script type=\"application\/ld+json\" class=\"yoast-schema-graph\">{\"@context\":\"https:\/\/schema.org\",\"@graph\":[{\"@type\":\"WebSite\",\"@id\":\"https:\/\/www.oidossucios.com\/site\/#website\",\"url\":\"https:\/\/www.oidossucios.com\/site\/\",\"name\":\"OidosSucios.Com\",\"description\":\"M\\u00fasica, conciertos, discos\",\"potentialAction\":[{\"@type\":\"SearchAction\",\"target\":\"https:\/\/www.oidossucios.com\/site\/?s={search_term_string}\",\"query-input\":\"required name=search_term_string\"}],\"inLanguage\":\"es\"},{\"@type\":\"ImageObject\",\"@id\":\"https:\/\/www.oidossucios.com\/site\/video-bajan-a-megadeth-de-tarima-a-punta-de-piedrazos\/#primaryimage\",\"inLanguage\":\"es\",\"url\":\"https:\/\/www.oidossucios.com\/site\/wp-content\/uploads\/2012\/06\/5535.jpg\",\"width\":350,\"height\":300},{\"@type\":\"WebPage\",\"@id\":\"https:\/\/www.oidossucios.com\/site\/video-bajan-a-megadeth-de-tarima-a-punta-de-piedrazos\/#webpage\",\"url\":\"https:\/\/www.oidossucios.com\/site\/video-bajan-a-megadeth-de-tarima-a-punta-de-piedrazos\/\",\"name\":\"Video: Bajan a Megadeth de tarima a punta de piedrazos - OidosSucios.Com\",\"isPartOf\":{\"@id\":\"https:\/\/www.oidossucios.com\/site\/#website\"},\"primaryImageOfPage\":{\"@id\":\"https:\/\/www.oidossucios.com\/site\/video-bajan-a-megadeth-de-tarima-a-punta-de-piedrazos\/#primaryimage\"},\"datePublished\":\"2012-06-07T17:10:00+00:00\",\"dateModified\":\"2012-06-07T17:10:00+00:00\",\"author\":{\"@id\":\"https:\/\/www.oidossucios.com\/site\/#\/schema\/person\/24559eeb76bf83a63296fb072393a688\"},\"description\":\"Dave Mustaine y su banda Megadeth se vieron obligados a detener su concierto y abandonar el escenario por una agresi\\u00f3n del p\\u00fablico, durante un show en Croacia.\",\"inLanguage\":\"es\",\"potentialAction\":[{\"@type\":\"ReadAction\",\"target\":[\"https:\/\/www.oidossucios.com\/site\/video-bajan-a-megadeth-de-tarima-a-punta-de-piedrazos\/\"]}]},{\"@type\":[\"Person\"],\"@id\":\"https:\/\/www.oidossucios.com\/site\/#\/schema\/person\/24559eeb76bf83a63296fb072393a688\",\"name\":\"Oidossucios\",\"image\":{\"@type\":\"ImageObject\",\"@id\":\"https:\/\/www.oidossucios.com\/site\/#personlogo\",\"inLanguage\":\"es\",\"url\":\"https:\/\/secure.gravatar.com\/avatar\/74fcb480f42f1a33e50a0b6e6369a3f907be2e43dc84fa5f76c66e9c22b4a5ab?s=96&d=mm&r=g\",\"caption\":\"Oidossucios\"},\"sameAs\":[\"https:\/\/twitter.com\/oidossucios\"]}]}<\/script>\n<!-- \/ Yoast SEO plugin. -->","jetpack_sharing_enabled":true,"_links":{"self":[{"href":"https:\/\/www.oidossucios.com\/site\/wp-json\/wp\/v2\/posts\/5535","targetHints":{"allow":["GET"]}}],"collection":[{"href":"https:\/\/www.oidossucios.com\/site\/wp-json\/wp\/v2\/posts"}],"about":[{"href":"https:\/\/www.oidossucios.com\/site\/wp-json\/wp\/v2\/types\/post"}],"author":[{"embeddable":true,"href":"https:\/\/www.oidossucios.com\/site\/wp-json\/wp\/v2\/users\/4"}],"replies":[{"embeddable":true,"href":"https:\/\/www.oidossucios.com\/site\/wp-json\/wp\/v2\/comments?post=5535"}],"version-history":[{"count":0,"href":"https:\/\/www.oidossucios.com\/site\/wp-json\/wp\/v2\/posts\/5535\/revisions"}],"wp:featuredmedia":[{"embeddable":true,"href":"https:\/\/www.oidossucios.com\/site\/wp-json\/wp\/v2\/media\/100005535"}],"wp:attachment":[{"href":"https:\/\/www.oidossucios.com\/site\/wp-json\/wp\/v2\/media?parent=5535"}],"wp:term":[{"taxonomy":"category","embeddable":true,"href":"https:\/\/www.oidossucios.com\/site\/wp-json\/wp\/v2\/categories?post=5535"},{"taxonomy":"post_tag","embeddable":true,"href":"https:\/\/www.oidossucios.com\/site\/wp-json\/wp\/v2\/tags?post=5535"}],"curies":[{"name":"wp","href":"https:\/\/api.w.org\/{rel}","templated":true}]}}