{"id":5538,"date":"2012-06-07T21:17:00","date_gmt":"2012-06-07T21:17:00","guid":{"rendered":"https:\/\/www.oidossucios.com\/site\/2012\/06\/07\/the-smashing-pumpkins-se-presentara-en-venezuela-el-26-de-junio\/"},"modified":"2012-06-07T21:17:00","modified_gmt":"2012-06-07T21:17:00","slug":"the-smashing-pumpkins-se-presentara-en-venezuela-el-26-de-junio","status":"publish","type":"post","link":"https:\/\/www.oidossucios.com\/site\/the-smashing-pumpkins-se-presentara-en-venezuela-el-26-de-junio\/","title":{"rendered":"The Smashing Pumpkins se presentar\u00e1 en Venezuela el 26 de junio"},"content":{"rendered":"\n<p>La marca de whisky escoc\u00e9s Buchanan\u00b4s y su plataforma &#8220;Tiempo para Compartir&#8221; &nbsp;organizar\u00e1n el concierto de The Smashing Pumpkins en Caracas, que se llevar\u00e1 a cabo el 26 de junio en el CIEC de la Universidad Metropolitana. Este, ser\u00e1 un show exclusivo para los 2.000 voluntarios que destinaron cuatro horas de su tiempo en proyectos comunitarios con la marca.<\/p>\n<p>&#8220;Estamos muy&nbsp;emocionados de ayudar a la campa\u00f1a <i>Buchanan\u00b4s Share Yourself<\/i> para celebrar el esfuerzo de todos los voluntarios que han donado su tiempo para mejorar las comunidades que les rodean, en Caracas y Bogot\u00e1&#8221;, comentaron The Smashing Pumpkins.<\/p>\n<p>Seg\u00fan hemos podido saber en OidosSucios.com, las otras opciones que manejaba la marca eran Lenny Kravitz, Maroon 5 y Noel Gallagher, quienes no ten\u00edan disponibilidad en su agenda.<\/p>\n<p>Esta misma iniciativa de Buchanan\u00b4s es la que trajo al pa\u00eds a Sting, Elton John y Bon Jovi en los \u00faltimos a\u00f1os.<\/p>\n","protected":false},"excerpt":{"rendered":"<p>La banda liderada por Billy Corgan se presentar\u00e1 en el CIEC de la UNIMET, en un concierto organizado por Buchanan\u00b4s para los voluntarios de su plataforma &#8220;Tiempo para Compartir&#8221;.<\/p>\n","protected":false},"author":4,"featured_media":100005538,"comment_status":"open","ping_status":"open","sticky":false,"template":"","format":"standard","meta":{"_jetpack_memberships_contains_paid_content":false,"footnotes":""},"categories":[250],"tags":[],"class_list":["post-5538","post","type-post","status-publish","format-standard","has-post-thumbnail","hentry","category-noticias"],"jetpack_featured_media_url":"https:\/\/www.oidossucios.com\/site\/wp-content\/uploads\/2012\/06\/5538.jpg","yoast_head":"<!-- This site is optimized with the Yoast SEO plugin v14.0.4 - https:\/\/yoast.com\/wordpress\/plugins\/seo\/ -->\n<title>The Smashing Pumpkins se presentar\u00e1 en Venezuela el 26 de junio - OidosSucios.Com<\/title>\n<meta name=\"description\" content=\"La banda liderada por Billy Corgan se presentar\u00e1 en el CIEC de la UNIMET, en un concierto organizado por Buchanan\u00b4s para los voluntarios de su plataforma &quot;Tiempo para Compartir&quot;.\" \/>\n<meta name=\"robots\" content=\"index, follow\" \/>\n<meta name=\"googlebot\" content=\"index, follow, max-snippet:-1, max-image-preview:large, max-video-preview:-1\" \/>\n<meta name=\"bingbot\" content=\"index, follow, max-snippet:-1, max-image-preview:large, max-video-preview:-1\" \/>\n<link rel=\"canonical\" href=\"https:\/\/www.oidossucios.com\/site\/the-smashing-pumpkins-se-presentara-en-venezuela-el-26-de-junio\/\" \/>\n<meta property=\"og:locale\" content=\"es_ES\" \/>\n<meta property=\"og:type\" content=\"article\" \/>\n<meta property=\"og:title\" content=\"The Smashing Pumpkins se presentar\u00e1 en Venezuela el 26 de junio - OidosSucios.Com\" \/>\n<meta property=\"og:description\" content=\"La banda liderada por Billy Corgan se presentar\u00e1 en el CIEC de la UNIMET, en un concierto organizado por Buchanan\u00b4s para los voluntarios de su plataforma &quot;Tiempo para Compartir&quot;.\" \/>\n<meta property=\"og:url\" content=\"https:\/\/www.oidossucios.com\/site\/the-smashing-pumpkins-se-presentara-en-venezuela-el-26-de-junio\/\" \/>\n<meta property=\"og:site_name\" content=\"OidosSucios.Com\" \/>\n<meta property=\"article:published_time\" content=\"2012-06-07T21:17:00+00:00\" \/>\n<meta property=\"og:image\" content=\"https:\/\/www.oidossucios.com\/site\/wp-content\/uploads\/2012\/06\/5538.jpg\" \/>\n\t<meta property=\"og:image:width\" content=\"350\" \/>\n\t<meta property=\"og:image:height\" content=\"300\" \/>\n<meta name=\"twitter:card\" content=\"summary_large_image\" \/>\n<meta name=\"twitter:creator\" content=\"@oidossucios\" \/>\n<script type=\"application\/ld+json\" class=\"yoast-schema-graph\">{\"@context\":\"https:\/\/schema.org\",\"@graph\":[{\"@type\":\"WebSite\",\"@id\":\"https:\/\/www.oidossucios.com\/site\/#website\",\"url\":\"https:\/\/www.oidossucios.com\/site\/\",\"name\":\"OidosSucios.Com\",\"description\":\"M\\u00fasica, conciertos, discos\",\"potentialAction\":[{\"@type\":\"SearchAction\",\"target\":\"https:\/\/www.oidossucios.com\/site\/?s={search_term_string}\",\"query-input\":\"required name=search_term_string\"}],\"inLanguage\":\"es\"},{\"@type\":\"ImageObject\",\"@id\":\"https:\/\/www.oidossucios.com\/site\/the-smashing-pumpkins-se-presentara-en-venezuela-el-26-de-junio\/#primaryimage\",\"inLanguage\":\"es\",\"url\":\"https:\/\/www.oidossucios.com\/site\/wp-content\/uploads\/2012\/06\/5538.jpg\",\"width\":350,\"height\":300},{\"@type\":\"WebPage\",\"@id\":\"https:\/\/www.oidossucios.com\/site\/the-smashing-pumpkins-se-presentara-en-venezuela-el-26-de-junio\/#webpage\",\"url\":\"https:\/\/www.oidossucios.com\/site\/the-smashing-pumpkins-se-presentara-en-venezuela-el-26-de-junio\/\",\"name\":\"The Smashing Pumpkins se presentar\\u00e1 en Venezuela el 26 de junio - OidosSucios.Com\",\"isPartOf\":{\"@id\":\"https:\/\/www.oidossucios.com\/site\/#website\"},\"primaryImageOfPage\":{\"@id\":\"https:\/\/www.oidossucios.com\/site\/the-smashing-pumpkins-se-presentara-en-venezuela-el-26-de-junio\/#primaryimage\"},\"datePublished\":\"2012-06-07T21:17:00+00:00\",\"dateModified\":\"2012-06-07T21:17:00+00:00\",\"author\":{\"@id\":\"https:\/\/www.oidossucios.com\/site\/#\/schema\/person\/24559eeb76bf83a63296fb072393a688\"},\"description\":\"La banda liderada por Billy Corgan se presentar\\u00e1 en el CIEC de la UNIMET, en un concierto organizado por Buchanan\\u00b4s para los voluntarios de su plataforma \\\"Tiempo para Compartir\\\".\",\"inLanguage\":\"es\",\"potentialAction\":[{\"@type\":\"ReadAction\",\"target\":[\"https:\/\/www.oidossucios.com\/site\/the-smashing-pumpkins-se-presentara-en-venezuela-el-26-de-junio\/\"]}]},{\"@type\":[\"Person\"],\"@id\":\"https:\/\/www.oidossucios.com\/site\/#\/schema\/person\/24559eeb76bf83a63296fb072393a688\",\"name\":\"Oidossucios\",\"image\":{\"@type\":\"ImageObject\",\"@id\":\"https:\/\/www.oidossucios.com\/site\/#personlogo\",\"inLanguage\":\"es\",\"url\":\"https:\/\/secure.gravatar.com\/avatar\/74fcb480f42f1a33e50a0b6e6369a3f907be2e43dc84fa5f76c66e9c22b4a5ab?s=96&d=mm&r=g\",\"caption\":\"Oidossucios\"},\"sameAs\":[\"https:\/\/twitter.com\/oidossucios\"]}]}<\/script>\n<!-- \/ Yoast SEO plugin. -->","jetpack_sharing_enabled":true,"_links":{"self":[{"href":"https:\/\/www.oidossucios.com\/site\/wp-json\/wp\/v2\/posts\/5538","targetHints":{"allow":["GET"]}}],"collection":[{"href":"https:\/\/www.oidossucios.com\/site\/wp-json\/wp\/v2\/posts"}],"about":[{"href":"https:\/\/www.oidossucios.com\/site\/wp-json\/wp\/v2\/types\/post"}],"author":[{"embeddable":true,"href":"https:\/\/www.oidossucios.com\/site\/wp-json\/wp\/v2\/users\/4"}],"replies":[{"embeddable":true,"href":"https:\/\/www.oidossucios.com\/site\/wp-json\/wp\/v2\/comments?post=5538"}],"version-history":[{"count":0,"href":"https:\/\/www.oidossucios.com\/site\/wp-json\/wp\/v2\/posts\/5538\/revisions"}],"wp:featuredmedia":[{"embeddable":true,"href":"https:\/\/www.oidossucios.com\/site\/wp-json\/wp\/v2\/media\/100005538"}],"wp:attachment":[{"href":"https:\/\/www.oidossucios.com\/site\/wp-json\/wp\/v2\/media?parent=5538"}],"wp:term":[{"taxonomy":"category","embeddable":true,"href":"https:\/\/www.oidossucios.com\/site\/wp-json\/wp\/v2\/categories?post=5538"},{"taxonomy":"post_tag","embeddable":true,"href":"https:\/\/www.oidossucios.com\/site\/wp-json\/wp\/v2\/tags?post=5538"}],"curies":[{"name":"wp","href":"https:\/\/api.w.org\/{rel}","templated":true}]}}