{"id":5563,"date":"2012-06-12T19:09:00","date_gmt":"2012-06-12T19:09:00","guid":{"rendered":"https:\/\/www.oidossucios.com\/site\/2012\/06\/12\/green-day-confirmo-la-fecha-de-salida-de-su-trilogia-uno-dos-y-tre\/"},"modified":"2012-06-12T19:09:00","modified_gmt":"2012-06-12T19:09:00","slug":"green-day-confirmo-la-fecha-de-salida-de-su-trilogia-uno-dos-y-tre","status":"publish","type":"post","link":"https:\/\/www.oidossucios.com\/site\/green-day-confirmo-la-fecha-de-salida-de-su-trilogia-uno-dos-y-tre\/","title":{"rendered":"Green Day confirm\u00f3 la fecha de salida de su trilog\u00eda &#8220;\u00a1Uno!&#8221;, &#8220;\u00a1Dos!&#8221; y &#8220;\u00a1Tr\u00e9!&#8221;"},"content":{"rendered":"\n<p>Green Day&nbsp;finalmente confirm\u00f3 las fechas de salida de su pr\u00f3ximo trabajo, una trilog\u00eda de discos llamada <i>\u00a1Uno!<\/i>, <i>\u00a1Dos!<\/i> y <i>\u00a1Tr\u00e9!<\/i>&nbsp; que ver\u00e1n luz en en septiembre y noviembre de 2012 y el \u00faltimo en enero de 2013.<\/p>\n<p>Los tres \u00e1lbumes fueron producidos por&nbsp;Rob Cavallo, quien ya trabaj\u00f3 con la banda en <i>American Idiot, <\/i>y ha ejercido de productor con Paramore, Dave Matthews Band, etc.<\/p>\n<p>El primer disco,&nbsp;<i>\u00a1Uno!<\/i>, ver\u00e1 la luz el 24 de septiembre en Europa y al d\u00eda siguiente en Estados Unidos;&nbsp;<i>\u00a1Dos!<\/i>&nbsp;se publicar\u00e1 el 12 de noviembre -y al d\u00eda siguiente en Estados Unidos-; mientras que&nbsp;<i>\u00a1Tr\u00e9!<\/i>&nbsp;saldr\u00e1 el 14 de enero de 2013.<\/p>\n<p>Green Day explic\u00f3 a principios de a\u00f1o, cuando estaba en plena fase de grabaci\u00f3n de su trilog\u00eda, que se encuentra en &#8220;la \u00e9poca m\u00e1s prol\u00edfica y creativa&#8221; de sus vidas.&nbsp;&#8220;Es la mejor m\u00fasica que hemos escrito&#8221;, dec\u00edan por aquel entonces. &#8220;Cada canci\u00f3n tiene el poder y la energ\u00eda que representa a Green Day en todos los niveles emocionales&#8221; a\u00f1adieron.<\/p>\n<p><i>\u00a1Uno!<\/i>, <i>\u00a1Dos!<\/i> y <i>\u00a1Tr\u00e9!<\/i>&nbsp;ya pueden reservarse en&nbsp;<a target=\"_blank\" href=\"http:\/\/www.greenday.com\/\" rel=\"noopener noreferrer\">www.greenday.com<\/a>.<\/p>\n","protected":false},"excerpt":{"rendered":"<p>Lo nuevo de Green Day ver\u00e1 la luz en tres \u00e1lbumes distintos que se publicar\u00e1n en septiembre y noviembre de 2012 y enero de 2013.<\/p>\n","protected":false},"author":4,"featured_media":100005563,"comment_status":"open","ping_status":"open","sticky":false,"template":"","format":"standard","meta":{"_jetpack_memberships_contains_paid_content":false,"footnotes":""},"categories":[250],"tags":[],"class_list":["post-5563","post","type-post","status-publish","format-standard","has-post-thumbnail","hentry","category-noticias"],"jetpack_featured_media_url":"https:\/\/www.oidossucios.com\/site\/wp-content\/uploads\/2012\/06\/5563.jpg","yoast_head":"<!-- This site is optimized with the Yoast SEO plugin v14.0.4 - https:\/\/yoast.com\/wordpress\/plugins\/seo\/ -->\n<title>Green Day confirm\u00f3 la fecha de salida de su trilog\u00eda &quot;\u00a1Uno!&quot;, &quot;\u00a1Dos!&quot; y &quot;\u00a1Tr\u00e9!&quot; - OidosSucios.Com<\/title>\n<meta name=\"description\" content=\"Lo nuevo de Green Day ver\u00e1 la luz en tres \u00e1lbumes distintos que se publicar\u00e1n en septiembre y noviembre de 2012 y enero de 2013.\" \/>\n<meta name=\"robots\" content=\"index, follow\" \/>\n<meta name=\"googlebot\" content=\"index, follow, max-snippet:-1, max-image-preview:large, max-video-preview:-1\" \/>\n<meta name=\"bingbot\" content=\"index, follow, max-snippet:-1, max-image-preview:large, max-video-preview:-1\" \/>\n<link rel=\"canonical\" href=\"https:\/\/www.oidossucios.com\/site\/green-day-confirmo-la-fecha-de-salida-de-su-trilogia-uno-dos-y-tre\/\" \/>\n<meta property=\"og:locale\" content=\"es_ES\" \/>\n<meta property=\"og:type\" content=\"article\" \/>\n<meta property=\"og:title\" content=\"Green Day confirm\u00f3 la fecha de salida de su trilog\u00eda &quot;\u00a1Uno!&quot;, &quot;\u00a1Dos!&quot; y &quot;\u00a1Tr\u00e9!&quot; - OidosSucios.Com\" \/>\n<meta property=\"og:description\" content=\"Lo nuevo de Green Day ver\u00e1 la luz en tres \u00e1lbumes distintos que se publicar\u00e1n en septiembre y noviembre de 2012 y enero de 2013.\" \/>\n<meta property=\"og:url\" content=\"https:\/\/www.oidossucios.com\/site\/green-day-confirmo-la-fecha-de-salida-de-su-trilogia-uno-dos-y-tre\/\" \/>\n<meta property=\"og:site_name\" content=\"OidosSucios.Com\" \/>\n<meta property=\"article:published_time\" content=\"2012-06-12T19:09:00+00:00\" \/>\n<meta property=\"og:image\" content=\"https:\/\/www.oidossucios.com\/site\/wp-content\/uploads\/2012\/06\/5563.jpg\" \/>\n\t<meta property=\"og:image:width\" content=\"350\" \/>\n\t<meta property=\"og:image:height\" content=\"300\" \/>\n<meta name=\"twitter:card\" content=\"summary_large_image\" \/>\n<meta name=\"twitter:creator\" content=\"@oidossucios\" \/>\n<script type=\"application\/ld+json\" class=\"yoast-schema-graph\">{\"@context\":\"https:\/\/schema.org\",\"@graph\":[{\"@type\":\"WebSite\",\"@id\":\"https:\/\/www.oidossucios.com\/site\/#website\",\"url\":\"https:\/\/www.oidossucios.com\/site\/\",\"name\":\"OidosSucios.Com\",\"description\":\"M\\u00fasica, conciertos, discos\",\"potentialAction\":[{\"@type\":\"SearchAction\",\"target\":\"https:\/\/www.oidossucios.com\/site\/?s={search_term_string}\",\"query-input\":\"required name=search_term_string\"}],\"inLanguage\":\"es\"},{\"@type\":\"ImageObject\",\"@id\":\"https:\/\/www.oidossucios.com\/site\/green-day-confirmo-la-fecha-de-salida-de-su-trilogia-uno-dos-y-tre\/#primaryimage\",\"inLanguage\":\"es\",\"url\":\"https:\/\/www.oidossucios.com\/site\/wp-content\/uploads\/2012\/06\/5563.jpg\",\"width\":350,\"height\":300},{\"@type\":\"WebPage\",\"@id\":\"https:\/\/www.oidossucios.com\/site\/green-day-confirmo-la-fecha-de-salida-de-su-trilogia-uno-dos-y-tre\/#webpage\",\"url\":\"https:\/\/www.oidossucios.com\/site\/green-day-confirmo-la-fecha-de-salida-de-su-trilogia-uno-dos-y-tre\/\",\"name\":\"Green Day confirm\\u00f3 la fecha de salida de su trilog\\u00eda \\\"\\u00a1Uno!\\\", \\\"\\u00a1Dos!\\\" y \\\"\\u00a1Tr\\u00e9!\\\" - OidosSucios.Com\",\"isPartOf\":{\"@id\":\"https:\/\/www.oidossucios.com\/site\/#website\"},\"primaryImageOfPage\":{\"@id\":\"https:\/\/www.oidossucios.com\/site\/green-day-confirmo-la-fecha-de-salida-de-su-trilogia-uno-dos-y-tre\/#primaryimage\"},\"datePublished\":\"2012-06-12T19:09:00+00:00\",\"dateModified\":\"2012-06-12T19:09:00+00:00\",\"author\":{\"@id\":\"https:\/\/www.oidossucios.com\/site\/#\/schema\/person\/24559eeb76bf83a63296fb072393a688\"},\"description\":\"Lo nuevo de Green Day ver\\u00e1 la luz en tres \\u00e1lbumes distintos que se publicar\\u00e1n en septiembre y noviembre de 2012 y enero de 2013.\",\"inLanguage\":\"es\",\"potentialAction\":[{\"@type\":\"ReadAction\",\"target\":[\"https:\/\/www.oidossucios.com\/site\/green-day-confirmo-la-fecha-de-salida-de-su-trilogia-uno-dos-y-tre\/\"]}]},{\"@type\":[\"Person\"],\"@id\":\"https:\/\/www.oidossucios.com\/site\/#\/schema\/person\/24559eeb76bf83a63296fb072393a688\",\"name\":\"Oidossucios\",\"image\":{\"@type\":\"ImageObject\",\"@id\":\"https:\/\/www.oidossucios.com\/site\/#personlogo\",\"inLanguage\":\"es\",\"url\":\"https:\/\/secure.gravatar.com\/avatar\/74fcb480f42f1a33e50a0b6e6369a3f907be2e43dc84fa5f76c66e9c22b4a5ab?s=96&d=mm&r=g\",\"caption\":\"Oidossucios\"},\"sameAs\":[\"https:\/\/twitter.com\/oidossucios\"]}]}<\/script>\n<!-- \/ Yoast SEO plugin. -->","jetpack_sharing_enabled":true,"_links":{"self":[{"href":"https:\/\/www.oidossucios.com\/site\/wp-json\/wp\/v2\/posts\/5563","targetHints":{"allow":["GET"]}}],"collection":[{"href":"https:\/\/www.oidossucios.com\/site\/wp-json\/wp\/v2\/posts"}],"about":[{"href":"https:\/\/www.oidossucios.com\/site\/wp-json\/wp\/v2\/types\/post"}],"author":[{"embeddable":true,"href":"https:\/\/www.oidossucios.com\/site\/wp-json\/wp\/v2\/users\/4"}],"replies":[{"embeddable":true,"href":"https:\/\/www.oidossucios.com\/site\/wp-json\/wp\/v2\/comments?post=5563"}],"version-history":[{"count":0,"href":"https:\/\/www.oidossucios.com\/site\/wp-json\/wp\/v2\/posts\/5563\/revisions"}],"wp:featuredmedia":[{"embeddable":true,"href":"https:\/\/www.oidossucios.com\/site\/wp-json\/wp\/v2\/media\/100005563"}],"wp:attachment":[{"href":"https:\/\/www.oidossucios.com\/site\/wp-json\/wp\/v2\/media?parent=5563"}],"wp:term":[{"taxonomy":"category","embeddable":true,"href":"https:\/\/www.oidossucios.com\/site\/wp-json\/wp\/v2\/categories?post=5563"},{"taxonomy":"post_tag","embeddable":true,"href":"https:\/\/www.oidossucios.com\/site\/wp-json\/wp\/v2\/tags?post=5563"}],"curies":[{"name":"wp","href":"https:\/\/api.w.org\/{rel}","templated":true}]}}