{"id":5575,"date":"2012-06-14T17:21:00","date_gmt":"2012-06-14T17:21:00","guid":{"rendered":"https:\/\/www.oidossucios.com\/site\/2012\/06\/14\/almas-abrira-conciertos-de-zapato-3-en-valencia-y-caracas\/"},"modified":"2012-06-14T17:21:00","modified_gmt":"2012-06-14T17:21:00","slug":"almas-abrira-conciertos-de-zapato-3-en-valencia-y-caracas","status":"publish","type":"post","link":"https:\/\/www.oidossucios.com\/site\/almas-abrira-conciertos-de-zapato-3-en-valencia-y-caracas\/","title":{"rendered":"Almas abrir\u00e1 conciertos de Zapato 3 en Valencia y Caracas"},"content":{"rendered":"\n<p>La agrupaci\u00f3n Almas, ser\u00e1 la encargada de abrir 2 de los conciertos de Zapato 3 <i>La \u00faltima cruzada<\/i>que tendr\u00e1n lugar el 21 de julio en el Forum de Valencia y el 28 en el CIEC de la Universidad Metropolitana de Caracas.<\/p>\n<p>El pasado mes de marzo, en las conocidas ferias de San Jos\u00e9 del estado Aragua los integrantes de Almas tambi\u00e9n compartieron tarima en el regreso de Zapato 3. La banda manifest\u00f3 su agrado por participar nuevamente en <i>La \u00faltima cruzada<\/i> de Zapato 3: &#8220;Para nosotros es un honor, ser quienes aperturen los conciertos de Zapato 3, banda a lo que tenemos inmenso respeto por ser uno de las pioneras del g\u00e9nero en Venezuela y ejemplo para muchas agrupaciones de constancia y trabajo. Dejaremos lo mejor de nosotros en escena y complaceremos a la fanaticada que nos sigue y apoya d\u00eda a d\u00eda&#8221;.<\/p>\n<p>Almas adem\u00e1s continua promocionando su tema &#8220;Estrella fugaz&#8221; incluido en su \u00e1lbum <i>Permiso para despegar<\/i>, disponible tambi\u00e9n en su p\u00e1gina web&nbsp;<a target=\"_blank\" href=\"http:\/\/www.almas.com.ve\/\" rel=\"noopener noreferrer\">www.almas.com.ve<\/a>&nbsp;y a trav\u00e9s de iTunes.<\/p>\n<p>M\u00e1s info:<\/p>\n<p><a target=\"_blank\" href=\"http:\/\/www.almas.com.ve\/\" rel=\"noopener noreferrer\">www.almas.com.ve<\/a><\/p>\n<p><a target=\"_blank\" href=\"http:\/\/twitter.com\/almasrock\" rel=\"noopener noreferrer\">twitter.com\/almasrock<\/a><\/p>\n<p><a target=\"_blank\" href=\"http:\/\/facebook.com\/almas.ve\" rel=\"noopener noreferrer\">facebook.com\/almas.ve<\/a><\/p>\n<p><a target=\"_blank\" href=\"http:\/\/reverbnation.com\/almasrock\" rel=\"noopener noreferrer\">reverbnation.com\/almasrock<\/a>&nbsp;<\/p>\n","protected":false},"excerpt":{"rendered":"<p>La agrupaci\u00f3n Almas, ser\u00e1 la encargada de abrir 2 de los conciertos de Zapato 3 La \u00faltima cruzadaque tendr\u00e1n lugar el 21 de julio en el Forum de Valencia y el 28 en el CIEC de la Universidad Metropolitana de Caracas. El pasado mes de marzo, en las conocidas ferias de San Jos\u00e9 del estado [&hellip;]<\/p>\n","protected":false},"author":4,"featured_media":0,"comment_status":"open","ping_status":"open","sticky":false,"template":"","format":"standard","meta":{"_jetpack_memberships_contains_paid_content":false,"footnotes":""},"categories":[142],"tags":[],"class_list":["post-5575","post","type-post","status-publish","format-standard","hentry","category-buzznews"],"jetpack_featured_media_url":"","yoast_head":"<!-- This site is optimized with the Yoast SEO plugin v14.0.4 - https:\/\/yoast.com\/wordpress\/plugins\/seo\/ -->\n<title>Almas abrir\u00e1 conciertos de Zapato 3 en Valencia y Caracas - OidosSucios.Com<\/title>\n<meta name=\"robots\" content=\"index, follow\" \/>\n<meta name=\"googlebot\" content=\"index, follow, max-snippet:-1, max-image-preview:large, max-video-preview:-1\" \/>\n<meta name=\"bingbot\" content=\"index, follow, max-snippet:-1, max-image-preview:large, max-video-preview:-1\" \/>\n<link rel=\"canonical\" href=\"https:\/\/www.oidossucios.com\/site\/almas-abrira-conciertos-de-zapato-3-en-valencia-y-caracas\/\" \/>\n<meta property=\"og:locale\" content=\"es_ES\" \/>\n<meta property=\"og:type\" content=\"article\" \/>\n<meta property=\"og:title\" content=\"Almas abrir\u00e1 conciertos de Zapato 3 en Valencia y Caracas - OidosSucios.Com\" \/>\n<meta property=\"og:description\" content=\"La agrupaci\u00f3n Almas, ser\u00e1 la encargada de abrir 2 de los conciertos de Zapato 3 La \u00faltima cruzadaque tendr\u00e1n lugar el 21 de julio en el Forum de Valencia y el 28 en el CIEC de la Universidad Metropolitana de Caracas. El pasado mes de marzo, en las conocidas ferias de San Jos\u00e9 del estado [&hellip;]\" \/>\n<meta property=\"og:url\" content=\"https:\/\/www.oidossucios.com\/site\/almas-abrira-conciertos-de-zapato-3-en-valencia-y-caracas\/\" \/>\n<meta property=\"og:site_name\" content=\"OidosSucios.Com\" \/>\n<meta property=\"article:published_time\" content=\"2012-06-14T17:21:00+00:00\" \/>\n<meta name=\"twitter:card\" content=\"summary_large_image\" \/>\n<meta name=\"twitter:creator\" content=\"@oidossucios\" \/>\n<script type=\"application\/ld+json\" class=\"yoast-schema-graph\">{\"@context\":\"https:\/\/schema.org\",\"@graph\":[{\"@type\":\"WebSite\",\"@id\":\"https:\/\/www.oidossucios.com\/site\/#website\",\"url\":\"https:\/\/www.oidossucios.com\/site\/\",\"name\":\"OidosSucios.Com\",\"description\":\"M\\u00fasica, conciertos, discos\",\"potentialAction\":[{\"@type\":\"SearchAction\",\"target\":\"https:\/\/www.oidossucios.com\/site\/?s={search_term_string}\",\"query-input\":\"required name=search_term_string\"}],\"inLanguage\":\"es\"},{\"@type\":\"WebPage\",\"@id\":\"https:\/\/www.oidossucios.com\/site\/almas-abrira-conciertos-de-zapato-3-en-valencia-y-caracas\/#webpage\",\"url\":\"https:\/\/www.oidossucios.com\/site\/almas-abrira-conciertos-de-zapato-3-en-valencia-y-caracas\/\",\"name\":\"Almas abrir\\u00e1 conciertos de Zapato 3 en Valencia y Caracas - OidosSucios.Com\",\"isPartOf\":{\"@id\":\"https:\/\/www.oidossucios.com\/site\/#website\"},\"datePublished\":\"2012-06-14T17:21:00+00:00\",\"dateModified\":\"2012-06-14T17:21:00+00:00\",\"author\":{\"@id\":\"https:\/\/www.oidossucios.com\/site\/#\/schema\/person\/24559eeb76bf83a63296fb072393a688\"},\"inLanguage\":\"es\",\"potentialAction\":[{\"@type\":\"ReadAction\",\"target\":[\"https:\/\/www.oidossucios.com\/site\/almas-abrira-conciertos-de-zapato-3-en-valencia-y-caracas\/\"]}]},{\"@type\":[\"Person\"],\"@id\":\"https:\/\/www.oidossucios.com\/site\/#\/schema\/person\/24559eeb76bf83a63296fb072393a688\",\"name\":\"Oidossucios\",\"image\":{\"@type\":\"ImageObject\",\"@id\":\"https:\/\/www.oidossucios.com\/site\/#personlogo\",\"inLanguage\":\"es\",\"url\":\"https:\/\/secure.gravatar.com\/avatar\/74fcb480f42f1a33e50a0b6e6369a3f907be2e43dc84fa5f76c66e9c22b4a5ab?s=96&d=mm&r=g\",\"caption\":\"Oidossucios\"},\"sameAs\":[\"https:\/\/twitter.com\/oidossucios\"]}]}<\/script>\n<!-- \/ Yoast SEO plugin. -->","jetpack_sharing_enabled":true,"_links":{"self":[{"href":"https:\/\/www.oidossucios.com\/site\/wp-json\/wp\/v2\/posts\/5575","targetHints":{"allow":["GET"]}}],"collection":[{"href":"https:\/\/www.oidossucios.com\/site\/wp-json\/wp\/v2\/posts"}],"about":[{"href":"https:\/\/www.oidossucios.com\/site\/wp-json\/wp\/v2\/types\/post"}],"author":[{"embeddable":true,"href":"https:\/\/www.oidossucios.com\/site\/wp-json\/wp\/v2\/users\/4"}],"replies":[{"embeddable":true,"href":"https:\/\/www.oidossucios.com\/site\/wp-json\/wp\/v2\/comments?post=5575"}],"version-history":[{"count":0,"href":"https:\/\/www.oidossucios.com\/site\/wp-json\/wp\/v2\/posts\/5575\/revisions"}],"wp:attachment":[{"href":"https:\/\/www.oidossucios.com\/site\/wp-json\/wp\/v2\/media?parent=5575"}],"wp:term":[{"taxonomy":"category","embeddable":true,"href":"https:\/\/www.oidossucios.com\/site\/wp-json\/wp\/v2\/categories?post=5575"},{"taxonomy":"post_tag","embeddable":true,"href":"https:\/\/www.oidossucios.com\/site\/wp-json\/wp\/v2\/tags?post=5575"}],"curies":[{"name":"wp","href":"https:\/\/api.w.org\/{rel}","templated":true}]}}