{"id":5576,"date":"2012-06-14T17:37:00","date_gmt":"2012-06-14T17:37:00","guid":{"rendered":"https:\/\/www.oidossucios.com\/site\/2012\/06\/14\/turbo-soul-estrenara-su-primer-video-oficial-no-se-bailar-no-se-cantar\/"},"modified":"2012-06-14T17:37:00","modified_gmt":"2012-06-14T17:37:00","slug":"turbo-soul-estrenara-su-primer-video-oficial-no-se-bailar-no-se-cantar","status":"publish","type":"post","link":"https:\/\/www.oidossucios.com\/site\/turbo-soul-estrenara-su-primer-video-oficial-no-se-bailar-no-se-cantar\/","title":{"rendered":"Turbo Soul estrenar\u00e1 su primer video oficial &quot;No s\u00e9 bailar, no s\u00e9 cantar&quot;"},"content":{"rendered":"\n<p>La agrupaci\u00f3n&nbsp;Turbo Soul, conformada por Gabriel Rivas (voz), Marcial Rodr\u00edguez (guitarra), Samuel S\u00e1nchez (guitarra), Daniel &#8220;Cheky&#8221; Jelinek (bater\u00eda), Omar Oses (bajo) y Zadkiel Zerpa (saxo) pre-estrenar\u00e1 este s\u00e1bado 23 de junio su primer video oficial que llevar\u00e1 por nombre&nbsp;&#8220;No s\u00e9 bailar, no s\u00e9 cantar&#8221;.&nbsp;Esta primera pieza audiovisual de la banda fue dirigida por Alejandro Hern\u00e1ndez-Vera.<\/p>\n<p>&#8220;No s\u00e9 bailar, no s\u00e9 cantar&#8221;&nbsp;ser\u00eda el segundo sencillo promocional de la banda, producido y grabado por Alejandro Rojas (Cindy Fraz) en los estudios AR Records en Caracas, con quien finalizan su&nbsp;EP. Fue masterizado por Israel P\u00e9rez de Corcho (vocalista y guitarrista de la agrupaci\u00f3n Venezolana radicada en los Estados Unidos, Me Vs. Murphy) en Miami, Florida.<\/p>\n<p>Ese d\u00eda la banda dar\u00e1 su primer show oficial en la ciudad de Caracas, donde proyectar\u00e1n por primera vez el video a todo p\u00fablico y ser\u00e1 estrenado en la web el d\u00eda posterior en conjunto con el sencillo promocional. El show tendr\u00e1 lugar en&nbsp;Taima Pizzer\u00eda, en el CC La Boyera (donde est\u00e1 El Rey David), en El Hatillo. Empezar\u00e1 a las 5 PM, lo que permitir\u00e1 el acceso de menores de edad al recinto. La entrada tendr\u00e1 un costo de 30 Bs. <\/p>\n<p>Hace ya algunas semanas, el sexteto estren\u00f3 un video recopilatorio de su tema &#8220;La Isla&#8221;, donde aparecen caras conocidas de la movida musical venezolana como&nbsp;Cristopher Urbina (Voz y guitarra de Lebronch), el tr\u00edo Bioshaft, Jhonny Seghabi (guitarra de Id\u00f4nea), Nicol\u00e1s Marchena (bater\u00eda de Id\u00f4nea y The Asbestos) y Daniel Tob\u00f3n (bater\u00eda de Ninah Mars and The Stickfaces).&nbsp;<\/p>\n<p>Tambi\u00e9n dieron a conocer que en conjunto al estreno del video&nbsp;&#8220;No s\u00e9 bailar, no s\u00e9 cantar&#8221;, la banda ir\u00e1 subiendo <a href=\"http:\/\/www.youtube.com\/user\/TurboSoulOfficial\">a su canal de Youtube&nbsp;<\/a>unos&nbsp;video diarios&nbsp;que documentan el trabajo de la banda los \u00faltimos meses.<\/p>\n<p>Para descargar&nbsp;&#8220;La Isla&#8221;, el primer promocional de&nbsp;Turbo Soul, <a href=\"http:\/\/www.mediafire.com\/?caawyylvkkq6lkf\">haz click aqu\u00ed.<\/a><\/p>\n<p>M\u00e1s info: <\/p>\n<p>&#8211; Twitter:&nbsp;<a target=\"_blank\" title=\"https:\/\/twitter.com\/turbosoul_\" href=\"https:\/\/twitter.com\/turbosoul_\" rel=\"noopener noreferrer\">https:\/\/twitter.com\/turbosoul<\/a><br \/>&#8211; Facebook:&nbsp;<a target=\"_blank\" title=\"http:\/\/www.facebook.com\/turbosoulmusic\" href=\"http:\/\/www.facebook.com\/turbosoulmusic\" rel=\"noopener noreferrer\">http:\/\/www.facebook.com\/turbosoulmusic<\/a><br \/>&#8211; Soundcloud:&nbsp;<a target=\"_blank\" title=\"http:\/\/soundcloud.com\/turbosoulmusic\" href=\"http:\/\/soundcloud.com\/turbosoulmusic\" rel=\"noopener noreferrer\">http:\/\/soundcloud.com\/turbosoulmusic<\/a><br \/>&#8211; P\u00e1gina web:&nbsp;<a target=\"_blank\" href=\"http:\/\/www.turbosoul.co.nr\/\" rel=\"noopener noreferrer\">http:\/\/www.turbosoul.co.nr\/<\/a><\/p>\n","protected":false},"excerpt":{"rendered":"<p>La agrupaci\u00f3n&nbsp;Turbo Soul, conformada por Gabriel Rivas (voz), Marcial Rodr\u00edguez (guitarra), Samuel S\u00e1nchez (guitarra), Daniel &#8220;Cheky&#8221; Jelinek (bater\u00eda), Omar Oses (bajo) y Zadkiel Zerpa (saxo) pre-estrenar\u00e1 este s\u00e1bado 23 de junio su primer video oficial que llevar\u00e1 por nombre&nbsp;&#8220;No s\u00e9 bailar, no s\u00e9 cantar&#8221;.&nbsp;Esta primera pieza audiovisual de la banda fue dirigida por Alejandro Hern\u00e1ndez-Vera. [&hellip;]<\/p>\n","protected":false},"author":4,"featured_media":100005576,"comment_status":"open","ping_status":"open","sticky":false,"template":"","format":"standard","meta":{"_jetpack_memberships_contains_paid_content":false,"footnotes":""},"categories":[142],"tags":[],"class_list":["post-5576","post","type-post","status-publish","format-standard","has-post-thumbnail","hentry","category-buzznews"],"jetpack_featured_media_url":"https:\/\/www.oidossucios.com\/site\/wp-content\/uploads\/2012\/06\/5576.jpg","yoast_head":"<!-- This site is optimized with the Yoast SEO plugin v14.0.4 - https:\/\/yoast.com\/wordpress\/plugins\/seo\/ -->\n<title>Turbo Soul estrenar\u00e1 su primer video oficial &quot;No s\u00e9 bailar, no s\u00e9 cantar&quot; - OidosSucios.Com<\/title>\n<meta name=\"robots\" content=\"index, follow\" \/>\n<meta name=\"googlebot\" content=\"index, follow, max-snippet:-1, max-image-preview:large, max-video-preview:-1\" \/>\n<meta name=\"bingbot\" content=\"index, follow, max-snippet:-1, max-image-preview:large, max-video-preview:-1\" \/>\n<link rel=\"canonical\" href=\"https:\/\/www.oidossucios.com\/site\/turbo-soul-estrenara-su-primer-video-oficial-no-se-bailar-no-se-cantar\/\" \/>\n<meta property=\"og:locale\" content=\"es_ES\" \/>\n<meta property=\"og:type\" content=\"article\" \/>\n<meta property=\"og:title\" content=\"Turbo Soul estrenar\u00e1 su primer video oficial &quot;No s\u00e9 bailar, no s\u00e9 cantar&quot; - OidosSucios.Com\" \/>\n<meta property=\"og:description\" content=\"La agrupaci\u00f3n&nbsp;Turbo Soul, conformada por Gabriel Rivas (voz), Marcial Rodr\u00edguez (guitarra), Samuel S\u00e1nchez (guitarra), Daniel &#8220;Cheky&#8221; Jelinek (bater\u00eda), Omar Oses (bajo) y Zadkiel Zerpa (saxo) pre-estrenar\u00e1 este s\u00e1bado 23 de junio su primer video oficial que llevar\u00e1 por nombre&nbsp;&#8220;No s\u00e9 bailar, no s\u00e9 cantar&#8221;.&nbsp;Esta primera pieza audiovisual de la banda fue dirigida por Alejandro Hern\u00e1ndez-Vera. [&hellip;]\" \/>\n<meta property=\"og:url\" content=\"https:\/\/www.oidossucios.com\/site\/turbo-soul-estrenara-su-primer-video-oficial-no-se-bailar-no-se-cantar\/\" \/>\n<meta property=\"og:site_name\" content=\"OidosSucios.Com\" \/>\n<meta property=\"article:published_time\" content=\"2012-06-14T17:37:00+00:00\" \/>\n<meta property=\"og:image\" content=\"https:\/\/www.oidossucios.com\/site\/wp-content\/uploads\/2012\/06\/5576.jpg\" \/>\n\t<meta property=\"og:image:width\" content=\"350\" \/>\n\t<meta property=\"og:image:height\" content=\"300\" \/>\n<meta name=\"twitter:card\" content=\"summary_large_image\" \/>\n<meta name=\"twitter:creator\" content=\"@oidossucios\" \/>\n<script type=\"application\/ld+json\" class=\"yoast-schema-graph\">{\"@context\":\"https:\/\/schema.org\",\"@graph\":[{\"@type\":\"WebSite\",\"@id\":\"https:\/\/www.oidossucios.com\/site\/#website\",\"url\":\"https:\/\/www.oidossucios.com\/site\/\",\"name\":\"OidosSucios.Com\",\"description\":\"M\\u00fasica, conciertos, discos\",\"potentialAction\":[{\"@type\":\"SearchAction\",\"target\":\"https:\/\/www.oidossucios.com\/site\/?s={search_term_string}\",\"query-input\":\"required name=search_term_string\"}],\"inLanguage\":\"es\"},{\"@type\":\"ImageObject\",\"@id\":\"https:\/\/www.oidossucios.com\/site\/turbo-soul-estrenara-su-primer-video-oficial-no-se-bailar-no-se-cantar\/#primaryimage\",\"inLanguage\":\"es\",\"url\":\"https:\/\/www.oidossucios.com\/site\/wp-content\/uploads\/2012\/06\/5576.jpg\",\"width\":350,\"height\":300},{\"@type\":\"WebPage\",\"@id\":\"https:\/\/www.oidossucios.com\/site\/turbo-soul-estrenara-su-primer-video-oficial-no-se-bailar-no-se-cantar\/#webpage\",\"url\":\"https:\/\/www.oidossucios.com\/site\/turbo-soul-estrenara-su-primer-video-oficial-no-se-bailar-no-se-cantar\/\",\"name\":\"Turbo Soul estrenar\\u00e1 su primer video oficial &quot;No s\\u00e9 bailar, no s\\u00e9 cantar&quot; - OidosSucios.Com\",\"isPartOf\":{\"@id\":\"https:\/\/www.oidossucios.com\/site\/#website\"},\"primaryImageOfPage\":{\"@id\":\"https:\/\/www.oidossucios.com\/site\/turbo-soul-estrenara-su-primer-video-oficial-no-se-bailar-no-se-cantar\/#primaryimage\"},\"datePublished\":\"2012-06-14T17:37:00+00:00\",\"dateModified\":\"2012-06-14T17:37:00+00:00\",\"author\":{\"@id\":\"https:\/\/www.oidossucios.com\/site\/#\/schema\/person\/24559eeb76bf83a63296fb072393a688\"},\"inLanguage\":\"es\",\"potentialAction\":[{\"@type\":\"ReadAction\",\"target\":[\"https:\/\/www.oidossucios.com\/site\/turbo-soul-estrenara-su-primer-video-oficial-no-se-bailar-no-se-cantar\/\"]}]},{\"@type\":[\"Person\"],\"@id\":\"https:\/\/www.oidossucios.com\/site\/#\/schema\/person\/24559eeb76bf83a63296fb072393a688\",\"name\":\"Oidossucios\",\"image\":{\"@type\":\"ImageObject\",\"@id\":\"https:\/\/www.oidossucios.com\/site\/#personlogo\",\"inLanguage\":\"es\",\"url\":\"https:\/\/secure.gravatar.com\/avatar\/74fcb480f42f1a33e50a0b6e6369a3f907be2e43dc84fa5f76c66e9c22b4a5ab?s=96&d=mm&r=g\",\"caption\":\"Oidossucios\"},\"sameAs\":[\"https:\/\/twitter.com\/oidossucios\"]}]}<\/script>\n<!-- \/ Yoast SEO plugin. -->","jetpack_sharing_enabled":true,"_links":{"self":[{"href":"https:\/\/www.oidossucios.com\/site\/wp-json\/wp\/v2\/posts\/5576","targetHints":{"allow":["GET"]}}],"collection":[{"href":"https:\/\/www.oidossucios.com\/site\/wp-json\/wp\/v2\/posts"}],"about":[{"href":"https:\/\/www.oidossucios.com\/site\/wp-json\/wp\/v2\/types\/post"}],"author":[{"embeddable":true,"href":"https:\/\/www.oidossucios.com\/site\/wp-json\/wp\/v2\/users\/4"}],"replies":[{"embeddable":true,"href":"https:\/\/www.oidossucios.com\/site\/wp-json\/wp\/v2\/comments?post=5576"}],"version-history":[{"count":0,"href":"https:\/\/www.oidossucios.com\/site\/wp-json\/wp\/v2\/posts\/5576\/revisions"}],"wp:featuredmedia":[{"embeddable":true,"href":"https:\/\/www.oidossucios.com\/site\/wp-json\/wp\/v2\/media\/100005576"}],"wp:attachment":[{"href":"https:\/\/www.oidossucios.com\/site\/wp-json\/wp\/v2\/media?parent=5576"}],"wp:term":[{"taxonomy":"category","embeddable":true,"href":"https:\/\/www.oidossucios.com\/site\/wp-json\/wp\/v2\/categories?post=5576"},{"taxonomy":"post_tag","embeddable":true,"href":"https:\/\/www.oidossucios.com\/site\/wp-json\/wp\/v2\/tags?post=5576"}],"curies":[{"name":"wp","href":"https:\/\/api.w.org\/{rel}","templated":true}]}}