{"id":5577,"date":"2012-06-14T18:11:00","date_gmt":"2012-06-14T18:11:00","guid":{"rendered":"https:\/\/www.oidossucios.com\/site\/2012\/06\/14\/green-day-publico-el-trailer-de-uno-el-primer-disco-de-su-trilogia\/"},"modified":"2012-06-14T18:11:00","modified_gmt":"2012-06-14T18:11:00","slug":"green-day-publico-el-trailer-de-uno-el-primer-disco-de-su-trilogia","status":"publish","type":"post","link":"https:\/\/www.oidossucios.com\/site\/green-day-publico-el-trailer-de-uno-el-primer-disco-de-su-trilogia\/","title":{"rendered":"Green Day public\u00f3 el tr\u00e1iler de &#8220;\u00a1Uno!&#8221;, el primer disco de su trilog\u00eda"},"content":{"rendered":"\n<p>Green Day&nbsp;subi\u00f3 a su canal de YouTube el d\u00eda de hoy el tr\u00e1iler de su nuevo \u00e1lbum <i>\u00a1Uno!<\/i>, que ser\u00e1 el primero en salir de su trilog\u00eda de discos llamada&nbsp;<i>\u00a1Uno!<\/i>,&nbsp;<i>\u00a1Dos!<\/i>&nbsp;y&nbsp;<i>\u00a1Tr\u00e9!<\/i>&nbsp;<\/p>\n<p><i>\u00a1Uno! <\/i>ver\u00e1 luz el pr\u00f3ximo 25 de septiembre.<\/p>\n<p>Los tres \u00e1lbumes fueron producidos por&nbsp;Rob Cavallo, quien ya trabaj\u00f3 con la banda en&nbsp;<i>American Idiot<\/i>,&nbsp;y ha ejercido de productor con Paramore, Dave Matthews Band, etc.<\/p>\n<p>Los otros dos disco restantes de la trilog\u00eda no tardar\u00e1n mucho en salir,&nbsp;<i>\u00a1Dos!<\/i>&nbsp;se publicar\u00e1 el 12 de noviembre en Europa y al d\u00eda siguiente en Estados Unidos; mientras que&nbsp;<i>\u00a1Tr\u00e9!<\/i>&nbsp;saldr\u00e1 el 14 de enero de 2013.<\/p>\n<p>Green Day explic\u00f3 a principios de a\u00f1o, cuando estaba en plena fase de grabaci\u00f3n de su trilog\u00eda, que se encuentra en &#8220;la \u00e9poca m\u00e1s prol\u00edfica y creativa&#8221; de sus vidas.&nbsp;&#8220;Es la mejor m\u00fasica que hemos escrito&#8221;, dec\u00edan por aquel entonces. &#8220;Cada canci\u00f3n tiene el poder y la energ\u00eda que representa a Green Day en todos los niveles emocionales&#8221; a\u00f1adieron.<\/p>\n<p><i>\u00a1Uno!<\/i>,&nbsp;<i>\u00a1Dos!<\/i>&nbsp;y&nbsp;<i>\u00a1Tr\u00e9!<\/i>&nbsp;ya pueden reservarse en&nbsp;<a target=\"_blank\" href=\"http:\/\/www.greenday.com\/\" rel=\"noopener noreferrer\">www.greenday.com<\/a>&nbsp;o <a href=\"http:\/\/www.greendaytrio.warnerreprise.com\/\">www.greendaytrio.warnerreprise.com<\/a>.&nbsp;<\/p>\n<p>La portada de <i>\u00a1Uno!<\/i>&nbsp;en la galer\u00eda.<\/p>\n<p><!--nextpage--><img decoding=\"async\" class=\"aligncenter size-medium wp-image-111115625\" src=\"https:\/\/www.oidossucios.com\/site\/wp-content\/uploads\/2020\/02\/5625.jpg\" alt=\"Green Day public\u00f3 el tr\u00e1iler de \"\u00a1Uno!\", el primer disco de su trilog\u00eda\"  \/><a href='https:\/\/www.oidossucios.com\/site\/green-day-publico-el-trailer-de-uno-el-primer-disco-de-su-trilogia\/2\/'\n                        onclick='if (tpsInstance) { tpsInstance.setNext(); return false; }'\n                        rel='next'\n                        style=''\n                        class=''>Ver galer\u00eda<\/a>]]><\/p>\n","protected":false},"excerpt":{"rendered":"<p>Green Day subi\u00f3 a su canal de YouTube el tr\u00e1iler de su nuevo \u00e1lbum &quot;\u00a1Uno!&quot;, que ser\u00e1 el primero en salir de su trilog\u00eda de discos llamada &quot;\u00a1Uno!&quot;, &quot;\u00a1Dos!&quot; y &quot;\u00a1Tr\u00e9!&quot;. <\/p>\n","protected":false},"author":4,"featured_media":100005577,"comment_status":"open","ping_status":"open","sticky":false,"template":"","format":"standard","meta":{"_jetpack_memberships_contains_paid_content":false,"footnotes":""},"categories":[250],"tags":[],"class_list":["post-5577","post","type-post","status-publish","format-standard","has-post-thumbnail","hentry","category-noticias"],"jetpack_featured_media_url":"https:\/\/www.oidossucios.com\/site\/wp-content\/uploads\/2012\/06\/5577.jpg","yoast_head":"<!-- This site is optimized with the Yoast SEO plugin v14.0.4 - https:\/\/yoast.com\/wordpress\/plugins\/seo\/ -->\n<title>Green Day public\u00f3 el tr\u00e1iler de &quot;\u00a1Uno!&quot;, el primer disco de su trilog\u00eda - OidosSucios.Com<\/title>\n<meta name=\"description\" content=\"Green Day subi\u00f3 a su canal de YouTube el tr\u00e1iler de su nuevo \u00e1lbum &quot;\u00a1Uno!&quot;, que ser\u00e1 el primero en salir de su trilog\u00eda de discos llamada &quot;\u00a1Uno!&quot;, &quot;\u00a1Dos!&quot; y &quot;\u00a1Tr\u00e9!&quot;.\" \/>\n<meta name=\"robots\" content=\"index, follow\" \/>\n<meta name=\"googlebot\" content=\"index, follow, max-snippet:-1, max-image-preview:large, max-video-preview:-1\" \/>\n<meta name=\"bingbot\" content=\"index, follow, max-snippet:-1, max-image-preview:large, max-video-preview:-1\" \/>\n<link rel=\"canonical\" href=\"https:\/\/www.oidossucios.com\/site\/green-day-publico-el-trailer-de-uno-el-primer-disco-de-su-trilogia\/\" \/>\n<link rel=\"next\" href=\"https:\/\/www.oidossucios.com\/site\/green-day-publico-el-trailer-de-uno-el-primer-disco-de-su-trilogia\/2\/\" \/>\n<meta property=\"og:locale\" content=\"es_ES\" \/>\n<meta property=\"og:type\" content=\"article\" \/>\n<meta property=\"og:title\" content=\"Green Day public\u00f3 el tr\u00e1iler de &quot;\u00a1Uno!&quot;, el primer disco de su trilog\u00eda - OidosSucios.Com\" \/>\n<meta property=\"og:description\" content=\"Green Day subi\u00f3 a su canal de YouTube el tr\u00e1iler de su nuevo \u00e1lbum &quot;\u00a1Uno!&quot;, que ser\u00e1 el primero en salir de su trilog\u00eda de discos llamada &quot;\u00a1Uno!&quot;, &quot;\u00a1Dos!&quot; y &quot;\u00a1Tr\u00e9!&quot;.\" \/>\n<meta property=\"og:url\" content=\"https:\/\/www.oidossucios.com\/site\/green-day-publico-el-trailer-de-uno-el-primer-disco-de-su-trilogia\/\" \/>\n<meta property=\"og:site_name\" content=\"OidosSucios.Com\" \/>\n<meta property=\"article:published_time\" content=\"2012-06-14T18:11:00+00:00\" \/>\n<meta property=\"og:image\" content=\"https:\/\/www.oidossucios.com\/site\/wp-content\/uploads\/2012\/06\/5577.jpg\" \/>\n\t<meta property=\"og:image:width\" content=\"350\" \/>\n\t<meta property=\"og:image:height\" content=\"300\" \/>\n<meta name=\"twitter:card\" content=\"summary_large_image\" \/>\n<meta name=\"twitter:creator\" content=\"@oidossucios\" \/>\n<script type=\"application\/ld+json\" class=\"yoast-schema-graph\">{\"@context\":\"https:\/\/schema.org\",\"@graph\":[{\"@type\":\"WebSite\",\"@id\":\"https:\/\/www.oidossucios.com\/site\/#website\",\"url\":\"https:\/\/www.oidossucios.com\/site\/\",\"name\":\"OidosSucios.Com\",\"description\":\"M\\u00fasica, conciertos, discos\",\"potentialAction\":[{\"@type\":\"SearchAction\",\"target\":\"https:\/\/www.oidossucios.com\/site\/?s={search_term_string}\",\"query-input\":\"required name=search_term_string\"}],\"inLanguage\":\"es\"},{\"@type\":\"ImageObject\",\"@id\":\"https:\/\/www.oidossucios.com\/site\/green-day-publico-el-trailer-de-uno-el-primer-disco-de-su-trilogia\/#primaryimage\",\"inLanguage\":\"es\",\"url\":\"https:\/\/www.oidossucios.com\/site\/wp-content\/uploads\/2012\/06\/5577.jpg\",\"width\":350,\"height\":300},{\"@type\":\"WebPage\",\"@id\":\"https:\/\/www.oidossucios.com\/site\/green-day-publico-el-trailer-de-uno-el-primer-disco-de-su-trilogia\/#webpage\",\"url\":\"https:\/\/www.oidossucios.com\/site\/green-day-publico-el-trailer-de-uno-el-primer-disco-de-su-trilogia\/\",\"name\":\"Green Day public\\u00f3 el tr\\u00e1iler de \\\"\\u00a1Uno!\\\", el primer disco de su trilog\\u00eda - OidosSucios.Com\",\"isPartOf\":{\"@id\":\"https:\/\/www.oidossucios.com\/site\/#website\"},\"primaryImageOfPage\":{\"@id\":\"https:\/\/www.oidossucios.com\/site\/green-day-publico-el-trailer-de-uno-el-primer-disco-de-su-trilogia\/#primaryimage\"},\"datePublished\":\"2012-06-14T18:11:00+00:00\",\"dateModified\":\"2012-06-14T18:11:00+00:00\",\"author\":{\"@id\":\"https:\/\/www.oidossucios.com\/site\/#\/schema\/person\/24559eeb76bf83a63296fb072393a688\"},\"description\":\"Green Day subi\\u00f3 a su canal de YouTube el tr\\u00e1iler de su nuevo \\u00e1lbum &quot;\\u00a1Uno!&quot;, que ser\\u00e1 el primero en salir de su trilog\\u00eda de discos llamada &quot;\\u00a1Uno!&quot;, &quot;\\u00a1Dos!&quot; y &quot;\\u00a1Tr\\u00e9!&quot;.\",\"inLanguage\":\"es\",\"potentialAction\":[{\"@type\":\"ReadAction\",\"target\":[\"https:\/\/www.oidossucios.com\/site\/green-day-publico-el-trailer-de-uno-el-primer-disco-de-su-trilogia\/\"]}]},{\"@type\":[\"Person\"],\"@id\":\"https:\/\/www.oidossucios.com\/site\/#\/schema\/person\/24559eeb76bf83a63296fb072393a688\",\"name\":\"Oidossucios\",\"image\":{\"@type\":\"ImageObject\",\"@id\":\"https:\/\/www.oidossucios.com\/site\/#personlogo\",\"inLanguage\":\"es\",\"url\":\"https:\/\/secure.gravatar.com\/avatar\/74fcb480f42f1a33e50a0b6e6369a3f907be2e43dc84fa5f76c66e9c22b4a5ab?s=96&d=mm&r=g\",\"caption\":\"Oidossucios\"},\"sameAs\":[\"https:\/\/twitter.com\/oidossucios\"]}]}<\/script>\n<!-- \/ Yoast SEO plugin. -->","jetpack_sharing_enabled":true,"_links":{"self":[{"href":"https:\/\/www.oidossucios.com\/site\/wp-json\/wp\/v2\/posts\/5577","targetHints":{"allow":["GET"]}}],"collection":[{"href":"https:\/\/www.oidossucios.com\/site\/wp-json\/wp\/v2\/posts"}],"about":[{"href":"https:\/\/www.oidossucios.com\/site\/wp-json\/wp\/v2\/types\/post"}],"author":[{"embeddable":true,"href":"https:\/\/www.oidossucios.com\/site\/wp-json\/wp\/v2\/users\/4"}],"replies":[{"embeddable":true,"href":"https:\/\/www.oidossucios.com\/site\/wp-json\/wp\/v2\/comments?post=5577"}],"version-history":[{"count":0,"href":"https:\/\/www.oidossucios.com\/site\/wp-json\/wp\/v2\/posts\/5577\/revisions"}],"wp:featuredmedia":[{"embeddable":true,"href":"https:\/\/www.oidossucios.com\/site\/wp-json\/wp\/v2\/media\/100005577"}],"wp:attachment":[{"href":"https:\/\/www.oidossucios.com\/site\/wp-json\/wp\/v2\/media?parent=5577"}],"wp:term":[{"taxonomy":"category","embeddable":true,"href":"https:\/\/www.oidossucios.com\/site\/wp-json\/wp\/v2\/categories?post=5577"},{"taxonomy":"post_tag","embeddable":true,"href":"https:\/\/www.oidossucios.com\/site\/wp-json\/wp\/v2\/tags?post=5577"}],"curies":[{"name":"wp","href":"https:\/\/api.w.org\/{rel}","templated":true}]}}