{"id":5585,"date":"2012-06-15T17:17:00","date_gmt":"2012-06-15T17:17:00","guid":{"rendered":"https:\/\/www.oidossucios.com\/site\/2012\/06\/15\/van-halen-habla-sobre-la-cancelacion-de-su-gira\/"},"modified":"2012-06-15T17:17:00","modified_gmt":"2012-06-15T17:17:00","slug":"van-halen-habla-sobre-la-cancelacion-de-su-gira","status":"publish","type":"post","link":"https:\/\/www.oidossucios.com\/site\/van-halen-habla-sobre-la-cancelacion-de-su-gira\/","title":{"rendered":"Van Halen habla sobre la cancelaci\u00f3n de su gira"},"content":{"rendered":"\n<p class=\"MsoNormal\">Luego de la&nbsp;cancelaci\u00f3n&nbsp;de la gira completa de Van Halen -la cual cerrar\u00e1 el 26 de junio, en Nueva Orleans-, Eddie Van Halen explica las razones que llevaron a la banda a tomar dicha decisi\u00f3n, descartando problemas internos.<\/p>\n<p>&#8220;Mordimos m\u00e1s de lo que pod\u00edamos masticar&#8221;, asegur\u00f3 el m\u00fasico en entrevista con USA Today, y agreg\u00f3: &#8220;Este disco (<i>A Different Kind Of Truth<\/i>) tom\u00f3 mucho de nosotros y empezamos la gira m\u00e1s temprano de lo que quer\u00edamos, as\u00ed pudimos tocar en el Madison Square Garden, (antes de una renovaci\u00f3n) y eso puso la agenda fuera de control&#8221;.<\/p>\n<p>Sobre la relaci\u00f3n entre los miembros de la banda, Eddie revel\u00f3 a Rolling Stone que es totalmente falso lo que declarara hace unas semanas una &#8220;fuente cercana&#8221;, quien dijo que &#8220;se odian unos a otros&#8221;, pues de hecho tienen planeado &#8220;algo especial&#8221; para el pr\u00f3ximo a\u00f1o.<\/p>\n<p class=\"MsoNormal\"><o:p><\/o:p><\/p>\n<p class=\"MsoNormal\">\n<p>Fuente: www.warp.la<o:p><\/o:p><\/p>\n","protected":false},"excerpt":{"rendered":"<p>Luego de la&nbsp;cancelaci\u00f3n&nbsp;de la gira completa de Van Halen -la cual cerrar\u00e1 el 26 de junio, en Nueva Orleans-, Eddie Van Halen explica las razones que llevaron a la banda a tomar dicha decisi\u00f3n, descartando problemas internos. &#8220;Mordimos m\u00e1s de lo que pod\u00edamos masticar&#8221;, asegur\u00f3 el m\u00fasico en entrevista con USA Today, y agreg\u00f3: &#8220;Este [&hellip;]<\/p>\n","protected":false},"author":4,"featured_media":100005585,"comment_status":"open","ping_status":"open","sticky":false,"template":"","format":"standard","meta":{"_jetpack_memberships_contains_paid_content":false,"footnotes":""},"categories":[142],"tags":[],"class_list":["post-5585","post","type-post","status-publish","format-standard","has-post-thumbnail","hentry","category-buzznews"],"jetpack_featured_media_url":"https:\/\/www.oidossucios.com\/site\/wp-content\/uploads\/2012\/06\/5585.jpg","yoast_head":"<!-- This site is optimized with the Yoast SEO plugin v14.0.4 - https:\/\/yoast.com\/wordpress\/plugins\/seo\/ -->\n<title>Van Halen habla sobre la cancelaci\u00f3n de su gira - OidosSucios.Com<\/title>\n<meta name=\"robots\" content=\"index, follow\" \/>\n<meta name=\"googlebot\" content=\"index, follow, max-snippet:-1, max-image-preview:large, max-video-preview:-1\" \/>\n<meta name=\"bingbot\" content=\"index, follow, max-snippet:-1, max-image-preview:large, max-video-preview:-1\" \/>\n<link rel=\"canonical\" href=\"https:\/\/www.oidossucios.com\/site\/van-halen-habla-sobre-la-cancelacion-de-su-gira\/\" \/>\n<meta property=\"og:locale\" content=\"es_ES\" \/>\n<meta property=\"og:type\" content=\"article\" \/>\n<meta property=\"og:title\" content=\"Van Halen habla sobre la cancelaci\u00f3n de su gira - OidosSucios.Com\" \/>\n<meta property=\"og:description\" content=\"Luego de la&nbsp;cancelaci\u00f3n&nbsp;de la gira completa de Van Halen -la cual cerrar\u00e1 el 26 de junio, en Nueva Orleans-, Eddie Van Halen explica las razones que llevaron a la banda a tomar dicha decisi\u00f3n, descartando problemas internos. &#8220;Mordimos m\u00e1s de lo que pod\u00edamos masticar&#8221;, asegur\u00f3 el m\u00fasico en entrevista con USA Today, y agreg\u00f3: &#8220;Este [&hellip;]\" \/>\n<meta property=\"og:url\" content=\"https:\/\/www.oidossucios.com\/site\/van-halen-habla-sobre-la-cancelacion-de-su-gira\/\" \/>\n<meta property=\"og:site_name\" content=\"OidosSucios.Com\" \/>\n<meta property=\"article:published_time\" content=\"2012-06-15T17:17:00+00:00\" \/>\n<meta property=\"og:image\" content=\"https:\/\/www.oidossucios.com\/site\/wp-content\/uploads\/2012\/06\/5585.jpg\" \/>\n\t<meta property=\"og:image:width\" content=\"350\" \/>\n\t<meta property=\"og:image:height\" content=\"300\" \/>\n<meta name=\"twitter:card\" content=\"summary_large_image\" \/>\n<meta name=\"twitter:creator\" content=\"@oidossucios\" \/>\n<script type=\"application\/ld+json\" class=\"yoast-schema-graph\">{\"@context\":\"https:\/\/schema.org\",\"@graph\":[{\"@type\":\"WebSite\",\"@id\":\"https:\/\/www.oidossucios.com\/site\/#website\",\"url\":\"https:\/\/www.oidossucios.com\/site\/\",\"name\":\"OidosSucios.Com\",\"description\":\"M\\u00fasica, conciertos, discos\",\"potentialAction\":[{\"@type\":\"SearchAction\",\"target\":\"https:\/\/www.oidossucios.com\/site\/?s={search_term_string}\",\"query-input\":\"required name=search_term_string\"}],\"inLanguage\":\"es\"},{\"@type\":\"ImageObject\",\"@id\":\"https:\/\/www.oidossucios.com\/site\/van-halen-habla-sobre-la-cancelacion-de-su-gira\/#primaryimage\",\"inLanguage\":\"es\",\"url\":\"https:\/\/www.oidossucios.com\/site\/wp-content\/uploads\/2012\/06\/5585.jpg\",\"width\":350,\"height\":300},{\"@type\":\"WebPage\",\"@id\":\"https:\/\/www.oidossucios.com\/site\/van-halen-habla-sobre-la-cancelacion-de-su-gira\/#webpage\",\"url\":\"https:\/\/www.oidossucios.com\/site\/van-halen-habla-sobre-la-cancelacion-de-su-gira\/\",\"name\":\"Van Halen habla sobre la cancelaci\\u00f3n de su gira - OidosSucios.Com\",\"isPartOf\":{\"@id\":\"https:\/\/www.oidossucios.com\/site\/#website\"},\"primaryImageOfPage\":{\"@id\":\"https:\/\/www.oidossucios.com\/site\/van-halen-habla-sobre-la-cancelacion-de-su-gira\/#primaryimage\"},\"datePublished\":\"2012-06-15T17:17:00+00:00\",\"dateModified\":\"2012-06-15T17:17:00+00:00\",\"author\":{\"@id\":\"https:\/\/www.oidossucios.com\/site\/#\/schema\/person\/24559eeb76bf83a63296fb072393a688\"},\"inLanguage\":\"es\",\"potentialAction\":[{\"@type\":\"ReadAction\",\"target\":[\"https:\/\/www.oidossucios.com\/site\/van-halen-habla-sobre-la-cancelacion-de-su-gira\/\"]}]},{\"@type\":[\"Person\"],\"@id\":\"https:\/\/www.oidossucios.com\/site\/#\/schema\/person\/24559eeb76bf83a63296fb072393a688\",\"name\":\"Oidossucios\",\"image\":{\"@type\":\"ImageObject\",\"@id\":\"https:\/\/www.oidossucios.com\/site\/#personlogo\",\"inLanguage\":\"es\",\"url\":\"https:\/\/secure.gravatar.com\/avatar\/74fcb480f42f1a33e50a0b6e6369a3f907be2e43dc84fa5f76c66e9c22b4a5ab?s=96&d=mm&r=g\",\"caption\":\"Oidossucios\"},\"sameAs\":[\"https:\/\/twitter.com\/oidossucios\"]}]}<\/script>\n<!-- \/ Yoast SEO plugin. -->","jetpack_sharing_enabled":true,"_links":{"self":[{"href":"https:\/\/www.oidossucios.com\/site\/wp-json\/wp\/v2\/posts\/5585","targetHints":{"allow":["GET"]}}],"collection":[{"href":"https:\/\/www.oidossucios.com\/site\/wp-json\/wp\/v2\/posts"}],"about":[{"href":"https:\/\/www.oidossucios.com\/site\/wp-json\/wp\/v2\/types\/post"}],"author":[{"embeddable":true,"href":"https:\/\/www.oidossucios.com\/site\/wp-json\/wp\/v2\/users\/4"}],"replies":[{"embeddable":true,"href":"https:\/\/www.oidossucios.com\/site\/wp-json\/wp\/v2\/comments?post=5585"}],"version-history":[{"count":0,"href":"https:\/\/www.oidossucios.com\/site\/wp-json\/wp\/v2\/posts\/5585\/revisions"}],"wp:featuredmedia":[{"embeddable":true,"href":"https:\/\/www.oidossucios.com\/site\/wp-json\/wp\/v2\/media\/100005585"}],"wp:attachment":[{"href":"https:\/\/www.oidossucios.com\/site\/wp-json\/wp\/v2\/media?parent=5585"}],"wp:term":[{"taxonomy":"category","embeddable":true,"href":"https:\/\/www.oidossucios.com\/site\/wp-json\/wp\/v2\/categories?post=5585"},{"taxonomy":"post_tag","embeddable":true,"href":"https:\/\/www.oidossucios.com\/site\/wp-json\/wp\/v2\/tags?post=5585"}],"curies":[{"name":"wp","href":"https:\/\/api.w.org\/{rel}","templated":true}]}}