{"id":5604,"date":"2012-06-19T18:59:00","date_gmt":"2012-06-19T18:59:00","guid":{"rendered":"https:\/\/www.oidossucios.com\/site\/2012\/06\/19\/video-chris-cornell-toca-cover-a-a-day-in-the-life-por-el-cumpleanos-de-paul-mccartney\/"},"modified":"2012-06-19T18:59:00","modified_gmt":"2012-06-19T18:59:00","slug":"video-chris-cornell-toca-cover-a-a-day-in-the-life-por-el-cumpleanos-de-paul-mccartney","status":"publish","type":"post","link":"https:\/\/www.oidossucios.com\/site\/video-chris-cornell-toca-cover-a-a-day-in-the-life-por-el-cumpleanos-de-paul-mccartney\/","title":{"rendered":"Video: Chris Cornell toca cover a &#8220;A Day In The Life&#8221; por el cumplea\u00f1os de Paul McCartney"},"content":{"rendered":"<p>Por <\/p>\n<p>El pasado 18 de junio, Paul McCartney fue celebrado en todo el mundo por su cumplea\u00f1os n\u00famero 70, hecho que fue recordado por Chris Cornell durante una sesi\u00f3n ac\u00fastica que ofreci\u00f3 en el Palladium Theatre, en Londres.<\/p>\n<p>Por ello, en un momento de la noche, el frontman de Soundgarden anunci\u00f3: &#8220;Hoy es el cumplea\u00f1os de Paul McCartney. Tiene 70 a\u00f1os. \u00c9l fue un caballero. \u00bfSaben por qu\u00e9 \u00e9l fue un caballero? Pag\u00f3 impuestos\u0085 lo que no estoy seguro si vale la pena. La gente en ocasiones me dice Sir, y yo no pago ni mie***\u0085 pero lo amo igual&#8221;.<\/p>\n<p>As\u00ed fue que decidi\u00f3 interpretar su reversi\u00f3n a &#8220;A Day In A Life&#8221;, original de The Beatles, no sin antes ofrecer un recorrido por su carrera musical, incluidos \u00e9xitos como &#8220;Black Hole Sun&#8221; y &#8220;Like A Stone&#8221;.<\/p>\n<p>Fuente: www.warp.la<\/p>\n","protected":false},"excerpt":{"rendered":"<p>El pasado 18 de junio, Paul McCartney cumpli\u00f3 70 a\u00f1os, hecho que fue recordado por Chris Cornell durante un concierto que ofreci\u00f3 en Londres.<\/p>\n","protected":false},"author":4,"featured_media":100005604,"comment_status":"open","ping_status":"open","sticky":false,"template":"","format":"standard","meta":{"_jetpack_memberships_contains_paid_content":false,"footnotes":""},"categories":[685],"tags":[],"class_list":["post-5604","post","type-post","status-publish","format-standard","has-post-thumbnail","hentry","category-ultima"],"jetpack_featured_media_url":"https:\/\/www.oidossucios.com\/site\/wp-content\/uploads\/2012\/06\/5604.jpg","yoast_head":"<!-- This site is optimized with the Yoast SEO plugin v14.0.4 - https:\/\/yoast.com\/wordpress\/plugins\/seo\/ -->\n<title>Video: Chris Cornell toca cover a &quot;A Day In The Life&quot; por el cumplea\u00f1os de Paul McCartney - OidosSucios.Com<\/title>\n<meta name=\"description\" content=\"El pasado 18 de junio, Paul McCartney cumpli\u00f3 70 a\u00f1os, hecho que fue recordado por Chris Cornell durante un concierto que ofreci\u00f3 en Londres.\" \/>\n<meta name=\"robots\" content=\"index, follow\" \/>\n<meta name=\"googlebot\" content=\"index, follow, max-snippet:-1, max-image-preview:large, max-video-preview:-1\" \/>\n<meta name=\"bingbot\" content=\"index, follow, max-snippet:-1, max-image-preview:large, max-video-preview:-1\" \/>\n<link rel=\"canonical\" href=\"https:\/\/www.oidossucios.com\/site\/video-chris-cornell-toca-cover-a-a-day-in-the-life-por-el-cumpleanos-de-paul-mccartney\/\" \/>\n<meta property=\"og:locale\" content=\"es_ES\" \/>\n<meta property=\"og:type\" content=\"article\" \/>\n<meta property=\"og:title\" content=\"Video: Chris Cornell toca cover a &quot;A Day In The Life&quot; por el cumplea\u00f1os de Paul McCartney - OidosSucios.Com\" \/>\n<meta property=\"og:description\" content=\"El pasado 18 de junio, Paul McCartney cumpli\u00f3 70 a\u00f1os, hecho que fue recordado por Chris Cornell durante un concierto que ofreci\u00f3 en Londres.\" \/>\n<meta property=\"og:url\" content=\"https:\/\/www.oidossucios.com\/site\/video-chris-cornell-toca-cover-a-a-day-in-the-life-por-el-cumpleanos-de-paul-mccartney\/\" \/>\n<meta property=\"og:site_name\" content=\"OidosSucios.Com\" \/>\n<meta property=\"article:published_time\" content=\"2012-06-19T18:59:00+00:00\" \/>\n<meta property=\"og:image\" content=\"https:\/\/www.oidossucios.com\/site\/wp-content\/uploads\/2012\/06\/5604.jpg\" \/>\n\t<meta property=\"og:image:width\" content=\"350\" \/>\n\t<meta property=\"og:image:height\" content=\"300\" \/>\n<meta name=\"twitter:card\" content=\"summary_large_image\" \/>\n<meta name=\"twitter:creator\" content=\"@oidossucios\" \/>\n<script type=\"application\/ld+json\" class=\"yoast-schema-graph\">{\"@context\":\"https:\/\/schema.org\",\"@graph\":[{\"@type\":\"WebSite\",\"@id\":\"https:\/\/www.oidossucios.com\/site\/#website\",\"url\":\"https:\/\/www.oidossucios.com\/site\/\",\"name\":\"OidosSucios.Com\",\"description\":\"M\\u00fasica, conciertos, discos\",\"potentialAction\":[{\"@type\":\"SearchAction\",\"target\":\"https:\/\/www.oidossucios.com\/site\/?s={search_term_string}\",\"query-input\":\"required name=search_term_string\"}],\"inLanguage\":\"es\"},{\"@type\":\"ImageObject\",\"@id\":\"https:\/\/www.oidossucios.com\/site\/video-chris-cornell-toca-cover-a-a-day-in-the-life-por-el-cumpleanos-de-paul-mccartney\/#primaryimage\",\"inLanguage\":\"es\",\"url\":\"https:\/\/www.oidossucios.com\/site\/wp-content\/uploads\/2012\/06\/5604.jpg\",\"width\":350,\"height\":300},{\"@type\":\"WebPage\",\"@id\":\"https:\/\/www.oidossucios.com\/site\/video-chris-cornell-toca-cover-a-a-day-in-the-life-por-el-cumpleanos-de-paul-mccartney\/#webpage\",\"url\":\"https:\/\/www.oidossucios.com\/site\/video-chris-cornell-toca-cover-a-a-day-in-the-life-por-el-cumpleanos-de-paul-mccartney\/\",\"name\":\"Video: Chris Cornell toca cover a \\\"A Day In The Life\\\" por el cumplea\\u00f1os de Paul McCartney - OidosSucios.Com\",\"isPartOf\":{\"@id\":\"https:\/\/www.oidossucios.com\/site\/#website\"},\"primaryImageOfPage\":{\"@id\":\"https:\/\/www.oidossucios.com\/site\/video-chris-cornell-toca-cover-a-a-day-in-the-life-por-el-cumpleanos-de-paul-mccartney\/#primaryimage\"},\"datePublished\":\"2012-06-19T18:59:00+00:00\",\"dateModified\":\"2012-06-19T18:59:00+00:00\",\"author\":{\"@id\":\"https:\/\/www.oidossucios.com\/site\/#\/schema\/person\/24559eeb76bf83a63296fb072393a688\"},\"description\":\"El pasado 18 de junio, Paul McCartney cumpli\\u00f3 70 a\\u00f1os, hecho que fue recordado por Chris Cornell durante un concierto que ofreci\\u00f3 en Londres.\",\"inLanguage\":\"es\",\"potentialAction\":[{\"@type\":\"ReadAction\",\"target\":[\"https:\/\/www.oidossucios.com\/site\/video-chris-cornell-toca-cover-a-a-day-in-the-life-por-el-cumpleanos-de-paul-mccartney\/\"]}]},{\"@type\":[\"Person\"],\"@id\":\"https:\/\/www.oidossucios.com\/site\/#\/schema\/person\/24559eeb76bf83a63296fb072393a688\",\"name\":\"Oidossucios\",\"image\":{\"@type\":\"ImageObject\",\"@id\":\"https:\/\/www.oidossucios.com\/site\/#personlogo\",\"inLanguage\":\"es\",\"url\":\"https:\/\/secure.gravatar.com\/avatar\/74fcb480f42f1a33e50a0b6e6369a3f907be2e43dc84fa5f76c66e9c22b4a5ab?s=96&d=mm&r=g\",\"caption\":\"Oidossucios\"},\"sameAs\":[\"https:\/\/twitter.com\/oidossucios\"]}]}<\/script>\n<!-- \/ Yoast SEO plugin. -->","jetpack_sharing_enabled":true,"_links":{"self":[{"href":"https:\/\/www.oidossucios.com\/site\/wp-json\/wp\/v2\/posts\/5604","targetHints":{"allow":["GET"]}}],"collection":[{"href":"https:\/\/www.oidossucios.com\/site\/wp-json\/wp\/v2\/posts"}],"about":[{"href":"https:\/\/www.oidossucios.com\/site\/wp-json\/wp\/v2\/types\/post"}],"author":[{"embeddable":true,"href":"https:\/\/www.oidossucios.com\/site\/wp-json\/wp\/v2\/users\/4"}],"replies":[{"embeddable":true,"href":"https:\/\/www.oidossucios.com\/site\/wp-json\/wp\/v2\/comments?post=5604"}],"version-history":[{"count":0,"href":"https:\/\/www.oidossucios.com\/site\/wp-json\/wp\/v2\/posts\/5604\/revisions"}],"wp:featuredmedia":[{"embeddable":true,"href":"https:\/\/www.oidossucios.com\/site\/wp-json\/wp\/v2\/media\/100005604"}],"wp:attachment":[{"href":"https:\/\/www.oidossucios.com\/site\/wp-json\/wp\/v2\/media?parent=5604"}],"wp:term":[{"taxonomy":"category","embeddable":true,"href":"https:\/\/www.oidossucios.com\/site\/wp-json\/wp\/v2\/categories?post=5604"},{"taxonomy":"post_tag","embeddable":true,"href":"https:\/\/www.oidossucios.com\/site\/wp-json\/wp\/v2\/tags?post=5604"}],"curies":[{"name":"wp","href":"https:\/\/api.w.org\/{rel}","templated":true}]}}