{"id":5621,"date":"2012-06-21T22:56:00","date_gmt":"2012-06-21T22:56:00","guid":{"rendered":"https:\/\/www.oidossucios.com\/site\/2012\/06\/21\/bruce-springsteen-estreno-documental\/"},"modified":"2012-06-21T22:56:00","modified_gmt":"2012-06-21T22:56:00","slug":"bruce-springsteen-estreno-documental","status":"publish","type":"post","link":"https:\/\/www.oidossucios.com\/site\/bruce-springsteen-estreno-documental\/","title":{"rendered":"Bruce Springsteen estren\u00f3 documental"},"content":{"rendered":"\n<p>Bruce Springsteen estren\u00f3 un documental de 22 minutos titulado <i>Bruce Springsteen and The Working Man<\/i>, el cual se enfoca en su m\u00e1s reciente disco, <i>Wrecking Ball<\/i>, y c\u00f3mo su vida lo ha formado como artista.<\/p>\n<p>En el video se ve a Springsteen en medio de un escenario con periodistas que le preguntan acerca de los mensajes patri\u00f3ticos intr\u00ednsecos en su m\u00fasica y la muerte de su saxofonista, Clarence Clemons, durante una sesi\u00f3n en vivo para CNN.<\/p>\n<p>Las respuestas del m\u00fasico en est\u00e1n intercaladas con im\u00e1genes de su vida y carrera.<\/p>\n<p><object width=\"416\" height=\"374\" classid=\"clsid:D27CDB6E-AE6D-11cf-96B8-444553540000\" id=\"ep\"><param name=\"allowfullscreen\" value=\"true\"><\/param><param name=\"allowscriptaccess\" value=\"always\"><\/param><param name=\"wmode\" value=\"transparent\"><\/param><param name=\"movie\" value=\"http:\/\/i.cdn.turner.com\/cnn\/.element\/apps\/cvp\/3.0\/swf\/cnn_416x234_embed.swf?context=embed_edition&#038;videoId=showbiz\/2012\/06\/15\/clp-bruce-springsteen-film.cnn\"><\/param><param name=\"bgcolor\" value=\"#000000\"><\/param><\/object><\/p>\n<p>&nbsp;<\/p>\n<p>Fuente: www.rollingstone.com.mx<\/p>\n","protected":false},"excerpt":{"rendered":"<p>Bruce Springsteen estren\u00f3 un documental de 22 minutos titulado Bruce Springsteen and The Working Man, el cual se enfoca en su m\u00e1s reciente disco, Wrecking Ball, y c\u00f3mo su vida lo ha formado como artista. En el video se ve a Springsteen en medio de un escenario con periodistas que le preguntan acerca de los [&hellip;]<\/p>\n","protected":false},"author":4,"featured_media":100005621,"comment_status":"open","ping_status":"open","sticky":false,"template":"","format":"standard","meta":{"_jetpack_memberships_contains_paid_content":false,"footnotes":""},"categories":[142],"tags":[],"class_list":["post-5621","post","type-post","status-publish","format-standard","has-post-thumbnail","hentry","category-buzznews"],"jetpack_featured_media_url":"https:\/\/www.oidossucios.com\/site\/wp-content\/uploads\/2012\/06\/5621.jpg","yoast_head":"<!-- This site is optimized with the Yoast SEO plugin v14.0.4 - https:\/\/yoast.com\/wordpress\/plugins\/seo\/ -->\n<title>Bruce Springsteen estren\u00f3 documental - OidosSucios.Com<\/title>\n<meta name=\"robots\" content=\"index, follow\" \/>\n<meta name=\"googlebot\" content=\"index, follow, max-snippet:-1, max-image-preview:large, max-video-preview:-1\" \/>\n<meta name=\"bingbot\" content=\"index, follow, max-snippet:-1, max-image-preview:large, max-video-preview:-1\" \/>\n<link rel=\"canonical\" href=\"https:\/\/www.oidossucios.com\/site\/bruce-springsteen-estreno-documental\/\" \/>\n<meta property=\"og:locale\" content=\"es_ES\" \/>\n<meta property=\"og:type\" content=\"article\" \/>\n<meta property=\"og:title\" content=\"Bruce Springsteen estren\u00f3 documental - OidosSucios.Com\" \/>\n<meta property=\"og:description\" content=\"Bruce Springsteen estren\u00f3 un documental de 22 minutos titulado Bruce Springsteen and The Working Man, el cual se enfoca en su m\u00e1s reciente disco, Wrecking Ball, y c\u00f3mo su vida lo ha formado como artista. En el video se ve a Springsteen en medio de un escenario con periodistas que le preguntan acerca de los [&hellip;]\" \/>\n<meta property=\"og:url\" content=\"https:\/\/www.oidossucios.com\/site\/bruce-springsteen-estreno-documental\/\" \/>\n<meta property=\"og:site_name\" content=\"OidosSucios.Com\" \/>\n<meta property=\"article:published_time\" content=\"2012-06-21T22:56:00+00:00\" \/>\n<meta property=\"og:image\" content=\"https:\/\/www.oidossucios.com\/site\/wp-content\/uploads\/2012\/06\/5621.jpg\" \/>\n\t<meta property=\"og:image:width\" content=\"350\" \/>\n\t<meta property=\"og:image:height\" content=\"300\" \/>\n<meta name=\"twitter:card\" content=\"summary_large_image\" \/>\n<meta name=\"twitter:creator\" content=\"@oidossucios\" \/>\n<script type=\"application\/ld+json\" class=\"yoast-schema-graph\">{\"@context\":\"https:\/\/schema.org\",\"@graph\":[{\"@type\":\"WebSite\",\"@id\":\"https:\/\/www.oidossucios.com\/site\/#website\",\"url\":\"https:\/\/www.oidossucios.com\/site\/\",\"name\":\"OidosSucios.Com\",\"description\":\"M\\u00fasica, conciertos, discos\",\"potentialAction\":[{\"@type\":\"SearchAction\",\"target\":\"https:\/\/www.oidossucios.com\/site\/?s={search_term_string}\",\"query-input\":\"required name=search_term_string\"}],\"inLanguage\":\"es\"},{\"@type\":\"ImageObject\",\"@id\":\"https:\/\/www.oidossucios.com\/site\/bruce-springsteen-estreno-documental\/#primaryimage\",\"inLanguage\":\"es\",\"url\":\"https:\/\/www.oidossucios.com\/site\/wp-content\/uploads\/2012\/06\/5621.jpg\",\"width\":350,\"height\":300},{\"@type\":\"WebPage\",\"@id\":\"https:\/\/www.oidossucios.com\/site\/bruce-springsteen-estreno-documental\/#webpage\",\"url\":\"https:\/\/www.oidossucios.com\/site\/bruce-springsteen-estreno-documental\/\",\"name\":\"Bruce Springsteen estren\\u00f3 documental - OidosSucios.Com\",\"isPartOf\":{\"@id\":\"https:\/\/www.oidossucios.com\/site\/#website\"},\"primaryImageOfPage\":{\"@id\":\"https:\/\/www.oidossucios.com\/site\/bruce-springsteen-estreno-documental\/#primaryimage\"},\"datePublished\":\"2012-06-21T22:56:00+00:00\",\"dateModified\":\"2012-06-21T22:56:00+00:00\",\"author\":{\"@id\":\"https:\/\/www.oidossucios.com\/site\/#\/schema\/person\/24559eeb76bf83a63296fb072393a688\"},\"inLanguage\":\"es\",\"potentialAction\":[{\"@type\":\"ReadAction\",\"target\":[\"https:\/\/www.oidossucios.com\/site\/bruce-springsteen-estreno-documental\/\"]}]},{\"@type\":[\"Person\"],\"@id\":\"https:\/\/www.oidossucios.com\/site\/#\/schema\/person\/24559eeb76bf83a63296fb072393a688\",\"name\":\"Oidossucios\",\"image\":{\"@type\":\"ImageObject\",\"@id\":\"https:\/\/www.oidossucios.com\/site\/#personlogo\",\"inLanguage\":\"es\",\"url\":\"https:\/\/secure.gravatar.com\/avatar\/74fcb480f42f1a33e50a0b6e6369a3f907be2e43dc84fa5f76c66e9c22b4a5ab?s=96&d=mm&r=g\",\"caption\":\"Oidossucios\"},\"sameAs\":[\"https:\/\/twitter.com\/oidossucios\"]}]}<\/script>\n<!-- \/ Yoast SEO plugin. -->","jetpack_sharing_enabled":true,"_links":{"self":[{"href":"https:\/\/www.oidossucios.com\/site\/wp-json\/wp\/v2\/posts\/5621","targetHints":{"allow":["GET"]}}],"collection":[{"href":"https:\/\/www.oidossucios.com\/site\/wp-json\/wp\/v2\/posts"}],"about":[{"href":"https:\/\/www.oidossucios.com\/site\/wp-json\/wp\/v2\/types\/post"}],"author":[{"embeddable":true,"href":"https:\/\/www.oidossucios.com\/site\/wp-json\/wp\/v2\/users\/4"}],"replies":[{"embeddable":true,"href":"https:\/\/www.oidossucios.com\/site\/wp-json\/wp\/v2\/comments?post=5621"}],"version-history":[{"count":0,"href":"https:\/\/www.oidossucios.com\/site\/wp-json\/wp\/v2\/posts\/5621\/revisions"}],"wp:featuredmedia":[{"embeddable":true,"href":"https:\/\/www.oidossucios.com\/site\/wp-json\/wp\/v2\/media\/100005621"}],"wp:attachment":[{"href":"https:\/\/www.oidossucios.com\/site\/wp-json\/wp\/v2\/media?parent=5621"}],"wp:term":[{"taxonomy":"category","embeddable":true,"href":"https:\/\/www.oidossucios.com\/site\/wp-json\/wp\/v2\/categories?post=5621"},{"taxonomy":"post_tag","embeddable":true,"href":"https:\/\/www.oidossucios.com\/site\/wp-json\/wp\/v2\/tags?post=5621"}],"curies":[{"name":"wp","href":"https:\/\/api.w.org\/{rel}","templated":true}]}}