{"id":5623,"date":"2012-06-25T05:53:00","date_gmt":"2012-06-25T05:53:00","guid":{"rendered":"https:\/\/www.oidossucios.com\/site\/2012\/06\/25\/green-day-revela-trailer-y-portada-del-album-dos\/"},"modified":"2012-06-25T05:53:00","modified_gmt":"2012-06-25T05:53:00","slug":"green-day-revela-trailer-y-portada-del-album-dos","status":"publish","type":"post","link":"https:\/\/www.oidossucios.com\/site\/green-day-revela-trailer-y-portada-del-album-dos\/","title":{"rendered":"Green Day revela tr\u00e1iler y portada del \u00e1lbum &quot;\u00a1Dos!&quot;"},"content":{"rendered":"\n<p>Green Day sigue adelantando parte de lo que ser\u00e1 su trilog\u00eda de discos&nbsp;<i>\u00a1Uno!, \u00a1Dos!, <\/i>y<i> Tr\u00e9!, <\/i>este ambicioso proyecto que consiste en tres discos diferentes que ir\u00e1n saliendo en el lapso de seis meses. <\/p>\n<p>Seg\u00fan el l\u00edder de la banda, Billie Joe, la idea surgi\u00f3 &#8220;por haber trabajado muy bien&#8221;&nbsp;y estar\u00e1 por el lado del Power-Pop. &#8220;Quer\u00edamos algo que pegue directo, algo m\u00e1s Power-Pop\u0085 algo que est\u00e9 entre AC\/DC y la primera etapa de los Beatles&#8221; cont\u00f3 Armstrong en una entrevista con Rolling Stone. <\/p>\n<p>&#8220;Los \u00faltimos dos discos estuvieron hechos en el estudio, fueron muy trabajados. Estos, en cambio, los hicimos ensayando todos los d\u00edas, lo construimos todos juntos. Sent\u00ed como que todos est\u00e1bamos en la sala cavando, todos mezclando cosas, tirando ideas diferentes. Si lo escuchas, vas a sentir algo de un sonido medio engranado, como el de una banda de garage&#8221; finaliz\u00f3 el cantante y guitarrista.<\/p>\n<p>Los tres \u00e1lbumes fueron producidos por&nbsp;Rob Cavallo, quien ya trabaj\u00f3 con la banda en&nbsp;American Idiot,&nbsp;y ha ejercido de productor con Paramore, Dave Matthews Band, etc. <i>\u00a1Uno!<\/i>&nbsp;ver\u00e1 luz el pr\u00f3ximo 25 de septiembre,&nbsp;<i>\u00a1Dos!<\/i>&nbsp;se publicar\u00e1 el 12 de noviembre en Europa y al d\u00eda siguiente en Estados Unidos; mientras que&nbsp;<i>\u00a1Tr\u00e9!<\/i>&nbsp;saldr\u00e1 el 14 de enero de 2013.<\/p>\n<p>La portada de <i>\u00a1Dos!<\/i>&nbsp;en la galer\u00eda.<\/p>\n<p><!--nextpage--><img decoding=\"async\" class=\"aligncenter size-medium wp-image-111115630\" src=\"https:\/\/www.oidossucios.com\/site\/wp-content\/uploads\/2020\/02\/5630.jpg\" alt=\"Green Day revela tr\u00e1iler y portada del \u00e1lbum &quot;\u00a1Dos!&quot;\"  \/><a href='https:\/\/www.oidossucios.com\/site\/green-day-revela-trailer-y-portada-del-album-dos\/2\/'\n                        onclick='if (tpsInstance) { tpsInstance.setNext(); return false; }'\n                        rel='next'\n                        style=''\n                        class=''>Ver galer\u00eda<\/a>]]><\/p>\n","protected":false},"excerpt":{"rendered":"<p>El tr\u00edo public\u00f3 el tr\u00e1iler y portada de &#8220;\u00a1Dos!&#8221;, segundo disco de su trilog\u00eda pr\u00f3xima a salir.<\/p>\n","protected":false},"author":4,"featured_media":100005623,"comment_status":"open","ping_status":"open","sticky":false,"template":"","format":"standard","meta":{"_jetpack_memberships_contains_paid_content":false,"footnotes":""},"categories":[250],"tags":[],"class_list":["post-5623","post","type-post","status-publish","format-standard","has-post-thumbnail","hentry","category-noticias"],"jetpack_featured_media_url":"https:\/\/www.oidossucios.com\/site\/wp-content\/uploads\/2012\/06\/5623.jpg","yoast_head":"<!-- This site is optimized with the Yoast SEO plugin v14.0.4 - https:\/\/yoast.com\/wordpress\/plugins\/seo\/ -->\n<title>Green Day revela tr\u00e1iler y portada del \u00e1lbum &quot;\u00a1Dos!&quot; - OidosSucios.Com<\/title>\n<meta name=\"description\" content=\"El tr\u00edo public\u00f3 el tr\u00e1iler y portada de &quot;\u00a1Dos!&quot;, segundo disco de su trilog\u00eda pr\u00f3xima a salir.\" \/>\n<meta name=\"robots\" content=\"index, follow\" \/>\n<meta name=\"googlebot\" content=\"index, follow, max-snippet:-1, max-image-preview:large, max-video-preview:-1\" \/>\n<meta name=\"bingbot\" content=\"index, follow, max-snippet:-1, max-image-preview:large, max-video-preview:-1\" \/>\n<link rel=\"canonical\" href=\"https:\/\/www.oidossucios.com\/site\/green-day-revela-trailer-y-portada-del-album-dos\/\" \/>\n<link rel=\"next\" href=\"https:\/\/www.oidossucios.com\/site\/green-day-revela-trailer-y-portada-del-album-dos\/2\/\" \/>\n<meta property=\"og:locale\" content=\"es_ES\" \/>\n<meta property=\"og:type\" content=\"article\" \/>\n<meta property=\"og:title\" content=\"Green Day revela tr\u00e1iler y portada del \u00e1lbum &quot;\u00a1Dos!&quot; - OidosSucios.Com\" \/>\n<meta property=\"og:description\" content=\"El tr\u00edo public\u00f3 el tr\u00e1iler y portada de &quot;\u00a1Dos!&quot;, segundo disco de su trilog\u00eda pr\u00f3xima a salir.\" \/>\n<meta property=\"og:url\" content=\"https:\/\/www.oidossucios.com\/site\/green-day-revela-trailer-y-portada-del-album-dos\/\" \/>\n<meta property=\"og:site_name\" content=\"OidosSucios.Com\" \/>\n<meta property=\"article:published_time\" content=\"2012-06-25T05:53:00+00:00\" \/>\n<meta property=\"og:image\" content=\"https:\/\/www.oidossucios.com\/site\/wp-content\/uploads\/2012\/06\/5623.jpg\" \/>\n\t<meta property=\"og:image:width\" content=\"350\" \/>\n\t<meta property=\"og:image:height\" content=\"300\" \/>\n<meta name=\"twitter:card\" content=\"summary_large_image\" \/>\n<meta name=\"twitter:creator\" content=\"@oidossucios\" \/>\n<script type=\"application\/ld+json\" class=\"yoast-schema-graph\">{\"@context\":\"https:\/\/schema.org\",\"@graph\":[{\"@type\":\"WebSite\",\"@id\":\"https:\/\/www.oidossucios.com\/site\/#website\",\"url\":\"https:\/\/www.oidossucios.com\/site\/\",\"name\":\"OidosSucios.Com\",\"description\":\"M\\u00fasica, conciertos, discos\",\"potentialAction\":[{\"@type\":\"SearchAction\",\"target\":\"https:\/\/www.oidossucios.com\/site\/?s={search_term_string}\",\"query-input\":\"required name=search_term_string\"}],\"inLanguage\":\"es\"},{\"@type\":\"ImageObject\",\"@id\":\"https:\/\/www.oidossucios.com\/site\/green-day-revela-trailer-y-portada-del-album-dos\/#primaryimage\",\"inLanguage\":\"es\",\"url\":\"https:\/\/www.oidossucios.com\/site\/wp-content\/uploads\/2012\/06\/5623.jpg\",\"width\":350,\"height\":300},{\"@type\":\"WebPage\",\"@id\":\"https:\/\/www.oidossucios.com\/site\/green-day-revela-trailer-y-portada-del-album-dos\/#webpage\",\"url\":\"https:\/\/www.oidossucios.com\/site\/green-day-revela-trailer-y-portada-del-album-dos\/\",\"name\":\"Green Day revela tr\\u00e1iler y portada del \\u00e1lbum &quot;\\u00a1Dos!&quot; - OidosSucios.Com\",\"isPartOf\":{\"@id\":\"https:\/\/www.oidossucios.com\/site\/#website\"},\"primaryImageOfPage\":{\"@id\":\"https:\/\/www.oidossucios.com\/site\/green-day-revela-trailer-y-portada-del-album-dos\/#primaryimage\"},\"datePublished\":\"2012-06-25T05:53:00+00:00\",\"dateModified\":\"2012-06-25T05:53:00+00:00\",\"author\":{\"@id\":\"https:\/\/www.oidossucios.com\/site\/#\/schema\/person\/24559eeb76bf83a63296fb072393a688\"},\"description\":\"El tr\\u00edo public\\u00f3 el tr\\u00e1iler y portada de \\\"\\u00a1Dos!\\\", segundo disco de su trilog\\u00eda pr\\u00f3xima a salir.\",\"inLanguage\":\"es\",\"potentialAction\":[{\"@type\":\"ReadAction\",\"target\":[\"https:\/\/www.oidossucios.com\/site\/green-day-revela-trailer-y-portada-del-album-dos\/\"]}]},{\"@type\":[\"Person\"],\"@id\":\"https:\/\/www.oidossucios.com\/site\/#\/schema\/person\/24559eeb76bf83a63296fb072393a688\",\"name\":\"Oidossucios\",\"image\":{\"@type\":\"ImageObject\",\"@id\":\"https:\/\/www.oidossucios.com\/site\/#personlogo\",\"inLanguage\":\"es\",\"url\":\"https:\/\/secure.gravatar.com\/avatar\/74fcb480f42f1a33e50a0b6e6369a3f907be2e43dc84fa5f76c66e9c22b4a5ab?s=96&d=mm&r=g\",\"caption\":\"Oidossucios\"},\"sameAs\":[\"https:\/\/twitter.com\/oidossucios\"]}]}<\/script>\n<!-- \/ Yoast SEO plugin. -->","jetpack_sharing_enabled":true,"_links":{"self":[{"href":"https:\/\/www.oidossucios.com\/site\/wp-json\/wp\/v2\/posts\/5623","targetHints":{"allow":["GET"]}}],"collection":[{"href":"https:\/\/www.oidossucios.com\/site\/wp-json\/wp\/v2\/posts"}],"about":[{"href":"https:\/\/www.oidossucios.com\/site\/wp-json\/wp\/v2\/types\/post"}],"author":[{"embeddable":true,"href":"https:\/\/www.oidossucios.com\/site\/wp-json\/wp\/v2\/users\/4"}],"replies":[{"embeddable":true,"href":"https:\/\/www.oidossucios.com\/site\/wp-json\/wp\/v2\/comments?post=5623"}],"version-history":[{"count":0,"href":"https:\/\/www.oidossucios.com\/site\/wp-json\/wp\/v2\/posts\/5623\/revisions"}],"wp:featuredmedia":[{"embeddable":true,"href":"https:\/\/www.oidossucios.com\/site\/wp-json\/wp\/v2\/media\/100005623"}],"wp:attachment":[{"href":"https:\/\/www.oidossucios.com\/site\/wp-json\/wp\/v2\/media?parent=5623"}],"wp:term":[{"taxonomy":"category","embeddable":true,"href":"https:\/\/www.oidossucios.com\/site\/wp-json\/wp\/v2\/categories?post=5623"},{"taxonomy":"post_tag","embeddable":true,"href":"https:\/\/www.oidossucios.com\/site\/wp-json\/wp\/v2\/tags?post=5623"}],"curies":[{"name":"wp","href":"https:\/\/api.w.org\/{rel}","templated":true}]}}