{"id":5628,"date":"2012-06-25T16:28:00","date_gmt":"2012-06-25T16:28:00","guid":{"rendered":"https:\/\/www.oidossucios.com\/site\/2012\/06\/25\/a-3-anos-de-la-muerte-de-michael-the-jackson-5-anuncian-su-reunion-y-vuelta-a-los-escenarios\/"},"modified":"2012-06-25T16:28:00","modified_gmt":"2012-06-25T16:28:00","slug":"a-3-anos-de-la-muerte-de-michael-the-jackson-5-anuncian-su-reunion-y-vuelta-a-los-escenarios","status":"publish","type":"post","link":"https:\/\/www.oidossucios.com\/site\/a-3-anos-de-la-muerte-de-michael-the-jackson-5-anuncian-su-reunion-y-vuelta-a-los-escenarios\/","title":{"rendered":"A 3 a\u00f1os de la muerte de Michael, The Jackson 5 anuncian su reuni\u00f3n y vuelta a los escenarios"},"content":{"rendered":"\n<p>&#8220;Es un sue\u00f1o hecho realidad&#8221;, ha dicho Jackie Jackson en un comunicado. &#8220;No me puedo creer que est\u00e9 sucediendo. No hay nada como&nbsp;reunirnos todos en el escenario. Ser\u00e1 algo excitante para los fans de todo el mundo y s\u00e9 que en cada concierto el esp\u00edritu de Michael estar\u00e1 con nosotros&#8221;, a\u00f1adi\u00f3. Justo cuando se cumplen&nbsp;tres a\u00f1os de&nbsp;la muerte de Michael Jackson&nbsp;ha ocurrido:&nbsp;The Jackson&nbsp;-el grupo formado por Marlon, Jermaine, Tito y Jackie, miembros de The Jackson 5 junto a Michael-&nbsp;han vuelto a reunirse para rendirle homenaje a su hermano fallecido.<\/p>\n<p>Lo har\u00e1n con una&nbsp;gira&nbsp;denominada&nbsp;<i>Unity Tour 2012<\/i>&nbsp;que acabar\u00e1 el 29 de julio en Washington y que incluye paradas en Los \u00c1ngeles, Atlanta, Las Vegas y Nueva York.&nbsp;Hoy, lunes 25 de junio, cuando se cumple el tercer aniversario de la muerte de Michael,&nbsp;actuar\u00e1n en el Fox Theatre de Detroit.<\/p>\n<p>No es la primera vez que hacen cosas juntos tras la&nbsp;muerte&nbsp;de su hermano. Los cuatro hermanos aparecieron en el reality-show&nbsp;<i><a target=\"_blank\" href=\"http:\/\/www.aetv.com\/the-jacksons-a-family-dynasty\/\" rel=\"noopener noreferrer\">The Jacksons: A Family Dynasty<\/a><\/i>,&nbsp;donde explicaban c\u00f3mo hicieron frente a la p\u00e9rdida del c\u00e9lebre artista y c\u00f3mo planificaron su regreso a los escenarios.<\/p>\n<p>Recordemos que Michael Jackson falleci\u00f3 el 25 de junio de 2009&nbsp;v\u00edctima de una intoxicaci\u00f3n aguda del anest\u00e9sico&nbsp;propofol&nbsp;que le administr\u00f3 su m\u00e9dico personal, Conrad Murray, que fue declarado culpable el pasado 7 de noviembre. Desde entonces el m\u00e9dico cumple condena en la&nbsp;c\u00e1rcel.<\/p>\n<p><\/p>\n<p>Fuente: www.rollingstone.es<\/p>\n","protected":false},"excerpt":{"rendered":"<p>&#8220;Es un sue\u00f1o hecho realidad&#8221;, ha dicho Jackie Jackson en un comunicado. &#8220;No me puedo creer que est\u00e9 sucediendo. No hay nada como&nbsp;reunirnos todos en el escenario. Ser\u00e1 algo excitante para los fans de todo el mundo y s\u00e9 que en cada concierto el esp\u00edritu de Michael estar\u00e1 con nosotros&#8221;, a\u00f1adi\u00f3. Justo cuando se cumplen&nbsp;tres [&hellip;]<\/p>\n","protected":false},"author":4,"featured_media":0,"comment_status":"open","ping_status":"open","sticky":false,"template":"","format":"standard","meta":{"_jetpack_memberships_contains_paid_content":false,"footnotes":""},"categories":[142],"tags":[],"class_list":["post-5628","post","type-post","status-publish","format-standard","hentry","category-buzznews"],"jetpack_featured_media_url":"","yoast_head":"<!-- This site is optimized with the Yoast SEO plugin v14.0.4 - https:\/\/yoast.com\/wordpress\/plugins\/seo\/ -->\n<title>A 3 a\u00f1os de la muerte de Michael, The Jackson 5 anuncian su reuni\u00f3n y vuelta a los escenarios - OidosSucios.Com<\/title>\n<meta name=\"robots\" content=\"index, follow\" \/>\n<meta name=\"googlebot\" content=\"index, follow, max-snippet:-1, max-image-preview:large, max-video-preview:-1\" \/>\n<meta name=\"bingbot\" content=\"index, follow, max-snippet:-1, max-image-preview:large, max-video-preview:-1\" \/>\n<link rel=\"canonical\" href=\"https:\/\/www.oidossucios.com\/site\/a-3-anos-de-la-muerte-de-michael-the-jackson-5-anuncian-su-reunion-y-vuelta-a-los-escenarios\/\" \/>\n<meta property=\"og:locale\" content=\"es_ES\" \/>\n<meta property=\"og:type\" content=\"article\" \/>\n<meta property=\"og:title\" content=\"A 3 a\u00f1os de la muerte de Michael, The Jackson 5 anuncian su reuni\u00f3n y vuelta a los escenarios - OidosSucios.Com\" \/>\n<meta property=\"og:description\" content=\"&#8220;Es un sue\u00f1o hecho realidad&#8221;, ha dicho Jackie Jackson en un comunicado. &#8220;No me puedo creer que est\u00e9 sucediendo. No hay nada como&nbsp;reunirnos todos en el escenario. Ser\u00e1 algo excitante para los fans de todo el mundo y s\u00e9 que en cada concierto el esp\u00edritu de Michael estar\u00e1 con nosotros&#8221;, a\u00f1adi\u00f3. Justo cuando se cumplen&nbsp;tres [&hellip;]\" \/>\n<meta property=\"og:url\" content=\"https:\/\/www.oidossucios.com\/site\/a-3-anos-de-la-muerte-de-michael-the-jackson-5-anuncian-su-reunion-y-vuelta-a-los-escenarios\/\" \/>\n<meta property=\"og:site_name\" content=\"OidosSucios.Com\" \/>\n<meta property=\"article:published_time\" content=\"2012-06-25T16:28:00+00:00\" \/>\n<meta name=\"twitter:card\" content=\"summary_large_image\" \/>\n<meta name=\"twitter:creator\" content=\"@oidossucios\" \/>\n<script type=\"application\/ld+json\" class=\"yoast-schema-graph\">{\"@context\":\"https:\/\/schema.org\",\"@graph\":[{\"@type\":\"WebSite\",\"@id\":\"https:\/\/www.oidossucios.com\/site\/#website\",\"url\":\"https:\/\/www.oidossucios.com\/site\/\",\"name\":\"OidosSucios.Com\",\"description\":\"M\\u00fasica, conciertos, discos\",\"potentialAction\":[{\"@type\":\"SearchAction\",\"target\":\"https:\/\/www.oidossucios.com\/site\/?s={search_term_string}\",\"query-input\":\"required name=search_term_string\"}],\"inLanguage\":\"es\"},{\"@type\":\"WebPage\",\"@id\":\"https:\/\/www.oidossucios.com\/site\/a-3-anos-de-la-muerte-de-michael-the-jackson-5-anuncian-su-reunion-y-vuelta-a-los-escenarios\/#webpage\",\"url\":\"https:\/\/www.oidossucios.com\/site\/a-3-anos-de-la-muerte-de-michael-the-jackson-5-anuncian-su-reunion-y-vuelta-a-los-escenarios\/\",\"name\":\"A 3 a\\u00f1os de la muerte de Michael, The Jackson 5 anuncian su reuni\\u00f3n y vuelta a los escenarios - OidosSucios.Com\",\"isPartOf\":{\"@id\":\"https:\/\/www.oidossucios.com\/site\/#website\"},\"datePublished\":\"2012-06-25T16:28:00+00:00\",\"dateModified\":\"2012-06-25T16:28:00+00:00\",\"author\":{\"@id\":\"https:\/\/www.oidossucios.com\/site\/#\/schema\/person\/24559eeb76bf83a63296fb072393a688\"},\"inLanguage\":\"es\",\"potentialAction\":[{\"@type\":\"ReadAction\",\"target\":[\"https:\/\/www.oidossucios.com\/site\/a-3-anos-de-la-muerte-de-michael-the-jackson-5-anuncian-su-reunion-y-vuelta-a-los-escenarios\/\"]}]},{\"@type\":[\"Person\"],\"@id\":\"https:\/\/www.oidossucios.com\/site\/#\/schema\/person\/24559eeb76bf83a63296fb072393a688\",\"name\":\"Oidossucios\",\"image\":{\"@type\":\"ImageObject\",\"@id\":\"https:\/\/www.oidossucios.com\/site\/#personlogo\",\"inLanguage\":\"es\",\"url\":\"https:\/\/secure.gravatar.com\/avatar\/74fcb480f42f1a33e50a0b6e6369a3f907be2e43dc84fa5f76c66e9c22b4a5ab?s=96&d=mm&r=g\",\"caption\":\"Oidossucios\"},\"sameAs\":[\"https:\/\/twitter.com\/oidossucios\"]}]}<\/script>\n<!-- \/ Yoast SEO plugin. -->","jetpack_sharing_enabled":true,"_links":{"self":[{"href":"https:\/\/www.oidossucios.com\/site\/wp-json\/wp\/v2\/posts\/5628","targetHints":{"allow":["GET"]}}],"collection":[{"href":"https:\/\/www.oidossucios.com\/site\/wp-json\/wp\/v2\/posts"}],"about":[{"href":"https:\/\/www.oidossucios.com\/site\/wp-json\/wp\/v2\/types\/post"}],"author":[{"embeddable":true,"href":"https:\/\/www.oidossucios.com\/site\/wp-json\/wp\/v2\/users\/4"}],"replies":[{"embeddable":true,"href":"https:\/\/www.oidossucios.com\/site\/wp-json\/wp\/v2\/comments?post=5628"}],"version-history":[{"count":0,"href":"https:\/\/www.oidossucios.com\/site\/wp-json\/wp\/v2\/posts\/5628\/revisions"}],"wp:attachment":[{"href":"https:\/\/www.oidossucios.com\/site\/wp-json\/wp\/v2\/media?parent=5628"}],"wp:term":[{"taxonomy":"category","embeddable":true,"href":"https:\/\/www.oidossucios.com\/site\/wp-json\/wp\/v2\/categories?post=5628"},{"taxonomy":"post_tag","embeddable":true,"href":"https:\/\/www.oidossucios.com\/site\/wp-json\/wp\/v2\/tags?post=5628"}],"curies":[{"name":"wp","href":"https:\/\/api.w.org\/{rel}","templated":true}]}}