{"id":5635,"date":"2012-06-26T07:09:00","date_gmt":"2012-06-26T07:09:00","guid":{"rendered":"https:\/\/www.oidossucios.com\/site\/2012\/06\/26\/video-the-raconteurs-ofrece-un-adelanto-de-su-dvd-live-at-montreux-2008\/"},"modified":"2012-06-26T07:09:00","modified_gmt":"2012-06-26T07:09:00","slug":"video-the-raconteurs-ofrece-un-adelanto-de-su-dvd-live-at-montreux-2008","status":"publish","type":"post","link":"https:\/\/www.oidossucios.com\/site\/video-the-raconteurs-ofrece-un-adelanto-de-su-dvd-live-at-montreux-2008\/","title":{"rendered":"Video: The Raconteurs ofrece un adelanto de su DVD &#8220;Live At Montreux 2008&#8221;"},"content":{"rendered":"\n<p>La banda formada en 2005 por Jack White, Brendan Benson, Patrick Keeler y el bajista Jack Lawence, The Raconteurs, lanz\u00f3 el pasado 18 de junio un nuevo DVD en concierto titulado&nbsp;<i>The Raconteurs: Live at Montreux 2008<\/i>, presentaci\u00f3n que fue parte de la gira en apoyo de su segundo \u00e1lbum.<\/p>\n<p>De este material nos presentan un adelanto con la interpretaci\u00f3n del tema, &#8220;You Don\u00b4t Understand Me&#8221;.<\/p>\n<p>Fuente: www.warp.la<\/p>\n","protected":false},"excerpt":{"rendered":"<p>La banda formada en 2005 por Jack White, Brendan Benson, Patrick Keeler y el bajista Jack Lawence, The Raconteurs, lanz\u00f3 el pasado 18 de junio un nuevo DVD en concierto titulado&nbsp;The Raconteurs: Live at Montreux 2008, presentaci\u00f3n que fue parte de la gira en apoyo de su segundo \u00e1lbum. De este material nos presentan un [&hellip;]<\/p>\n","protected":false},"author":4,"featured_media":0,"comment_status":"open","ping_status":"open","sticky":false,"template":"","format":"standard","meta":{"_jetpack_memberships_contains_paid_content":false,"footnotes":""},"categories":[142],"tags":[],"class_list":["post-5635","post","type-post","status-publish","format-standard","hentry","category-buzznews"],"jetpack_featured_media_url":"","yoast_head":"<!-- This site is optimized with the Yoast SEO plugin v14.0.4 - https:\/\/yoast.com\/wordpress\/plugins\/seo\/ -->\n<title>Video: The Raconteurs ofrece un adelanto de su DVD &quot;Live At Montreux 2008&quot; - OidosSucios.Com<\/title>\n<meta name=\"robots\" content=\"index, follow\" \/>\n<meta name=\"googlebot\" content=\"index, follow, max-snippet:-1, max-image-preview:large, max-video-preview:-1\" \/>\n<meta name=\"bingbot\" content=\"index, follow, max-snippet:-1, max-image-preview:large, max-video-preview:-1\" \/>\n<link rel=\"canonical\" href=\"https:\/\/www.oidossucios.com\/site\/video-the-raconteurs-ofrece-un-adelanto-de-su-dvd-live-at-montreux-2008\/\" \/>\n<meta property=\"og:locale\" content=\"es_ES\" \/>\n<meta property=\"og:type\" content=\"article\" \/>\n<meta property=\"og:title\" content=\"Video: The Raconteurs ofrece un adelanto de su DVD &quot;Live At Montreux 2008&quot; - OidosSucios.Com\" \/>\n<meta property=\"og:description\" content=\"La banda formada en 2005 por Jack White, Brendan Benson, Patrick Keeler y el bajista Jack Lawence, The Raconteurs, lanz\u00f3 el pasado 18 de junio un nuevo DVD en concierto titulado&nbsp;The Raconteurs: Live at Montreux 2008, presentaci\u00f3n que fue parte de la gira en apoyo de su segundo \u00e1lbum. De este material nos presentan un [&hellip;]\" \/>\n<meta property=\"og:url\" content=\"https:\/\/www.oidossucios.com\/site\/video-the-raconteurs-ofrece-un-adelanto-de-su-dvd-live-at-montreux-2008\/\" \/>\n<meta property=\"og:site_name\" content=\"OidosSucios.Com\" \/>\n<meta property=\"article:published_time\" content=\"2012-06-26T07:09:00+00:00\" \/>\n<meta name=\"twitter:card\" content=\"summary_large_image\" \/>\n<meta name=\"twitter:creator\" content=\"@oidossucios\" \/>\n<script type=\"application\/ld+json\" class=\"yoast-schema-graph\">{\"@context\":\"https:\/\/schema.org\",\"@graph\":[{\"@type\":\"WebSite\",\"@id\":\"https:\/\/www.oidossucios.com\/site\/#website\",\"url\":\"https:\/\/www.oidossucios.com\/site\/\",\"name\":\"OidosSucios.Com\",\"description\":\"M\\u00fasica, conciertos, discos\",\"potentialAction\":[{\"@type\":\"SearchAction\",\"target\":\"https:\/\/www.oidossucios.com\/site\/?s={search_term_string}\",\"query-input\":\"required name=search_term_string\"}],\"inLanguage\":\"es\"},{\"@type\":\"WebPage\",\"@id\":\"https:\/\/www.oidossucios.com\/site\/video-the-raconteurs-ofrece-un-adelanto-de-su-dvd-live-at-montreux-2008\/#webpage\",\"url\":\"https:\/\/www.oidossucios.com\/site\/video-the-raconteurs-ofrece-un-adelanto-de-su-dvd-live-at-montreux-2008\/\",\"name\":\"Video: The Raconteurs ofrece un adelanto de su DVD \\\"Live At Montreux 2008\\\" - OidosSucios.Com\",\"isPartOf\":{\"@id\":\"https:\/\/www.oidossucios.com\/site\/#website\"},\"datePublished\":\"2012-06-26T07:09:00+00:00\",\"dateModified\":\"2012-06-26T07:09:00+00:00\",\"author\":{\"@id\":\"https:\/\/www.oidossucios.com\/site\/#\/schema\/person\/24559eeb76bf83a63296fb072393a688\"},\"inLanguage\":\"es\",\"potentialAction\":[{\"@type\":\"ReadAction\",\"target\":[\"https:\/\/www.oidossucios.com\/site\/video-the-raconteurs-ofrece-un-adelanto-de-su-dvd-live-at-montreux-2008\/\"]}]},{\"@type\":[\"Person\"],\"@id\":\"https:\/\/www.oidossucios.com\/site\/#\/schema\/person\/24559eeb76bf83a63296fb072393a688\",\"name\":\"Oidossucios\",\"image\":{\"@type\":\"ImageObject\",\"@id\":\"https:\/\/www.oidossucios.com\/site\/#personlogo\",\"inLanguage\":\"es\",\"url\":\"https:\/\/secure.gravatar.com\/avatar\/74fcb480f42f1a33e50a0b6e6369a3f907be2e43dc84fa5f76c66e9c22b4a5ab?s=96&d=mm&r=g\",\"caption\":\"Oidossucios\"},\"sameAs\":[\"https:\/\/twitter.com\/oidossucios\"]}]}<\/script>\n<!-- \/ Yoast SEO plugin. -->","jetpack_sharing_enabled":true,"_links":{"self":[{"href":"https:\/\/www.oidossucios.com\/site\/wp-json\/wp\/v2\/posts\/5635","targetHints":{"allow":["GET"]}}],"collection":[{"href":"https:\/\/www.oidossucios.com\/site\/wp-json\/wp\/v2\/posts"}],"about":[{"href":"https:\/\/www.oidossucios.com\/site\/wp-json\/wp\/v2\/types\/post"}],"author":[{"embeddable":true,"href":"https:\/\/www.oidossucios.com\/site\/wp-json\/wp\/v2\/users\/4"}],"replies":[{"embeddable":true,"href":"https:\/\/www.oidossucios.com\/site\/wp-json\/wp\/v2\/comments?post=5635"}],"version-history":[{"count":0,"href":"https:\/\/www.oidossucios.com\/site\/wp-json\/wp\/v2\/posts\/5635\/revisions"}],"wp:attachment":[{"href":"https:\/\/www.oidossucios.com\/site\/wp-json\/wp\/v2\/media?parent=5635"}],"wp:term":[{"taxonomy":"category","embeddable":true,"href":"https:\/\/www.oidossucios.com\/site\/wp-json\/wp\/v2\/categories?post=5635"},{"taxonomy":"post_tag","embeddable":true,"href":"https:\/\/www.oidossucios.com\/site\/wp-json\/wp\/v2\/tags?post=5635"}],"curies":[{"name":"wp","href":"https:\/\/api.w.org\/{rel}","templated":true}]}}