{"id":5660,"date":"2012-07-02T06:04:00","date_gmt":"2012-07-02T06:04:00","guid":{"rendered":"https:\/\/www.oidossucios.com\/site\/2012\/07\/02\/union-rock-show-anuncio-los-conciertos-edicion-especial-nominados-en-la-plaza-alfredo-sadel\/"},"modified":"2012-07-02T06:04:00","modified_gmt":"2012-07-02T06:04:00","slug":"union-rock-show-anuncio-los-conciertos-edicion-especial-nominados-en-la-plaza-alfredo-sadel","status":"publish","type":"post","link":"https:\/\/www.oidossucios.com\/site\/union-rock-show-anuncio-los-conciertos-edicion-especial-nominados-en-la-plaza-alfredo-sadel\/","title":{"rendered":"Union Rock Show anunci\u00f3 los conciertos &#8220;Edici\u00f3n Especial Nominados&#8221; en la plaza Alfredo Sadel"},"content":{"rendered":"\n<p>La Fundaci\u00f3n Union Rock Show anunci\u00f3 el concierto Edici\u00f3n Especial Nominados, que se llevar\u00e1 a cabo el pr\u00f3ximo 6 y 7 de julio en la Plaza Alfredo Sadel.<\/p>\n<p>Para la celebraci\u00f3n de su cuarto aniversario, Union Rock Show prepara este evento de dos d\u00edas consecutivos de m\u00fasica en vivo, en donde presentar\u00e1n a los nominados para la segunda edici\u00f3n de Los Premios Union Rock Show 2012 a realizarse en el mes de agosto. <\/p>\n<p>La cita es el pr\u00f3ximo viernes 6 y s\u00e1bado 7 de julio a partir de las 2:00 p.m. en la Plaza Alfredo Sadel con la participaci\u00f3n de varias de las agrupaciones m\u00e1s talentosas del pa\u00eds,&nbsp;las cuales ofrecer\u00e1n una muestra de sus diferentes propuestas musicales concebidas a partir del g\u00e9nero rock; contando adem\u00e1s&nbsp;con Los Pixel y Circo Vulkano como invitados especiales. La selecci\u00f3n musical estar\u00e1 a cargo de BambiShaker, ElektroBoy y MaRco77, como siempre animado por Ver\u00f3nica G\u00f3mez, locutora de la Mega 107.3 FM.<\/p>\n<p>Los Pixel y Circo Vulkano se presentar\u00e1n junto a Saem, Ohmio, Ernie, Los Humanoides, Bioshaft, A\u00e9rea, La Pipa Freak, Bostas Brain, Del Pez, Bysonar, Frankestein V8 y La Abuela Disco, en&nbsp;el marco de la&nbsp;Edici\u00f3n Especial Nominados del Union Rock Show 2012, el pr\u00f3ximo viernes 6 y s\u00e1bado 7 de Julio a partir 2:00 p.m., en la Plaza Alfredo Sadel.&nbsp;La entrada es libre.<\/p>\n<p><!--nextpage--><img decoding=\"async\" class=\"aligncenter size-medium wp-image-111115649\" src=\"https:\/\/www.oidossucios.com\/site\/wp-content\/uploads\/2020\/02\/5649.jpg\" alt=\"Union Rock Show anunci\u00f3 los conciertos \"Edici\u00f3n Especial Nominados\" en la plaza Alfredo Sadel\"  \/><a href='https:\/\/www.oidossucios.com\/site\/union-rock-show-anuncio-los-conciertos-edicion-especial-nominados-en-la-plaza-alfredo-sadel\/2\/'\n                        onclick='if (tpsInstance) { tpsInstance.setNext(); return false; }'\n                        rel='next'\n                        style=''\n                        class=''>Ver galer\u00eda<\/a>]]><\/p>\n","protected":false},"excerpt":{"rendered":"<p>La Fundaci\u00f3n Union Rock Show anunci\u00f3 el concierto Edici\u00f3n Especial Nominados, que se llevar\u00e1 a cabo el pr\u00f3ximo 6 y 7 de julio en la Plaza Alfredo Sadel con 14 bandas en vivo.<\/p>\n","protected":false},"author":4,"featured_media":100005660,"comment_status":"open","ping_status":"open","sticky":false,"template":"","format":"standard","meta":{"_jetpack_memberships_contains_paid_content":false,"footnotes":""},"categories":[250],"tags":[],"class_list":["post-5660","post","type-post","status-publish","format-standard","has-post-thumbnail","hentry","category-noticias"],"jetpack_featured_media_url":"https:\/\/www.oidossucios.com\/site\/wp-content\/uploads\/2012\/07\/5660.jpg","yoast_head":"<!-- This site is optimized with the Yoast SEO plugin v14.0.4 - https:\/\/yoast.com\/wordpress\/plugins\/seo\/ -->\n<title>Union Rock Show anunci\u00f3 los conciertos &quot;Edici\u00f3n Especial Nominados&quot; en la plaza Alfredo Sadel - OidosSucios.Com<\/title>\n<meta name=\"description\" content=\"La Fundaci\u00f3n Union Rock Show anunci\u00f3 el concierto Edici\u00f3n Especial Nominados, que se llevar\u00e1 a cabo el pr\u00f3ximo 6 y 7 de julio en la Plaza Alfredo Sadel con 14 bandas en vivo.\" \/>\n<meta name=\"robots\" content=\"index, follow\" \/>\n<meta name=\"googlebot\" content=\"index, follow, max-snippet:-1, max-image-preview:large, max-video-preview:-1\" \/>\n<meta name=\"bingbot\" content=\"index, follow, max-snippet:-1, max-image-preview:large, max-video-preview:-1\" \/>\n<link rel=\"canonical\" href=\"https:\/\/www.oidossucios.com\/site\/union-rock-show-anuncio-los-conciertos-edicion-especial-nominados-en-la-plaza-alfredo-sadel\/\" \/>\n<link rel=\"next\" href=\"https:\/\/www.oidossucios.com\/site\/union-rock-show-anuncio-los-conciertos-edicion-especial-nominados-en-la-plaza-alfredo-sadel\/2\/\" \/>\n<meta property=\"og:locale\" content=\"es_ES\" \/>\n<meta property=\"og:type\" content=\"article\" \/>\n<meta property=\"og:title\" content=\"Union Rock Show anunci\u00f3 los conciertos &quot;Edici\u00f3n Especial Nominados&quot; en la plaza Alfredo Sadel - OidosSucios.Com\" \/>\n<meta property=\"og:description\" content=\"La Fundaci\u00f3n Union Rock Show anunci\u00f3 el concierto Edici\u00f3n Especial Nominados, que se llevar\u00e1 a cabo el pr\u00f3ximo 6 y 7 de julio en la Plaza Alfredo Sadel con 14 bandas en vivo.\" \/>\n<meta property=\"og:url\" content=\"https:\/\/www.oidossucios.com\/site\/union-rock-show-anuncio-los-conciertos-edicion-especial-nominados-en-la-plaza-alfredo-sadel\/\" \/>\n<meta property=\"og:site_name\" content=\"OidosSucios.Com\" \/>\n<meta property=\"article:published_time\" content=\"2012-07-02T06:04:00+00:00\" \/>\n<meta property=\"og:image\" content=\"https:\/\/www.oidossucios.com\/site\/wp-content\/uploads\/2012\/07\/5660.jpg\" \/>\n\t<meta property=\"og:image:width\" content=\"350\" \/>\n\t<meta property=\"og:image:height\" content=\"275\" \/>\n<meta name=\"twitter:card\" content=\"summary_large_image\" \/>\n<meta name=\"twitter:creator\" content=\"@oidossucios\" \/>\n<script type=\"application\/ld+json\" class=\"yoast-schema-graph\">{\"@context\":\"https:\/\/schema.org\",\"@graph\":[{\"@type\":\"WebSite\",\"@id\":\"https:\/\/www.oidossucios.com\/site\/#website\",\"url\":\"https:\/\/www.oidossucios.com\/site\/\",\"name\":\"OidosSucios.Com\",\"description\":\"M\\u00fasica, conciertos, discos\",\"potentialAction\":[{\"@type\":\"SearchAction\",\"target\":\"https:\/\/www.oidossucios.com\/site\/?s={search_term_string}\",\"query-input\":\"required name=search_term_string\"}],\"inLanguage\":\"es\"},{\"@type\":\"ImageObject\",\"@id\":\"https:\/\/www.oidossucios.com\/site\/union-rock-show-anuncio-los-conciertos-edicion-especial-nominados-en-la-plaza-alfredo-sadel\/#primaryimage\",\"inLanguage\":\"es\",\"url\":\"https:\/\/www.oidossucios.com\/site\/wp-content\/uploads\/2012\/07\/5660.jpg\",\"width\":350,\"height\":275},{\"@type\":\"WebPage\",\"@id\":\"https:\/\/www.oidossucios.com\/site\/union-rock-show-anuncio-los-conciertos-edicion-especial-nominados-en-la-plaza-alfredo-sadel\/#webpage\",\"url\":\"https:\/\/www.oidossucios.com\/site\/union-rock-show-anuncio-los-conciertos-edicion-especial-nominados-en-la-plaza-alfredo-sadel\/\",\"name\":\"Union Rock Show anunci\\u00f3 los conciertos \\\"Edici\\u00f3n Especial Nominados\\\" en la plaza Alfredo Sadel - OidosSucios.Com\",\"isPartOf\":{\"@id\":\"https:\/\/www.oidossucios.com\/site\/#website\"},\"primaryImageOfPage\":{\"@id\":\"https:\/\/www.oidossucios.com\/site\/union-rock-show-anuncio-los-conciertos-edicion-especial-nominados-en-la-plaza-alfredo-sadel\/#primaryimage\"},\"datePublished\":\"2012-07-02T06:04:00+00:00\",\"dateModified\":\"2012-07-02T06:04:00+00:00\",\"author\":{\"@id\":\"https:\/\/www.oidossucios.com\/site\/#\/schema\/person\/24559eeb76bf83a63296fb072393a688\"},\"description\":\"La Fundaci\\u00f3n Union Rock Show anunci\\u00f3 el concierto Edici\\u00f3n Especial Nominados, que se llevar\\u00e1 a cabo el pr\\u00f3ximo 6 y 7 de julio en la Plaza Alfredo Sadel con 14 bandas en vivo.\",\"inLanguage\":\"es\",\"potentialAction\":[{\"@type\":\"ReadAction\",\"target\":[\"https:\/\/www.oidossucios.com\/site\/union-rock-show-anuncio-los-conciertos-edicion-especial-nominados-en-la-plaza-alfredo-sadel\/\"]}]},{\"@type\":[\"Person\"],\"@id\":\"https:\/\/www.oidossucios.com\/site\/#\/schema\/person\/24559eeb76bf83a63296fb072393a688\",\"name\":\"Oidossucios\",\"image\":{\"@type\":\"ImageObject\",\"@id\":\"https:\/\/www.oidossucios.com\/site\/#personlogo\",\"inLanguage\":\"es\",\"url\":\"https:\/\/secure.gravatar.com\/avatar\/74fcb480f42f1a33e50a0b6e6369a3f907be2e43dc84fa5f76c66e9c22b4a5ab?s=96&d=mm&r=g\",\"caption\":\"Oidossucios\"},\"sameAs\":[\"https:\/\/twitter.com\/oidossucios\"]}]}<\/script>\n<!-- \/ Yoast SEO plugin. -->","jetpack_sharing_enabled":true,"_links":{"self":[{"href":"https:\/\/www.oidossucios.com\/site\/wp-json\/wp\/v2\/posts\/5660","targetHints":{"allow":["GET"]}}],"collection":[{"href":"https:\/\/www.oidossucios.com\/site\/wp-json\/wp\/v2\/posts"}],"about":[{"href":"https:\/\/www.oidossucios.com\/site\/wp-json\/wp\/v2\/types\/post"}],"author":[{"embeddable":true,"href":"https:\/\/www.oidossucios.com\/site\/wp-json\/wp\/v2\/users\/4"}],"replies":[{"embeddable":true,"href":"https:\/\/www.oidossucios.com\/site\/wp-json\/wp\/v2\/comments?post=5660"}],"version-history":[{"count":0,"href":"https:\/\/www.oidossucios.com\/site\/wp-json\/wp\/v2\/posts\/5660\/revisions"}],"wp:featuredmedia":[{"embeddable":true,"href":"https:\/\/www.oidossucios.com\/site\/wp-json\/wp\/v2\/media\/100005660"}],"wp:attachment":[{"href":"https:\/\/www.oidossucios.com\/site\/wp-json\/wp\/v2\/media?parent=5660"}],"wp:term":[{"taxonomy":"category","embeddable":true,"href":"https:\/\/www.oidossucios.com\/site\/wp-json\/wp\/v2\/categories?post=5660"},{"taxonomy":"post_tag","embeddable":true,"href":"https:\/\/www.oidossucios.com\/site\/wp-json\/wp\/v2\/tags?post=5660"}],"curies":[{"name":"wp","href":"https:\/\/api.w.org\/{rel}","templated":true}]}}