{"id":5666,"date":"2012-07-03T07:31:00","date_gmt":"2012-07-03T07:31:00","guid":{"rendered":"https:\/\/www.oidossucios.com\/site\/2012\/07\/03\/bioshaft-lanzara-su-album-debut-via-web-este-viernes\/"},"modified":"2012-07-03T07:31:00","modified_gmt":"2012-07-03T07:31:00","slug":"bioshaft-lanzara-su-album-debut-via-web-este-viernes","status":"publish","type":"post","link":"https:\/\/www.oidossucios.com\/site\/bioshaft-lanzara-su-album-debut-via-web-este-viernes\/","title":{"rendered":"Bioshaft lanzar\u00e1 su \u00e1lbum debut v\u00eda web este viernes"},"content":{"rendered":"\n<p>&#8220;Bioshaft&nbsp;es la mejor representaci\u00f3n de las nuevas bandas que se est\u00e1n formando en este momento&#8221;, declaraba&nbsp;&nbsp;F\u00e9lix Allueva, presidente de la Fundaci\u00f3n Nuevas Bandas durante su programa semanal por internet Five Tracks.<\/p>\n<p>&#8220;Es una banda \u00fanica dentro de la movida nacional, si te pones a buscar no vas a encontrar otro power tr\u00edo haciendo un power grunge que vive inspirado del Soul y el Blues, para ser tan j\u00f3venes estos chicos est\u00e1n escuchando la m\u00fasica que te gu\u00eda a ser cada vez mejor ejecutante y compositor.. creo en ellos&#8221;, dice el ingeniero y productor&nbsp;Jean DeOliveira, cantante y guitarrista de&nbsp;Candy 66.&nbsp;<\/p>\n<p>Henry Ollarves&nbsp;(Bajo y voz),&nbsp;Andr\u00e9s Blanco&nbsp;(Guitarra) y&nbsp;Javier Maimone&nbsp;(Bater\u00eda), confirman la fecha de lanzamiento de su primer larga duraci\u00f3n titulado&nbsp;<i>Lines In The Dark<\/i>&nbsp;el pr\u00f3ximo 06 de Julio en formato digital a trav\u00e9s del nuevo portal de venta de m\u00fasica en Venezuela&nbsp;<a target=\"_blank\" href=\"http:\/\/www.ichamo.com\/\" rel=\"noopener noreferrer\">www.ichamo.com<\/a> donde la gente podr\u00e1 comprar el disco en bol\u00edvares, usando su tarjeta de cr\u00e9dito o d\u00e9bito.<\/p>\n<p>Bioshaft&nbsp;se convierte en la primera banda de rock en usar esta plataforma de distribuci\u00f3n de m\u00fasica digital en Venezuela para poner a la venta este \u00e1lbum de 12 tracks. Ese mismo 06 de Julio la banda estar\u00e1 presentando el disco en la Plaza Alfredo Sadel de Las Mercedes en el marco de la edici\u00f3n especial del evento itinerante gratuito&nbsp;Union Rock Show.<\/p>\n<p>&#8220;B\u00e1sicamente queremos que la gente escuche el disco y se sienta identificada. No queremos llegar a un lugar en el \u00e1mbito f\u00edsico, por as\u00ed decirlo. Queremos llegar al coraz\u00f3n y alma de las personas. Si nos premian o no, si sonamos o no, eso ya depende de hasta d\u00f3nde llegue el disco en las personas, ya eso no esta en nuestras manos&#8221;, medita&nbsp;Henry Ollarves, cantante y compositor de la banda previo al lanzamiento de&nbsp;<i>Lines in the Dark<\/i>.<\/p>\n<p>Grabado y mezclado en&nbsp;BackStage Studios&nbsp;de Valencia bajo la producci\u00f3n&nbsp;Jean DeOliveira&nbsp;(Alfombra Roja,&nbsp;Candy 66,&nbsp;Iguanas de Trapo, Billy Se Fue, Pzoom, Verona), masterizado por&nbsp;Andr\u00e9 Rodriguez&nbsp;(Agonia,&nbsp;City City,&nbsp;One38,&nbsp;Yell-Oh!,&nbsp;Uranium,&nbsp;Umbrella,&nbsp;Outsiders Peaches) en In Your Face Studios&nbsp;de la ciudad de Los \u00c1ngeles, California, USA;&nbsp;<i>Lines in The Dark<\/i>&nbsp;cuenta con una docena de canciones entre los que destaca &#8220;Nothing\u00b4s wrong&#8221;, &#8220;Fuck your solutions&#8221; y su nuevo promocional &#8220;Walk through the fire&#8221;.<\/p>\n<p><iframe loading=\"lazy\" width=\"100%\" height=\"166\" scrolling=\"no\" frameborder=\"no\" src=\"http:\/\/w.soundcloud.com\/player\/?url=http%3A%2F%2Fapi.soundcloud.com%2Ftracks%2F50352474&amp;show_artwork=true\"><\/iframe><\/p>\n<p>&nbsp;&#8220;Creo que cada tema tiene su propia historia independiente pero dentro de todo el conglomerado de ideas que le dan la forma del disco. Cada uno expresa un sentimiento espec\u00edfico y queda que la gente que escuche el disco que busque, si quiere, el sentimiento que plasmamos en las distintas canciones&#8221;, reflexiona&nbsp;Henry.<\/p>\n<p>Este disco cuenta con invitados como&nbsp;Jean DeOliveira&nbsp;haciendo coros en &#8220;Hypatia&#8221; y el veterano tecladista&nbsp; ingl\u00e9s&nbsp;Steve Alpert&nbsp; en el tema &#8220;Fly&#8221;. Este m\u00fasico brit\u00e1nico es conocido por haber tocado con&nbsp;Jorge Spiteri&nbsp;en el grupo&nbsp;Ma\u00f1ana, creadores de la famosa canci\u00f3n&nbsp;&#8220;Amor&#8221; que populariz\u00f3 Los Amigos Invisibles. <\/p>\n<p>Pr\u00f3ximos shows Bioshaft:<\/p>\n<p>06 de Julio&nbsp;&nbsp;&nbsp;&nbsp;&nbsp;&nbsp;&nbsp;&nbsp;&nbsp; Caracas&nbsp;&nbsp;&nbsp;&nbsp;&nbsp;&nbsp;&nbsp;&nbsp;&nbsp;&nbsp;&nbsp;&nbsp;&nbsp;&nbsp;&nbsp;&nbsp;&nbsp;&nbsp;&nbsp;&nbsp;&nbsp;&nbsp;&nbsp;&nbsp;&nbsp;&nbsp;&nbsp;&nbsp;&nbsp;&nbsp;&nbsp; Plaza Alfredo Sadel<\/p>\n<p>07 de Julio&nbsp;&nbsp;&nbsp;&nbsp;&nbsp;&nbsp;&nbsp;&nbsp;&nbsp; Streaming<\/p>\n<p>20 de Julio&nbsp;&nbsp;&nbsp;&nbsp;&nbsp;&nbsp;&nbsp;&nbsp;&nbsp; Maracaibo&nbsp;&nbsp;&nbsp;&nbsp;&nbsp;&nbsp;&nbsp;&nbsp;&nbsp; La Estancia&nbsp; junto a Candy 66<\/p>\n<p>&nbsp;<\/p>\n<p>M\u00e1s info:<\/p>\n<p><a target=\"_blank\" href=\"http:\/\/www.reverbnation.com\/bioshaft\" rel=\"noopener noreferrer\">www.reverbnation.com\/bioshaft<\/a><\/p>\n<p><a target=\"_blank\" href=\"http:\/\/www.soundcloud.com\/bioshaft\" rel=\"noopener noreferrer\">www.soundcloud.com\/bioshaft<\/a><\/p>\n<p><a target=\"_blank\" href=\"http:\/\/www.facebook.com\/bioshaft\" rel=\"noopener noreferrer\">www.facebook.com\/bioshaft<\/a><\/p>\n<p><a target=\"_blank\" href=\"http:\/\/www.youtube.com\/BioshaftOficial\" rel=\"noopener noreferrer\">www.youtube.com\/BioshaftOficial<\/a><\/p>\n<p>&nbsp;@Bioshaft<\/p>\n","protected":false},"excerpt":{"rendered":"<p>El tr\u00edo lanzar\u00e1 su primer disco este jueves, mismo d\u00eda en que dar\u00e1n un show en la Plaza Alfredo Sadel de Las Mercedes.<\/p>\n","protected":false},"author":4,"featured_media":100005666,"comment_status":"open","ping_status":"open","sticky":false,"template":"","format":"standard","meta":{"_jetpack_memberships_contains_paid_content":false,"footnotes":""},"categories":[250],"tags":[],"class_list":["post-5666","post","type-post","status-publish","format-standard","has-post-thumbnail","hentry","category-noticias"],"jetpack_featured_media_url":"https:\/\/www.oidossucios.com\/site\/wp-content\/uploads\/2012\/07\/5666.jpg","yoast_head":"<!-- This site is optimized with the Yoast SEO plugin v14.0.4 - https:\/\/yoast.com\/wordpress\/plugins\/seo\/ -->\n<title>Bioshaft lanzar\u00e1 su \u00e1lbum debut v\u00eda web este viernes - OidosSucios.Com<\/title>\n<meta name=\"description\" content=\"El tr\u00edo lanzar\u00e1 su primer disco este jueves, mismo d\u00eda en que dar\u00e1n un show en la Plaza Alfredo Sadel de Las Mercedes.\" \/>\n<meta name=\"robots\" content=\"index, follow\" \/>\n<meta name=\"googlebot\" content=\"index, follow, max-snippet:-1, max-image-preview:large, max-video-preview:-1\" \/>\n<meta name=\"bingbot\" content=\"index, follow, max-snippet:-1, max-image-preview:large, max-video-preview:-1\" \/>\n<link rel=\"canonical\" href=\"https:\/\/www.oidossucios.com\/site\/bioshaft-lanzara-su-album-debut-via-web-este-viernes\/\" \/>\n<meta property=\"og:locale\" content=\"es_ES\" \/>\n<meta property=\"og:type\" content=\"article\" \/>\n<meta property=\"og:title\" content=\"Bioshaft lanzar\u00e1 su \u00e1lbum debut v\u00eda web este viernes - OidosSucios.Com\" \/>\n<meta property=\"og:description\" content=\"El tr\u00edo lanzar\u00e1 su primer disco este jueves, mismo d\u00eda en que dar\u00e1n un show en la Plaza Alfredo Sadel de Las Mercedes.\" \/>\n<meta property=\"og:url\" content=\"https:\/\/www.oidossucios.com\/site\/bioshaft-lanzara-su-album-debut-via-web-este-viernes\/\" \/>\n<meta property=\"og:site_name\" content=\"OidosSucios.Com\" \/>\n<meta property=\"article:published_time\" content=\"2012-07-03T07:31:00+00:00\" \/>\n<meta property=\"og:image\" content=\"https:\/\/www.oidossucios.com\/site\/wp-content\/uploads\/2012\/07\/5666.jpg\" \/>\n\t<meta property=\"og:image:width\" content=\"350\" \/>\n\t<meta property=\"og:image:height\" content=\"300\" \/>\n<meta name=\"twitter:card\" content=\"summary_large_image\" \/>\n<meta name=\"twitter:creator\" content=\"@oidossucios\" \/>\n<script type=\"application\/ld+json\" class=\"yoast-schema-graph\">{\"@context\":\"https:\/\/schema.org\",\"@graph\":[{\"@type\":\"WebSite\",\"@id\":\"https:\/\/www.oidossucios.com\/site\/#website\",\"url\":\"https:\/\/www.oidossucios.com\/site\/\",\"name\":\"OidosSucios.Com\",\"description\":\"M\\u00fasica, conciertos, discos\",\"potentialAction\":[{\"@type\":\"SearchAction\",\"target\":\"https:\/\/www.oidossucios.com\/site\/?s={search_term_string}\",\"query-input\":\"required name=search_term_string\"}],\"inLanguage\":\"es\"},{\"@type\":\"ImageObject\",\"@id\":\"https:\/\/www.oidossucios.com\/site\/bioshaft-lanzara-su-album-debut-via-web-este-viernes\/#primaryimage\",\"inLanguage\":\"es\",\"url\":\"https:\/\/www.oidossucios.com\/site\/wp-content\/uploads\/2012\/07\/5666.jpg\",\"width\":350,\"height\":300},{\"@type\":\"WebPage\",\"@id\":\"https:\/\/www.oidossucios.com\/site\/bioshaft-lanzara-su-album-debut-via-web-este-viernes\/#webpage\",\"url\":\"https:\/\/www.oidossucios.com\/site\/bioshaft-lanzara-su-album-debut-via-web-este-viernes\/\",\"name\":\"Bioshaft lanzar\\u00e1 su \\u00e1lbum debut v\\u00eda web este viernes - OidosSucios.Com\",\"isPartOf\":{\"@id\":\"https:\/\/www.oidossucios.com\/site\/#website\"},\"primaryImageOfPage\":{\"@id\":\"https:\/\/www.oidossucios.com\/site\/bioshaft-lanzara-su-album-debut-via-web-este-viernes\/#primaryimage\"},\"datePublished\":\"2012-07-03T07:31:00+00:00\",\"dateModified\":\"2012-07-03T07:31:00+00:00\",\"author\":{\"@id\":\"https:\/\/www.oidossucios.com\/site\/#\/schema\/person\/24559eeb76bf83a63296fb072393a688\"},\"description\":\"El tr\\u00edo lanzar\\u00e1 su primer disco este jueves, mismo d\\u00eda en que dar\\u00e1n un show en la Plaza Alfredo Sadel de Las Mercedes.\",\"inLanguage\":\"es\",\"potentialAction\":[{\"@type\":\"ReadAction\",\"target\":[\"https:\/\/www.oidossucios.com\/site\/bioshaft-lanzara-su-album-debut-via-web-este-viernes\/\"]}]},{\"@type\":[\"Person\"],\"@id\":\"https:\/\/www.oidossucios.com\/site\/#\/schema\/person\/24559eeb76bf83a63296fb072393a688\",\"name\":\"Oidossucios\",\"image\":{\"@type\":\"ImageObject\",\"@id\":\"https:\/\/www.oidossucios.com\/site\/#personlogo\",\"inLanguage\":\"es\",\"url\":\"https:\/\/secure.gravatar.com\/avatar\/74fcb480f42f1a33e50a0b6e6369a3f907be2e43dc84fa5f76c66e9c22b4a5ab?s=96&d=mm&r=g\",\"caption\":\"Oidossucios\"},\"sameAs\":[\"https:\/\/twitter.com\/oidossucios\"]}]}<\/script>\n<!-- \/ Yoast SEO plugin. -->","jetpack_sharing_enabled":true,"_links":{"self":[{"href":"https:\/\/www.oidossucios.com\/site\/wp-json\/wp\/v2\/posts\/5666","targetHints":{"allow":["GET"]}}],"collection":[{"href":"https:\/\/www.oidossucios.com\/site\/wp-json\/wp\/v2\/posts"}],"about":[{"href":"https:\/\/www.oidossucios.com\/site\/wp-json\/wp\/v2\/types\/post"}],"author":[{"embeddable":true,"href":"https:\/\/www.oidossucios.com\/site\/wp-json\/wp\/v2\/users\/4"}],"replies":[{"embeddable":true,"href":"https:\/\/www.oidossucios.com\/site\/wp-json\/wp\/v2\/comments?post=5666"}],"version-history":[{"count":0,"href":"https:\/\/www.oidossucios.com\/site\/wp-json\/wp\/v2\/posts\/5666\/revisions"}],"wp:featuredmedia":[{"embeddable":true,"href":"https:\/\/www.oidossucios.com\/site\/wp-json\/wp\/v2\/media\/100005666"}],"wp:attachment":[{"href":"https:\/\/www.oidossucios.com\/site\/wp-json\/wp\/v2\/media?parent=5666"}],"wp:term":[{"taxonomy":"category","embeddable":true,"href":"https:\/\/www.oidossucios.com\/site\/wp-json\/wp\/v2\/categories?post=5666"},{"taxonomy":"post_tag","embeddable":true,"href":"https:\/\/www.oidossucios.com\/site\/wp-json\/wp\/v2\/tags?post=5666"}],"curies":[{"name":"wp","href":"https:\/\/api.w.org\/{rel}","templated":true}]}}