{"id":5678,"date":"2012-07-04T05:58:00","date_gmt":"2012-07-04T05:58:00","guid":{"rendered":"https:\/\/www.oidossucios.com\/site\/2012\/07\/04\/el-pueblo-natal-de-dave-grohl-crea-baquetas-gigantes-en-su-honor\/"},"modified":"2012-07-04T05:58:00","modified_gmt":"2012-07-04T05:58:00","slug":"el-pueblo-natal-de-dave-grohl-crea-baquetas-gigantes-en-su-honor","status":"publish","type":"post","link":"https:\/\/www.oidossucios.com\/site\/el-pueblo-natal-de-dave-grohl-crea-baquetas-gigantes-en-su-honor\/","title":{"rendered":"El pueblo natal de Dave Grohl crea baquetas gigantes en su honor"},"content":{"rendered":"\n<p>Mientras que ha otros m\u00fasicos les han sido otorgadas las llaves de sus ciudades de origen, en Warren, Ohio, ciudad natal del l\u00edder de Foo Fighters, Dave Grohl, no esta satisfecha con s\u00f3lo haber nombrado en 2009 la calle donde naci\u00f3 el ex baterista de Nirvana, con el nombre de: Dave Grohl Alley, si no que ahora honrar\u00e1n al m\u00fasico con la creaci\u00f3n de unas baquetas gigantes que tendr\u00e1n un peso de poco m\u00e1s de 400 kilogramos, las cuales ser\u00e1n expuestas a partir del pr\u00f3ximo 7 julio en el Warren Amphitheater.<\/p>\n<p>Para dicho acontecimiento se llevar\u00e1 acabo una ceremonia inaugural que contar\u00e1 con la presencia del m\u00fasico Chris Higbee, hasta el momento no se ha revelado si Grohl asistir\u00e1 a esta ceremonia, aunque se dice que hay muchas posibilidades, ya que la pr\u00f3xima presentaci\u00f3n de su banda es hasta el pr\u00f3ximo mes de agosto en Codroipo, Italia.<\/p>\n<p>Las baquetas se mantendr\u00e1n en el anfiteatro hasta el mes de septiembre, fecha en que da por finalizado el calendario de eventos del lugar. Despu\u00e9s de esto las baquetas ser\u00e1n trasladadas a Dave Grohl Alley.<\/p>\n<p>De acuerdo a los informes de Joe O\u00b4Grady, polic\u00eda de Warren y presidente de la principal organizaci\u00f3n de Warren Street, las baquetas llevaran grabadas im\u00e1genes que emulan los tatuajes de Grohl.<\/p>\n<p>Fuente: www.warp.la<\/p>\n","protected":false},"excerpt":{"rendered":"<p>Mientras que ha otros m\u00fasicos les han sido otorgadas las llaves de sus ciudades de origen, en Warren, Ohio, ciudad natal del l\u00edder de Foo Fighters, Dave Grohl, no esta satisfecha con s\u00f3lo haber nombrado en 2009 la calle donde naci\u00f3 el ex baterista de Nirvana, con el nombre de: Dave Grohl Alley, si no [&hellip;]<\/p>\n","protected":false},"author":4,"featured_media":100005678,"comment_status":"open","ping_status":"open","sticky":false,"template":"","format":"standard","meta":{"_jetpack_memberships_contains_paid_content":false,"footnotes":""},"categories":[142],"tags":[],"class_list":["post-5678","post","type-post","status-publish","format-standard","has-post-thumbnail","hentry","category-buzznews"],"jetpack_featured_media_url":"https:\/\/www.oidossucios.com\/site\/wp-content\/uploads\/2012\/07\/5678.jpg","yoast_head":"<!-- This site is optimized with the Yoast SEO plugin v14.0.4 - https:\/\/yoast.com\/wordpress\/plugins\/seo\/ -->\n<title>El pueblo natal de Dave Grohl crea baquetas gigantes en su honor - OidosSucios.Com<\/title>\n<meta name=\"robots\" content=\"index, follow\" \/>\n<meta name=\"googlebot\" content=\"index, follow, max-snippet:-1, max-image-preview:large, max-video-preview:-1\" \/>\n<meta name=\"bingbot\" content=\"index, follow, max-snippet:-1, max-image-preview:large, max-video-preview:-1\" \/>\n<link rel=\"canonical\" href=\"https:\/\/www.oidossucios.com\/site\/el-pueblo-natal-de-dave-grohl-crea-baquetas-gigantes-en-su-honor\/\" \/>\n<meta property=\"og:locale\" content=\"es_ES\" \/>\n<meta property=\"og:type\" content=\"article\" \/>\n<meta property=\"og:title\" content=\"El pueblo natal de Dave Grohl crea baquetas gigantes en su honor - OidosSucios.Com\" \/>\n<meta property=\"og:description\" content=\"Mientras que ha otros m\u00fasicos les han sido otorgadas las llaves de sus ciudades de origen, en Warren, Ohio, ciudad natal del l\u00edder de Foo Fighters, Dave Grohl, no esta satisfecha con s\u00f3lo haber nombrado en 2009 la calle donde naci\u00f3 el ex baterista de Nirvana, con el nombre de: Dave Grohl Alley, si no [&hellip;]\" \/>\n<meta property=\"og:url\" content=\"https:\/\/www.oidossucios.com\/site\/el-pueblo-natal-de-dave-grohl-crea-baquetas-gigantes-en-su-honor\/\" \/>\n<meta property=\"og:site_name\" content=\"OidosSucios.Com\" \/>\n<meta property=\"article:published_time\" content=\"2012-07-04T05:58:00+00:00\" \/>\n<meta property=\"og:image\" content=\"https:\/\/www.oidossucios.com\/site\/wp-content\/uploads\/2012\/07\/5678.jpg\" \/>\n\t<meta property=\"og:image:width\" content=\"350\" \/>\n\t<meta property=\"og:image:height\" content=\"300\" \/>\n<meta name=\"twitter:card\" content=\"summary_large_image\" \/>\n<meta name=\"twitter:creator\" content=\"@oidossucios\" \/>\n<script type=\"application\/ld+json\" class=\"yoast-schema-graph\">{\"@context\":\"https:\/\/schema.org\",\"@graph\":[{\"@type\":\"WebSite\",\"@id\":\"https:\/\/www.oidossucios.com\/site\/#website\",\"url\":\"https:\/\/www.oidossucios.com\/site\/\",\"name\":\"OidosSucios.Com\",\"description\":\"M\\u00fasica, conciertos, discos\",\"potentialAction\":[{\"@type\":\"SearchAction\",\"target\":\"https:\/\/www.oidossucios.com\/site\/?s={search_term_string}\",\"query-input\":\"required name=search_term_string\"}],\"inLanguage\":\"es\"},{\"@type\":\"ImageObject\",\"@id\":\"https:\/\/www.oidossucios.com\/site\/el-pueblo-natal-de-dave-grohl-crea-baquetas-gigantes-en-su-honor\/#primaryimage\",\"inLanguage\":\"es\",\"url\":\"https:\/\/www.oidossucios.com\/site\/wp-content\/uploads\/2012\/07\/5678.jpg\",\"width\":350,\"height\":300},{\"@type\":\"WebPage\",\"@id\":\"https:\/\/www.oidossucios.com\/site\/el-pueblo-natal-de-dave-grohl-crea-baquetas-gigantes-en-su-honor\/#webpage\",\"url\":\"https:\/\/www.oidossucios.com\/site\/el-pueblo-natal-de-dave-grohl-crea-baquetas-gigantes-en-su-honor\/\",\"name\":\"El pueblo natal de Dave Grohl crea baquetas gigantes en su honor - OidosSucios.Com\",\"isPartOf\":{\"@id\":\"https:\/\/www.oidossucios.com\/site\/#website\"},\"primaryImageOfPage\":{\"@id\":\"https:\/\/www.oidossucios.com\/site\/el-pueblo-natal-de-dave-grohl-crea-baquetas-gigantes-en-su-honor\/#primaryimage\"},\"datePublished\":\"2012-07-04T05:58:00+00:00\",\"dateModified\":\"2012-07-04T05:58:00+00:00\",\"author\":{\"@id\":\"https:\/\/www.oidossucios.com\/site\/#\/schema\/person\/24559eeb76bf83a63296fb072393a688\"},\"inLanguage\":\"es\",\"potentialAction\":[{\"@type\":\"ReadAction\",\"target\":[\"https:\/\/www.oidossucios.com\/site\/el-pueblo-natal-de-dave-grohl-crea-baquetas-gigantes-en-su-honor\/\"]}]},{\"@type\":[\"Person\"],\"@id\":\"https:\/\/www.oidossucios.com\/site\/#\/schema\/person\/24559eeb76bf83a63296fb072393a688\",\"name\":\"Oidossucios\",\"image\":{\"@type\":\"ImageObject\",\"@id\":\"https:\/\/www.oidossucios.com\/site\/#personlogo\",\"inLanguage\":\"es\",\"url\":\"https:\/\/secure.gravatar.com\/avatar\/74fcb480f42f1a33e50a0b6e6369a3f907be2e43dc84fa5f76c66e9c22b4a5ab?s=96&d=mm&r=g\",\"caption\":\"Oidossucios\"},\"sameAs\":[\"https:\/\/twitter.com\/oidossucios\"]}]}<\/script>\n<!-- \/ Yoast SEO plugin. -->","jetpack_sharing_enabled":true,"_links":{"self":[{"href":"https:\/\/www.oidossucios.com\/site\/wp-json\/wp\/v2\/posts\/5678","targetHints":{"allow":["GET"]}}],"collection":[{"href":"https:\/\/www.oidossucios.com\/site\/wp-json\/wp\/v2\/posts"}],"about":[{"href":"https:\/\/www.oidossucios.com\/site\/wp-json\/wp\/v2\/types\/post"}],"author":[{"embeddable":true,"href":"https:\/\/www.oidossucios.com\/site\/wp-json\/wp\/v2\/users\/4"}],"replies":[{"embeddable":true,"href":"https:\/\/www.oidossucios.com\/site\/wp-json\/wp\/v2\/comments?post=5678"}],"version-history":[{"count":0,"href":"https:\/\/www.oidossucios.com\/site\/wp-json\/wp\/v2\/posts\/5678\/revisions"}],"wp:featuredmedia":[{"embeddable":true,"href":"https:\/\/www.oidossucios.com\/site\/wp-json\/wp\/v2\/media\/100005678"}],"wp:attachment":[{"href":"https:\/\/www.oidossucios.com\/site\/wp-json\/wp\/v2\/media?parent=5678"}],"wp:term":[{"taxonomy":"category","embeddable":true,"href":"https:\/\/www.oidossucios.com\/site\/wp-json\/wp\/v2\/categories?post=5678"},{"taxonomy":"post_tag","embeddable":true,"href":"https:\/\/www.oidossucios.com\/site\/wp-json\/wp\/v2\/tags?post=5678"}],"curies":[{"name":"wp","href":"https:\/\/api.w.org\/{rel}","templated":true}]}}