{"id":5686,"date":"2012-07-06T06:22:00","date_gmt":"2012-07-06T06:22:00","guid":{"rendered":"https:\/\/www.oidossucios.com\/site\/2012\/07\/06\/deftones-revela-detalles-de-su-nuevo-album\/"},"modified":"2012-07-06T06:22:00","modified_gmt":"2012-07-06T06:22:00","slug":"deftones-revela-detalles-de-su-nuevo-album","status":"publish","type":"post","link":"https:\/\/www.oidossucios.com\/site\/deftones-revela-detalles-de-su-nuevo-album\/","title":{"rendered":"Deftones revela detalles de su nuevo \u00e1lbum"},"content":{"rendered":"\n<p>Deftones lanzar\u00e1 su nuevo \u00e1lbum el pr\u00f3ximo 9 de octubre. Seg\u00fan el vocalista de la banda, Chino Moreno, el disco ya est\u00e1 en proceso de mezcla, y \u00e9l lo define como din\u00e1mico: &#8220;No se trata de un disco s\u00faper r\u00e1pido ni lento. Es muy din\u00e1mico. Una de las cosas que m\u00e1s me gusta de Deftones es el dinamismo. S\u00ed, somos una banda pesada pero no somos agresivos tofo el tiempo, peg\u00e1ndote en la cara. Existe mucha agresi\u00f3n en el mundo de la m\u00fasica pero tambi\u00e9n hay un elemento tranquilizador en el sonido ambiental y no s\u00f3lo ataque, ataque, ataque todo el tiempo. Entiendo que es una gran parte del sonido, pero en verdad siento que logramos un punto muy alto en la din\u00e1mica de este \u00e1lbum&#8221;, asegur\u00f3.<\/p>\n<p>El cantante tambi\u00e9n coment\u00f3 que para este trabajo, a\u00fan sin nombre, trabajaron de una manera distinta. &#8220;Nuestros antecedentes aseguran que tardamos mil a\u00f1os en grabar nuestros discos. Pero nuestro \u00faltimo \u00e1lbum \u0096<i>Diamond Eyes<\/i>&#8211; lo hicimos en una cantidad de tiempo razonable. Unos cuatro o cinco meses despu\u00e9s de empezamos a escribir las canciones&nbsp; lo hab\u00edamos terminado. Para nosotros eso es todo un r\u00e9cord&#8221; declar\u00f3 Moreno. Y quisieron repetir la historia. &#8220;Esta vez la idea era &#8220;Empecemos el disco en esta fecha, tratemos de que est\u00e9 terminado para el verano y sigamos con una \u00e9tica de trabajo similar a la de la otra vez&#8221; y as\u00ed lo hicimos&#8221;. <\/p>\n<p>La placa estuvo producida por Nick Raskulinecz.<\/p>\n","protected":false},"excerpt":{"rendered":"<p>Deftones lanzar\u00e1 su nuevo \u00e1lbum el pr\u00f3ximo 9 de octubre. Seg\u00fan el vocalista de la banda, Chino Moreno, el disco ya est\u00e1 en proceso de mezcla.<\/p>\n","protected":false},"author":4,"featured_media":100005686,"comment_status":"open","ping_status":"open","sticky":false,"template":"","format":"standard","meta":{"_jetpack_memberships_contains_paid_content":false,"footnotes":""},"categories":[250],"tags":[],"class_list":["post-5686","post","type-post","status-publish","format-standard","has-post-thumbnail","hentry","category-noticias"],"jetpack_featured_media_url":"https:\/\/www.oidossucios.com\/site\/wp-content\/uploads\/2012\/07\/5686.jpg","yoast_head":"<!-- This site is optimized with the Yoast SEO plugin v14.0.4 - https:\/\/yoast.com\/wordpress\/plugins\/seo\/ -->\n<title>Deftones revela detalles de su nuevo \u00e1lbum - OidosSucios.Com<\/title>\n<meta name=\"description\" content=\"Deftones lanzar\u00e1 su nuevo \u00e1lbum el pr\u00f3ximo 9 de octubre. Seg\u00fan el vocalista de la banda, Chino Moreno, el disco ya est\u00e1 en proceso de mezcla.\" \/>\n<meta name=\"robots\" content=\"index, follow\" \/>\n<meta name=\"googlebot\" content=\"index, follow, max-snippet:-1, max-image-preview:large, max-video-preview:-1\" \/>\n<meta name=\"bingbot\" content=\"index, follow, max-snippet:-1, max-image-preview:large, max-video-preview:-1\" \/>\n<link rel=\"canonical\" href=\"https:\/\/www.oidossucios.com\/site\/deftones-revela-detalles-de-su-nuevo-album\/\" \/>\n<meta property=\"og:locale\" content=\"es_ES\" \/>\n<meta property=\"og:type\" content=\"article\" \/>\n<meta property=\"og:title\" content=\"Deftones revela detalles de su nuevo \u00e1lbum - OidosSucios.Com\" \/>\n<meta property=\"og:description\" content=\"Deftones lanzar\u00e1 su nuevo \u00e1lbum el pr\u00f3ximo 9 de octubre. Seg\u00fan el vocalista de la banda, Chino Moreno, el disco ya est\u00e1 en proceso de mezcla.\" \/>\n<meta property=\"og:url\" content=\"https:\/\/www.oidossucios.com\/site\/deftones-revela-detalles-de-su-nuevo-album\/\" \/>\n<meta property=\"og:site_name\" content=\"OidosSucios.Com\" \/>\n<meta property=\"article:published_time\" content=\"2012-07-06T06:22:00+00:00\" \/>\n<meta property=\"og:image\" content=\"https:\/\/www.oidossucios.com\/site\/wp-content\/uploads\/2012\/07\/5686.jpg\" \/>\n\t<meta property=\"og:image:width\" content=\"350\" \/>\n\t<meta property=\"og:image:height\" content=\"300\" \/>\n<meta name=\"twitter:card\" content=\"summary_large_image\" \/>\n<meta name=\"twitter:creator\" content=\"@oidossucios\" \/>\n<script type=\"application\/ld+json\" class=\"yoast-schema-graph\">{\"@context\":\"https:\/\/schema.org\",\"@graph\":[{\"@type\":\"WebSite\",\"@id\":\"https:\/\/www.oidossucios.com\/site\/#website\",\"url\":\"https:\/\/www.oidossucios.com\/site\/\",\"name\":\"OidosSucios.Com\",\"description\":\"M\\u00fasica, conciertos, discos\",\"potentialAction\":[{\"@type\":\"SearchAction\",\"target\":\"https:\/\/www.oidossucios.com\/site\/?s={search_term_string}\",\"query-input\":\"required name=search_term_string\"}],\"inLanguage\":\"es\"},{\"@type\":\"ImageObject\",\"@id\":\"https:\/\/www.oidossucios.com\/site\/deftones-revela-detalles-de-su-nuevo-album\/#primaryimage\",\"inLanguage\":\"es\",\"url\":\"https:\/\/www.oidossucios.com\/site\/wp-content\/uploads\/2012\/07\/5686.jpg\",\"width\":350,\"height\":300},{\"@type\":\"WebPage\",\"@id\":\"https:\/\/www.oidossucios.com\/site\/deftones-revela-detalles-de-su-nuevo-album\/#webpage\",\"url\":\"https:\/\/www.oidossucios.com\/site\/deftones-revela-detalles-de-su-nuevo-album\/\",\"name\":\"Deftones revela detalles de su nuevo \\u00e1lbum - OidosSucios.Com\",\"isPartOf\":{\"@id\":\"https:\/\/www.oidossucios.com\/site\/#website\"},\"primaryImageOfPage\":{\"@id\":\"https:\/\/www.oidossucios.com\/site\/deftones-revela-detalles-de-su-nuevo-album\/#primaryimage\"},\"datePublished\":\"2012-07-06T06:22:00+00:00\",\"dateModified\":\"2012-07-06T06:22:00+00:00\",\"author\":{\"@id\":\"https:\/\/www.oidossucios.com\/site\/#\/schema\/person\/24559eeb76bf83a63296fb072393a688\"},\"description\":\"Deftones lanzar\\u00e1 su nuevo \\u00e1lbum el pr\\u00f3ximo 9 de octubre. Seg\\u00fan el vocalista de la banda, Chino Moreno, el disco ya est\\u00e1 en proceso de mezcla.\",\"inLanguage\":\"es\",\"potentialAction\":[{\"@type\":\"ReadAction\",\"target\":[\"https:\/\/www.oidossucios.com\/site\/deftones-revela-detalles-de-su-nuevo-album\/\"]}]},{\"@type\":[\"Person\"],\"@id\":\"https:\/\/www.oidossucios.com\/site\/#\/schema\/person\/24559eeb76bf83a63296fb072393a688\",\"name\":\"Oidossucios\",\"image\":{\"@type\":\"ImageObject\",\"@id\":\"https:\/\/www.oidossucios.com\/site\/#personlogo\",\"inLanguage\":\"es\",\"url\":\"https:\/\/secure.gravatar.com\/avatar\/74fcb480f42f1a33e50a0b6e6369a3f907be2e43dc84fa5f76c66e9c22b4a5ab?s=96&d=mm&r=g\",\"caption\":\"Oidossucios\"},\"sameAs\":[\"https:\/\/twitter.com\/oidossucios\"]}]}<\/script>\n<!-- \/ Yoast SEO plugin. -->","jetpack_sharing_enabled":true,"_links":{"self":[{"href":"https:\/\/www.oidossucios.com\/site\/wp-json\/wp\/v2\/posts\/5686","targetHints":{"allow":["GET"]}}],"collection":[{"href":"https:\/\/www.oidossucios.com\/site\/wp-json\/wp\/v2\/posts"}],"about":[{"href":"https:\/\/www.oidossucios.com\/site\/wp-json\/wp\/v2\/types\/post"}],"author":[{"embeddable":true,"href":"https:\/\/www.oidossucios.com\/site\/wp-json\/wp\/v2\/users\/4"}],"replies":[{"embeddable":true,"href":"https:\/\/www.oidossucios.com\/site\/wp-json\/wp\/v2\/comments?post=5686"}],"version-history":[{"count":0,"href":"https:\/\/www.oidossucios.com\/site\/wp-json\/wp\/v2\/posts\/5686\/revisions"}],"wp:featuredmedia":[{"embeddable":true,"href":"https:\/\/www.oidossucios.com\/site\/wp-json\/wp\/v2\/media\/100005686"}],"wp:attachment":[{"href":"https:\/\/www.oidossucios.com\/site\/wp-json\/wp\/v2\/media?parent=5686"}],"wp:term":[{"taxonomy":"category","embeddable":true,"href":"https:\/\/www.oidossucios.com\/site\/wp-json\/wp\/v2\/categories?post=5686"},{"taxonomy":"post_tag","embeddable":true,"href":"https:\/\/www.oidossucios.com\/site\/wp-json\/wp\/v2\/tags?post=5686"}],"curies":[{"name":"wp","href":"https:\/\/api.w.org\/{rel}","templated":true}]}}