{"id":569,"date":"2002-04-07T23:23:00","date_gmt":"2002-04-07T23:23:00","guid":{"rendered":"https:\/\/www.oidossucios.com\/site\/2002\/04\/07\/paro-k-saca-su-segundo-disco\/"},"modified":"2002-04-07T23:23:00","modified_gmt":"2002-04-07T23:23:00","slug":"paro-k-saca-su-segundo-disco","status":"publish","type":"post","link":"https:\/\/www.oidossucios.com\/site\/paro-k-saca-su-segundo-disco\/","title":{"rendered":"Paro K saca su segundo disco"},"content":{"rendered":"<p>Paro K (que antes se llamaba Paro Kard\u00edaco), agrupaci\u00f3n rapera de venezolanos radicados en M\u00e9xico desde hace dos a\u00f1os, planea sacar a la calle a principios del mes de mayo su segunda producci\u00f3n discogr\u00e1fica, titulada &#8216;Zambumbia&#8217;.<\/p>\n<p>Paro Kard\u00edaco se form\u00f3 a finales de 1998 en Ocumare del Tuy (Venezuela) y debutaron con su disco hom\u00f3nimo a finales de 1999. El single &#8216;Arrapapai&#8217;, donde cuentan con la participaci\u00f3n especial de Jon\u00e1s de Plastilina Mosh, logr\u00f3 una buena rotaci\u00f3n en las cadenas de v\u00eddeos latinoamericanas, lo que les permiti\u00f3 su entrada al pa\u00eds azteca donde se radicaron con \u00e9xito desde mediados del 2000.<\/p>\n<p>&#8216;Zambumbia&#8217; ser\u00e1 editado por la disquera independiente Galamusic y ser\u00e1 distribuido internacionalmente por la disquera de los calzados Vans. Se rumora que en Venezuela la disquera encargada de promocionarlo ser\u00eda Universal.<\/p>\n","protected":false},"excerpt":{"rendered":"<p>La agrupaci\u00f3n venezolana radicada en M\u00e9xico sacar\u00e1 en los primeros d\u00edas de mayo su segunda producci\u00f3n musical: Zambumbia.<\/p>\n","protected":false},"author":4,"featured_media":0,"comment_status":"open","ping_status":"open","sticky":false,"template":"","format":"standard","meta":{"_jetpack_memberships_contains_paid_content":false,"footnotes":""},"categories":[250],"tags":[],"class_list":["post-569","post","type-post","status-publish","format-standard","hentry","category-noticias"],"jetpack_featured_media_url":"","yoast_head":"<!-- This site is optimized with the Yoast SEO plugin v14.0.4 - https:\/\/yoast.com\/wordpress\/plugins\/seo\/ -->\n<title>Paro K saca su segundo disco - OidosSucios.Com<\/title>\n<meta name=\"description\" content=\"A trav\u00e9s de su p\u00e1gina web, Gustavo Cerati ha confirmado la presentaci\u00f3n de 11 Episodios Sinf\u00f3nicos en Buenos Aires y Caracas, el 22 y 28 de abril respectivamente.\" \/>\n<meta name=\"robots\" content=\"index, follow\" \/>\n<meta name=\"googlebot\" content=\"index, follow, max-snippet:-1, max-image-preview:large, max-video-preview:-1\" \/>\n<meta name=\"bingbot\" content=\"index, follow, max-snippet:-1, max-image-preview:large, max-video-preview:-1\" \/>\n<link rel=\"canonical\" href=\"https:\/\/www.oidossucios.com\/site\/paro-k-saca-su-segundo-disco\/\" \/>\n<meta property=\"og:locale\" content=\"es_ES\" \/>\n<meta property=\"og:type\" content=\"article\" \/>\n<meta property=\"og:title\" content=\"Paro K saca su segundo disco - OidosSucios.Com\" \/>\n<meta property=\"og:description\" content=\"A trav\u00e9s de su p\u00e1gina web, Gustavo Cerati ha confirmado la presentaci\u00f3n de 11 Episodios Sinf\u00f3nicos en Buenos Aires y Caracas, el 22 y 28 de abril respectivamente.\" \/>\n<meta property=\"og:url\" content=\"https:\/\/www.oidossucios.com\/site\/paro-k-saca-su-segundo-disco\/\" \/>\n<meta property=\"og:site_name\" content=\"OidosSucios.Com\" \/>\n<meta property=\"article:published_time\" content=\"2002-04-07T23:23:00+00:00\" \/>\n<meta name=\"twitter:card\" content=\"summary_large_image\" \/>\n<meta name=\"twitter:creator\" content=\"@oidossucios\" \/>\n<script type=\"application\/ld+json\" class=\"yoast-schema-graph\">{\"@context\":\"https:\/\/schema.org\",\"@graph\":[{\"@type\":\"WebSite\",\"@id\":\"https:\/\/www.oidossucios.com\/site\/#website\",\"url\":\"https:\/\/www.oidossucios.com\/site\/\",\"name\":\"OidosSucios.Com\",\"description\":\"M\\u00fasica, conciertos, discos\",\"potentialAction\":[{\"@type\":\"SearchAction\",\"target\":\"https:\/\/www.oidossucios.com\/site\/?s={search_term_string}\",\"query-input\":\"required name=search_term_string\"}],\"inLanguage\":\"es\"},{\"@type\":\"WebPage\",\"@id\":\"https:\/\/www.oidossucios.com\/site\/paro-k-saca-su-segundo-disco\/#webpage\",\"url\":\"https:\/\/www.oidossucios.com\/site\/paro-k-saca-su-segundo-disco\/\",\"name\":\"Paro K saca su segundo disco - OidosSucios.Com\",\"isPartOf\":{\"@id\":\"https:\/\/www.oidossucios.com\/site\/#website\"},\"datePublished\":\"2002-04-07T23:23:00+00:00\",\"dateModified\":\"2002-04-07T23:23:00+00:00\",\"author\":{\"@id\":\"https:\/\/www.oidossucios.com\/site\/#\/schema\/person\/24559eeb76bf83a63296fb072393a688\"},\"description\":\"A trav\\u00e9s de su p\\u00e1gina web, Gustavo Cerati ha confirmado la presentaci\\u00f3n de 11 Episodios Sinf\\u00f3nicos en Buenos Aires y Caracas, el 22 y 28 de abril respectivamente.\",\"inLanguage\":\"es\",\"potentialAction\":[{\"@type\":\"ReadAction\",\"target\":[\"https:\/\/www.oidossucios.com\/site\/paro-k-saca-su-segundo-disco\/\"]}]},{\"@type\":[\"Person\"],\"@id\":\"https:\/\/www.oidossucios.com\/site\/#\/schema\/person\/24559eeb76bf83a63296fb072393a688\",\"name\":\"Oidossucios\",\"image\":{\"@type\":\"ImageObject\",\"@id\":\"https:\/\/www.oidossucios.com\/site\/#personlogo\",\"inLanguage\":\"es\",\"url\":\"https:\/\/secure.gravatar.com\/avatar\/74fcb480f42f1a33e50a0b6e6369a3f907be2e43dc84fa5f76c66e9c22b4a5ab?s=96&d=mm&r=g\",\"caption\":\"Oidossucios\"},\"sameAs\":[\"https:\/\/twitter.com\/oidossucios\"]}]}<\/script>\n<!-- \/ Yoast SEO plugin. -->","jetpack_sharing_enabled":true,"_links":{"self":[{"href":"https:\/\/www.oidossucios.com\/site\/wp-json\/wp\/v2\/posts\/569","targetHints":{"allow":["GET"]}}],"collection":[{"href":"https:\/\/www.oidossucios.com\/site\/wp-json\/wp\/v2\/posts"}],"about":[{"href":"https:\/\/www.oidossucios.com\/site\/wp-json\/wp\/v2\/types\/post"}],"author":[{"embeddable":true,"href":"https:\/\/www.oidossucios.com\/site\/wp-json\/wp\/v2\/users\/4"}],"replies":[{"embeddable":true,"href":"https:\/\/www.oidossucios.com\/site\/wp-json\/wp\/v2\/comments?post=569"}],"version-history":[{"count":0,"href":"https:\/\/www.oidossucios.com\/site\/wp-json\/wp\/v2\/posts\/569\/revisions"}],"wp:attachment":[{"href":"https:\/\/www.oidossucios.com\/site\/wp-json\/wp\/v2\/media?parent=569"}],"wp:term":[{"taxonomy":"category","embeddable":true,"href":"https:\/\/www.oidossucios.com\/site\/wp-json\/wp\/v2\/categories?post=569"},{"taxonomy":"post_tag","embeddable":true,"href":"https:\/\/www.oidossucios.com\/site\/wp-json\/wp\/v2\/tags?post=569"}],"curies":[{"name":"wp","href":"https:\/\/api.w.org\/{rel}","templated":true}]}}