{"id":5692,"date":"2012-07-09T07:22:00","date_gmt":"2012-07-09T07:22:00","guid":{"rendered":"https:\/\/www.oidossucios.com\/site\/2012\/07\/09\/se-confirman-las-secuelas-de-the-amazing-spider-man\/"},"modified":"2012-07-09T07:22:00","modified_gmt":"2012-07-09T07:22:00","slug":"se-confirman-las-secuelas-de-the-amazing-spider-man","status":"publish","type":"post","link":"https:\/\/www.oidossucios.com\/site\/se-confirman-las-secuelas-de-the-amazing-spider-man\/","title":{"rendered":"Se confirman las secuelas de &#8220;The Amazing Spider-Man&#8221;"},"content":{"rendered":"<p>Por <\/p>\n<p>Recientemente se dio a conocer que se realizar\u00e1 una trilog\u00eda de pel\u00edculas acerca de&nbsp;Spider-Man, siendo la primera,&nbsp;<i>The Amazing Spider-Man<\/i>.&nbsp;<\/p>\n<p>En la p\u00e1gina oficial de&nbsp;<a target=\"_blank\" href=\"https:\/\/www.facebook.com\/theamazingspiderman\" rel=\"noopener noreferrer\">Facebook<\/a>&nbsp;se coloc\u00f3 el comunicado que dice: &#8220;\u00a1Finalmente est\u00e1 aqu\u00ed!&nbsp;<i>The Amazing Spider-Man<\/i>, es la primera entrega de una trilog\u00eda de pel\u00edculas que explorar\u00e1n como el recorrido de nuestro h\u00e9roe favorito estuvo marcado por la desaparici\u00f3n de sus padres&#8221;.<\/p>\n<p>Actualmente ya se tiene programada la realizaci\u00f3n de la segunda entrega, la cual tambi\u00e9n estar\u00e1 protagonizada por&nbsp;Andrew Garfield, y se estrenar\u00e1 en alg\u00fan momento de 2014. <\/p>\n<p>Fuente: www.rollingstone.com.mx<\/p>\n","protected":false},"excerpt":{"rendered":"<p>Recientemente se dio a conocer que se realizar\u00e1 una trilog\u00eda de pel\u00edculas acerca de Spider-Man, siendo la primera, &quot;The Amazing Spider-Man&quot;. <\/p>\n","protected":false},"author":4,"featured_media":100005692,"comment_status":"open","ping_status":"open","sticky":false,"template":"","format":"standard","meta":{"_jetpack_memberships_contains_paid_content":false,"footnotes":""},"categories":[672],"tags":[],"class_list":["post-5692","post","type-post","status-publish","format-standard","has-post-thumbnail","hentry","category-tv"],"jetpack_featured_media_url":"https:\/\/www.oidossucios.com\/site\/wp-content\/uploads\/2012\/07\/5692.jpg","yoast_head":"<!-- This site is optimized with the Yoast SEO plugin v14.0.4 - https:\/\/yoast.com\/wordpress\/plugins\/seo\/ -->\n<title>Se confirman las secuelas de &quot;The Amazing Spider-Man&quot; - OidosSucios.Com<\/title>\n<meta name=\"description\" content=\"Recientemente se dio a conocer que se realizar\u00e1 una trilog\u00eda de pel\u00edculas acerca de Spider-Man, siendo la primera, &quot;The Amazing Spider-Man&quot;.\" \/>\n<meta name=\"robots\" content=\"index, follow\" \/>\n<meta name=\"googlebot\" content=\"index, follow, max-snippet:-1, max-image-preview:large, max-video-preview:-1\" \/>\n<meta name=\"bingbot\" content=\"index, follow, max-snippet:-1, max-image-preview:large, max-video-preview:-1\" \/>\n<link rel=\"canonical\" href=\"https:\/\/www.oidossucios.com\/site\/se-confirman-las-secuelas-de-the-amazing-spider-man\/\" \/>\n<meta property=\"og:locale\" content=\"es_ES\" \/>\n<meta property=\"og:type\" content=\"article\" \/>\n<meta property=\"og:title\" content=\"Se confirman las secuelas de &quot;The Amazing Spider-Man&quot; - OidosSucios.Com\" \/>\n<meta property=\"og:description\" content=\"Recientemente se dio a conocer que se realizar\u00e1 una trilog\u00eda de pel\u00edculas acerca de Spider-Man, siendo la primera, &quot;The Amazing Spider-Man&quot;.\" \/>\n<meta property=\"og:url\" content=\"https:\/\/www.oidossucios.com\/site\/se-confirman-las-secuelas-de-the-amazing-spider-man\/\" \/>\n<meta property=\"og:site_name\" content=\"OidosSucios.Com\" \/>\n<meta property=\"article:published_time\" content=\"2012-07-09T07:22:00+00:00\" \/>\n<meta property=\"og:image\" content=\"https:\/\/www.oidossucios.com\/site\/wp-content\/uploads\/2012\/07\/5692.jpg\" \/>\n\t<meta property=\"og:image:width\" content=\"350\" \/>\n\t<meta property=\"og:image:height\" content=\"300\" \/>\n<meta name=\"twitter:card\" content=\"summary_large_image\" \/>\n<meta name=\"twitter:creator\" content=\"@oidossucios\" \/>\n<script type=\"application\/ld+json\" class=\"yoast-schema-graph\">{\"@context\":\"https:\/\/schema.org\",\"@graph\":[{\"@type\":\"WebSite\",\"@id\":\"https:\/\/www.oidossucios.com\/site\/#website\",\"url\":\"https:\/\/www.oidossucios.com\/site\/\",\"name\":\"OidosSucios.Com\",\"description\":\"M\\u00fasica, conciertos, discos\",\"potentialAction\":[{\"@type\":\"SearchAction\",\"target\":\"https:\/\/www.oidossucios.com\/site\/?s={search_term_string}\",\"query-input\":\"required name=search_term_string\"}],\"inLanguage\":\"es\"},{\"@type\":\"ImageObject\",\"@id\":\"https:\/\/www.oidossucios.com\/site\/se-confirman-las-secuelas-de-the-amazing-spider-man\/#primaryimage\",\"inLanguage\":\"es\",\"url\":\"https:\/\/www.oidossucios.com\/site\/wp-content\/uploads\/2012\/07\/5692.jpg\",\"width\":350,\"height\":300},{\"@type\":\"WebPage\",\"@id\":\"https:\/\/www.oidossucios.com\/site\/se-confirman-las-secuelas-de-the-amazing-spider-man\/#webpage\",\"url\":\"https:\/\/www.oidossucios.com\/site\/se-confirman-las-secuelas-de-the-amazing-spider-man\/\",\"name\":\"Se confirman las secuelas de \\\"The Amazing Spider-Man\\\" - OidosSucios.Com\",\"isPartOf\":{\"@id\":\"https:\/\/www.oidossucios.com\/site\/#website\"},\"primaryImageOfPage\":{\"@id\":\"https:\/\/www.oidossucios.com\/site\/se-confirman-las-secuelas-de-the-amazing-spider-man\/#primaryimage\"},\"datePublished\":\"2012-07-09T07:22:00+00:00\",\"dateModified\":\"2012-07-09T07:22:00+00:00\",\"author\":{\"@id\":\"https:\/\/www.oidossucios.com\/site\/#\/schema\/person\/24559eeb76bf83a63296fb072393a688\"},\"description\":\"Recientemente se dio a conocer que se realizar\\u00e1 una trilog\\u00eda de pel\\u00edculas acerca de Spider-Man, siendo la primera, &quot;The Amazing Spider-Man&quot;.\",\"inLanguage\":\"es\",\"potentialAction\":[{\"@type\":\"ReadAction\",\"target\":[\"https:\/\/www.oidossucios.com\/site\/se-confirman-las-secuelas-de-the-amazing-spider-man\/\"]}]},{\"@type\":[\"Person\"],\"@id\":\"https:\/\/www.oidossucios.com\/site\/#\/schema\/person\/24559eeb76bf83a63296fb072393a688\",\"name\":\"Oidossucios\",\"image\":{\"@type\":\"ImageObject\",\"@id\":\"https:\/\/www.oidossucios.com\/site\/#personlogo\",\"inLanguage\":\"es\",\"url\":\"https:\/\/secure.gravatar.com\/avatar\/74fcb480f42f1a33e50a0b6e6369a3f907be2e43dc84fa5f76c66e9c22b4a5ab?s=96&d=mm&r=g\",\"caption\":\"Oidossucios\"},\"sameAs\":[\"https:\/\/twitter.com\/oidossucios\"]}]}<\/script>\n<!-- \/ Yoast SEO plugin. -->","jetpack_sharing_enabled":true,"_links":{"self":[{"href":"https:\/\/www.oidossucios.com\/site\/wp-json\/wp\/v2\/posts\/5692","targetHints":{"allow":["GET"]}}],"collection":[{"href":"https:\/\/www.oidossucios.com\/site\/wp-json\/wp\/v2\/posts"}],"about":[{"href":"https:\/\/www.oidossucios.com\/site\/wp-json\/wp\/v2\/types\/post"}],"author":[{"embeddable":true,"href":"https:\/\/www.oidossucios.com\/site\/wp-json\/wp\/v2\/users\/4"}],"replies":[{"embeddable":true,"href":"https:\/\/www.oidossucios.com\/site\/wp-json\/wp\/v2\/comments?post=5692"}],"version-history":[{"count":0,"href":"https:\/\/www.oidossucios.com\/site\/wp-json\/wp\/v2\/posts\/5692\/revisions"}],"wp:featuredmedia":[{"embeddable":true,"href":"https:\/\/www.oidossucios.com\/site\/wp-json\/wp\/v2\/media\/100005692"}],"wp:attachment":[{"href":"https:\/\/www.oidossucios.com\/site\/wp-json\/wp\/v2\/media?parent=5692"}],"wp:term":[{"taxonomy":"category","embeddable":true,"href":"https:\/\/www.oidossucios.com\/site\/wp-json\/wp\/v2\/categories?post=5692"},{"taxonomy":"post_tag","embeddable":true,"href":"https:\/\/www.oidossucios.com\/site\/wp-json\/wp\/v2\/tags?post=5692"}],"curies":[{"name":"wp","href":"https:\/\/api.w.org\/{rel}","templated":true}]}}