{"id":5723,"date":"2012-07-13T16:32:00","date_gmt":"2012-07-13T16:32:00","guid":{"rendered":"https:\/\/www.oidossucios.com\/site\/2012\/07\/13\/tecladista-de-no-te-va-gustar-sufre-fuerte-accidente-automovilistico-en-eeuu\/"},"modified":"2012-07-13T16:32:00","modified_gmt":"2012-07-13T16:32:00","slug":"tecladista-de-no-te-va-gustar-sufre-fuerte-accidente-automovilistico-en-eeuu","status":"publish","type":"post","link":"https:\/\/www.oidossucios.com\/site\/tecladista-de-no-te-va-gustar-sufre-fuerte-accidente-automovilistico-en-eeuu\/","title":{"rendered":"Tecladista de No Te Va Gustar sufre fuerte accidente automovil\u00edstico en EEUU"},"content":{"rendered":"\n<p>El tecladista de No Te Va Gustar (NTVG), Marcel Curuchet, permanece internado en el CTI de un hospital de New Jersey tras accidentarse este jueves y sufrir un fuerte golpe en la cabeza. <\/p>\n<p>La banda se encuentra de gira por EEUU. El m\u00fasico hab\u00eda alquilado una moto para hacer un trayecto largo y tuvo un accidente del que se desconocen c\u00f3mo fueron las causas.<\/p>\n<p>El golpe en la cabeza que sufri\u00f3 oblig\u00f3 a que sea asistido en el CTI de un hospital de Nueva Jersey, por lo que el grupo decidi\u00f3 suspender la presentaci\u00f3n que iban a tener en Nueva York.<\/p>\n<p>El jueves por la noche, la banda inform\u00f3 en sus redes sociales que &#8220;Curuchet tuvo un accidente en New York&#8221;, y que su estado era &#8220;reservado&#8221;.<\/p>\n<p>Este viernes por la ma\u00f1ana NTVG comunic\u00f3 que la situaci\u00f3n era &#8220;delicada&#8221;. &#8220;Queremos agradecer a todos quienes se preocupan por la salud de Marcel. La situaci\u00f3n en estos momentos es delicada. Lo que debemos hacer ahora es estar juntos y mandarle la energ\u00eda m\u00e1s positiva posible&#8221;, inform\u00f3 la banda este viernes por la ma\u00f1ana en sus redes sociales.<\/p>\n<p>No Te Va Gustar se encuentra de gira por M\u00e9xico y EEUU, donde presenta su \u00faltimo disco <i>P\u00fablico<\/i>.<\/p>\n<p>Fuente: www.elobservador.com.uy<\/p>\n","protected":false},"excerpt":{"rendered":"<p>El tecladista de No Te Va Gustar (NTVG), Marcel Curuchet, permanece internado en el CTI de un hospital de New Jersey tras accidentarse este jueves y sufrir un fuerte golpe en la cabeza. La banda se encuentra de gira por EEUU. El m\u00fasico hab\u00eda alquilado una moto para hacer un trayecto largo y tuvo un [&hellip;]<\/p>\n","protected":false},"author":4,"featured_media":100005723,"comment_status":"open","ping_status":"open","sticky":false,"template":"","format":"standard","meta":{"_jetpack_memberships_contains_paid_content":false,"footnotes":""},"categories":[142],"tags":[],"class_list":["post-5723","post","type-post","status-publish","format-standard","has-post-thumbnail","hentry","category-buzznews"],"jetpack_featured_media_url":"https:\/\/www.oidossucios.com\/site\/wp-content\/uploads\/2012\/07\/5723.jpg","yoast_head":"<!-- This site is optimized with the Yoast SEO plugin v14.0.4 - https:\/\/yoast.com\/wordpress\/plugins\/seo\/ -->\n<title>Tecladista de No Te Va Gustar sufre fuerte accidente automovil\u00edstico en EEUU - OidosSucios.Com<\/title>\n<meta name=\"robots\" content=\"index, follow\" \/>\n<meta name=\"googlebot\" content=\"index, follow, max-snippet:-1, max-image-preview:large, max-video-preview:-1\" \/>\n<meta name=\"bingbot\" content=\"index, follow, max-snippet:-1, max-image-preview:large, max-video-preview:-1\" \/>\n<link rel=\"canonical\" href=\"https:\/\/www.oidossucios.com\/site\/tecladista-de-no-te-va-gustar-sufre-fuerte-accidente-automovilistico-en-eeuu\/\" \/>\n<meta property=\"og:locale\" content=\"es_ES\" \/>\n<meta property=\"og:type\" content=\"article\" \/>\n<meta property=\"og:title\" content=\"Tecladista de No Te Va Gustar sufre fuerte accidente automovil\u00edstico en EEUU - OidosSucios.Com\" \/>\n<meta property=\"og:description\" content=\"El tecladista de No Te Va Gustar (NTVG), Marcel Curuchet, permanece internado en el CTI de un hospital de New Jersey tras accidentarse este jueves y sufrir un fuerte golpe en la cabeza. La banda se encuentra de gira por EEUU. El m\u00fasico hab\u00eda alquilado una moto para hacer un trayecto largo y tuvo un [&hellip;]\" \/>\n<meta property=\"og:url\" content=\"https:\/\/www.oidossucios.com\/site\/tecladista-de-no-te-va-gustar-sufre-fuerte-accidente-automovilistico-en-eeuu\/\" \/>\n<meta property=\"og:site_name\" content=\"OidosSucios.Com\" \/>\n<meta property=\"article:published_time\" content=\"2012-07-13T16:32:00+00:00\" \/>\n<meta property=\"og:image\" content=\"https:\/\/www.oidossucios.com\/site\/wp-content\/uploads\/2012\/07\/5723.jpg\" \/>\n\t<meta property=\"og:image:width\" content=\"350\" \/>\n\t<meta property=\"og:image:height\" content=\"300\" \/>\n<meta name=\"twitter:card\" content=\"summary_large_image\" \/>\n<meta name=\"twitter:creator\" content=\"@oidossucios\" \/>\n<script type=\"application\/ld+json\" class=\"yoast-schema-graph\">{\"@context\":\"https:\/\/schema.org\",\"@graph\":[{\"@type\":\"WebSite\",\"@id\":\"https:\/\/www.oidossucios.com\/site\/#website\",\"url\":\"https:\/\/www.oidossucios.com\/site\/\",\"name\":\"OidosSucios.Com\",\"description\":\"M\\u00fasica, conciertos, discos\",\"potentialAction\":[{\"@type\":\"SearchAction\",\"target\":\"https:\/\/www.oidossucios.com\/site\/?s={search_term_string}\",\"query-input\":\"required name=search_term_string\"}],\"inLanguage\":\"es\"},{\"@type\":\"ImageObject\",\"@id\":\"https:\/\/www.oidossucios.com\/site\/tecladista-de-no-te-va-gustar-sufre-fuerte-accidente-automovilistico-en-eeuu\/#primaryimage\",\"inLanguage\":\"es\",\"url\":\"https:\/\/www.oidossucios.com\/site\/wp-content\/uploads\/2012\/07\/5723.jpg\",\"width\":350,\"height\":300},{\"@type\":\"WebPage\",\"@id\":\"https:\/\/www.oidossucios.com\/site\/tecladista-de-no-te-va-gustar-sufre-fuerte-accidente-automovilistico-en-eeuu\/#webpage\",\"url\":\"https:\/\/www.oidossucios.com\/site\/tecladista-de-no-te-va-gustar-sufre-fuerte-accidente-automovilistico-en-eeuu\/\",\"name\":\"Tecladista de No Te Va Gustar sufre fuerte accidente automovil\\u00edstico en EEUU - OidosSucios.Com\",\"isPartOf\":{\"@id\":\"https:\/\/www.oidossucios.com\/site\/#website\"},\"primaryImageOfPage\":{\"@id\":\"https:\/\/www.oidossucios.com\/site\/tecladista-de-no-te-va-gustar-sufre-fuerte-accidente-automovilistico-en-eeuu\/#primaryimage\"},\"datePublished\":\"2012-07-13T16:32:00+00:00\",\"dateModified\":\"2012-07-13T16:32:00+00:00\",\"author\":{\"@id\":\"https:\/\/www.oidossucios.com\/site\/#\/schema\/person\/24559eeb76bf83a63296fb072393a688\"},\"inLanguage\":\"es\",\"potentialAction\":[{\"@type\":\"ReadAction\",\"target\":[\"https:\/\/www.oidossucios.com\/site\/tecladista-de-no-te-va-gustar-sufre-fuerte-accidente-automovilistico-en-eeuu\/\"]}]},{\"@type\":[\"Person\"],\"@id\":\"https:\/\/www.oidossucios.com\/site\/#\/schema\/person\/24559eeb76bf83a63296fb072393a688\",\"name\":\"Oidossucios\",\"image\":{\"@type\":\"ImageObject\",\"@id\":\"https:\/\/www.oidossucios.com\/site\/#personlogo\",\"inLanguage\":\"es\",\"url\":\"https:\/\/secure.gravatar.com\/avatar\/74fcb480f42f1a33e50a0b6e6369a3f907be2e43dc84fa5f76c66e9c22b4a5ab?s=96&d=mm&r=g\",\"caption\":\"Oidossucios\"},\"sameAs\":[\"https:\/\/twitter.com\/oidossucios\"]}]}<\/script>\n<!-- \/ Yoast SEO plugin. -->","jetpack_sharing_enabled":true,"_links":{"self":[{"href":"https:\/\/www.oidossucios.com\/site\/wp-json\/wp\/v2\/posts\/5723","targetHints":{"allow":["GET"]}}],"collection":[{"href":"https:\/\/www.oidossucios.com\/site\/wp-json\/wp\/v2\/posts"}],"about":[{"href":"https:\/\/www.oidossucios.com\/site\/wp-json\/wp\/v2\/types\/post"}],"author":[{"embeddable":true,"href":"https:\/\/www.oidossucios.com\/site\/wp-json\/wp\/v2\/users\/4"}],"replies":[{"embeddable":true,"href":"https:\/\/www.oidossucios.com\/site\/wp-json\/wp\/v2\/comments?post=5723"}],"version-history":[{"count":0,"href":"https:\/\/www.oidossucios.com\/site\/wp-json\/wp\/v2\/posts\/5723\/revisions"}],"wp:featuredmedia":[{"embeddable":true,"href":"https:\/\/www.oidossucios.com\/site\/wp-json\/wp\/v2\/media\/100005723"}],"wp:attachment":[{"href":"https:\/\/www.oidossucios.com\/site\/wp-json\/wp\/v2\/media?parent=5723"}],"wp:term":[{"taxonomy":"category","embeddable":true,"href":"https:\/\/www.oidossucios.com\/site\/wp-json\/wp\/v2\/categories?post=5723"},{"taxonomy":"post_tag","embeddable":true,"href":"https:\/\/www.oidossucios.com\/site\/wp-json\/wp\/v2\/tags?post=5723"}],"curies":[{"name":"wp","href":"https:\/\/api.w.org\/{rel}","templated":true}]}}