{"id":5727,"date":"2012-07-13T18:08:00","date_gmt":"2012-07-13T18:08:00","guid":{"rendered":"https:\/\/www.oidossucios.com\/site\/2012\/07\/13\/esta-gustavo-santaolalla-detras-de-la-musica-de-la-campana-presidencial\/"},"modified":"2012-07-13T18:08:00","modified_gmt":"2012-07-13T18:08:00","slug":"esta-gustavo-santaolalla-detras-de-la-musica-de-la-campana-presidencial","status":"publish","type":"post","link":"https:\/\/www.oidossucios.com\/site\/esta-gustavo-santaolalla-detras-de-la-musica-de-la-campana-presidencial\/","title":{"rendered":"\u00bfEst\u00e1 Gustavo Santaolalla detr\u00e1s de la m\u00fasica de la campa\u00f1a presidencial?"},"content":{"rendered":"<p>Por <\/p>\n<p>El rumor corre desde hace varias semanas. El afamado productor argentino Gustavo Santaolalla ser\u00eda el responsable de la creaci\u00f3n de la m\u00fasica que acompa\u00f1a la campa\u00f1a del presidente Hugo Ch\u00e1vez para la reelecci\u00f3n.<\/p>\n<p>Es un hecho confirmado que el m\u00fasico ha sido visto varias veces en Caracas en los \u00faltimos meses, lo que nadie ha podido aclarar ha sido el motivo concreto de sus constantes visitas.<\/p>\n<p>Fuentes consultadas por OidosSucios.Com afirman que el tambi\u00e9n l\u00edder de Bajofondo Tango Club es el responsable de la letra y m\u00fasica de la promoci\u00f3n presidencial que anda rodando por los medios audiovisuales. Otras voces, venidas desde el sur, cuentan que tambi\u00e9n est\u00e1 reclutando bandas internacionales para una serie de eventos que se llevar\u00e1n a cabo en Caracas durante el per\u00edodo vacacional. De hecho, una de esas bandas nos afirma que ya ha sido contratada para el mes de septiembre.<\/p>\n<p>Santaolalla, nacido en Argentina y radicado en Los Angeles, ha sido productor musical de Juanes, Caf\u00e9 Tacvba, Molotov y Jorge Drexler, entre otros artistas.&nbsp; Ha ganado 2 premios Oscar y 2 BAFTA por Mejor Banda Sonora, 1 Globo de Oro por Mejor Canci\u00f3n Original y m\u00e1s de 10 premios Grammy como productor.&nbsp; Una de sus caracter\u00edsticas m\u00e1s curiosas es que, a pesar de su reconocimiento como productor y m\u00fasico, no sabe leer ni escribir partituras musicales.<\/p>\n","protected":false},"excerpt":{"rendered":"<p>El afamado productor argentino ser\u00eda el responsable de la creaci\u00f3n del soundtrack de la campa\u00f1a presidencial de Hugo Ch\u00e1vez.<\/p>\n","protected":false},"author":4,"featured_media":100005727,"comment_status":"open","ping_status":"open","sticky":false,"template":"","format":"standard","meta":{"_jetpack_memberships_contains_paid_content":false,"footnotes":""},"categories":[640],"tags":[],"class_list":["post-5727","post","type-post","status-publish","format-standard","has-post-thumbnail","hentry","category-rumores"],"jetpack_featured_media_url":"https:\/\/www.oidossucios.com\/site\/wp-content\/uploads\/2012\/07\/5727.jpg","yoast_head":"<!-- This site is optimized with the Yoast SEO plugin v14.0.4 - https:\/\/yoast.com\/wordpress\/plugins\/seo\/ -->\n<title>\u00bfEst\u00e1 Gustavo Santaolalla detr\u00e1s de la m\u00fasica de la campa\u00f1a presidencial? - OidosSucios.Com<\/title>\n<meta name=\"description\" content=\"El afamado productor argentino ser\u00eda el responsable de la creaci\u00f3n del soundtrack de la campa\u00f1a presidencial de Hugo Ch\u00e1vez.\" \/>\n<meta name=\"robots\" content=\"index, follow\" \/>\n<meta name=\"googlebot\" content=\"index, follow, max-snippet:-1, max-image-preview:large, max-video-preview:-1\" \/>\n<meta name=\"bingbot\" content=\"index, follow, max-snippet:-1, max-image-preview:large, max-video-preview:-1\" \/>\n<link rel=\"canonical\" href=\"https:\/\/www.oidossucios.com\/site\/esta-gustavo-santaolalla-detras-de-la-musica-de-la-campana-presidencial\/\" \/>\n<meta property=\"og:locale\" content=\"es_ES\" \/>\n<meta property=\"og:type\" content=\"article\" \/>\n<meta property=\"og:title\" content=\"\u00bfEst\u00e1 Gustavo Santaolalla detr\u00e1s de la m\u00fasica de la campa\u00f1a presidencial? - OidosSucios.Com\" \/>\n<meta property=\"og:description\" content=\"El afamado productor argentino ser\u00eda el responsable de la creaci\u00f3n del soundtrack de la campa\u00f1a presidencial de Hugo Ch\u00e1vez.\" \/>\n<meta property=\"og:url\" content=\"https:\/\/www.oidossucios.com\/site\/esta-gustavo-santaolalla-detras-de-la-musica-de-la-campana-presidencial\/\" \/>\n<meta property=\"og:site_name\" content=\"OidosSucios.Com\" \/>\n<meta property=\"article:published_time\" content=\"2012-07-13T18:08:00+00:00\" \/>\n<meta property=\"og:image\" content=\"https:\/\/www.oidossucios.com\/site\/wp-content\/uploads\/2012\/07\/5727.jpg\" \/>\n\t<meta property=\"og:image:width\" content=\"350\" \/>\n\t<meta property=\"og:image:height\" content=\"300\" \/>\n<meta name=\"twitter:card\" content=\"summary_large_image\" \/>\n<meta name=\"twitter:creator\" content=\"@oidossucios\" \/>\n<script type=\"application\/ld+json\" class=\"yoast-schema-graph\">{\"@context\":\"https:\/\/schema.org\",\"@graph\":[{\"@type\":\"WebSite\",\"@id\":\"https:\/\/www.oidossucios.com\/site\/#website\",\"url\":\"https:\/\/www.oidossucios.com\/site\/\",\"name\":\"OidosSucios.Com\",\"description\":\"M\\u00fasica, conciertos, discos\",\"potentialAction\":[{\"@type\":\"SearchAction\",\"target\":\"https:\/\/www.oidossucios.com\/site\/?s={search_term_string}\",\"query-input\":\"required name=search_term_string\"}],\"inLanguage\":\"es\"},{\"@type\":\"ImageObject\",\"@id\":\"https:\/\/www.oidossucios.com\/site\/esta-gustavo-santaolalla-detras-de-la-musica-de-la-campana-presidencial\/#primaryimage\",\"inLanguage\":\"es\",\"url\":\"https:\/\/www.oidossucios.com\/site\/wp-content\/uploads\/2012\/07\/5727.jpg\",\"width\":350,\"height\":300},{\"@type\":\"WebPage\",\"@id\":\"https:\/\/www.oidossucios.com\/site\/esta-gustavo-santaolalla-detras-de-la-musica-de-la-campana-presidencial\/#webpage\",\"url\":\"https:\/\/www.oidossucios.com\/site\/esta-gustavo-santaolalla-detras-de-la-musica-de-la-campana-presidencial\/\",\"name\":\"\\u00bfEst\\u00e1 Gustavo Santaolalla detr\\u00e1s de la m\\u00fasica de la campa\\u00f1a presidencial? - OidosSucios.Com\",\"isPartOf\":{\"@id\":\"https:\/\/www.oidossucios.com\/site\/#website\"},\"primaryImageOfPage\":{\"@id\":\"https:\/\/www.oidossucios.com\/site\/esta-gustavo-santaolalla-detras-de-la-musica-de-la-campana-presidencial\/#primaryimage\"},\"datePublished\":\"2012-07-13T18:08:00+00:00\",\"dateModified\":\"2012-07-13T18:08:00+00:00\",\"author\":{\"@id\":\"https:\/\/www.oidossucios.com\/site\/#\/schema\/person\/24559eeb76bf83a63296fb072393a688\"},\"description\":\"El afamado productor argentino ser\\u00eda el responsable de la creaci\\u00f3n del soundtrack de la campa\\u00f1a presidencial de Hugo Ch\\u00e1vez.\",\"inLanguage\":\"es\",\"potentialAction\":[{\"@type\":\"ReadAction\",\"target\":[\"https:\/\/www.oidossucios.com\/site\/esta-gustavo-santaolalla-detras-de-la-musica-de-la-campana-presidencial\/\"]}]},{\"@type\":[\"Person\"],\"@id\":\"https:\/\/www.oidossucios.com\/site\/#\/schema\/person\/24559eeb76bf83a63296fb072393a688\",\"name\":\"Oidossucios\",\"image\":{\"@type\":\"ImageObject\",\"@id\":\"https:\/\/www.oidossucios.com\/site\/#personlogo\",\"inLanguage\":\"es\",\"url\":\"https:\/\/secure.gravatar.com\/avatar\/74fcb480f42f1a33e50a0b6e6369a3f907be2e43dc84fa5f76c66e9c22b4a5ab?s=96&d=mm&r=g\",\"caption\":\"Oidossucios\"},\"sameAs\":[\"https:\/\/twitter.com\/oidossucios\"]}]}<\/script>\n<!-- \/ Yoast SEO plugin. -->","jetpack_sharing_enabled":true,"_links":{"self":[{"href":"https:\/\/www.oidossucios.com\/site\/wp-json\/wp\/v2\/posts\/5727","targetHints":{"allow":["GET"]}}],"collection":[{"href":"https:\/\/www.oidossucios.com\/site\/wp-json\/wp\/v2\/posts"}],"about":[{"href":"https:\/\/www.oidossucios.com\/site\/wp-json\/wp\/v2\/types\/post"}],"author":[{"embeddable":true,"href":"https:\/\/www.oidossucios.com\/site\/wp-json\/wp\/v2\/users\/4"}],"replies":[{"embeddable":true,"href":"https:\/\/www.oidossucios.com\/site\/wp-json\/wp\/v2\/comments?post=5727"}],"version-history":[{"count":0,"href":"https:\/\/www.oidossucios.com\/site\/wp-json\/wp\/v2\/posts\/5727\/revisions"}],"wp:featuredmedia":[{"embeddable":true,"href":"https:\/\/www.oidossucios.com\/site\/wp-json\/wp\/v2\/media\/100005727"}],"wp:attachment":[{"href":"https:\/\/www.oidossucios.com\/site\/wp-json\/wp\/v2\/media?parent=5727"}],"wp:term":[{"taxonomy":"category","embeddable":true,"href":"https:\/\/www.oidossucios.com\/site\/wp-json\/wp\/v2\/categories?post=5727"},{"taxonomy":"post_tag","embeddable":true,"href":"https:\/\/www.oidossucios.com\/site\/wp-json\/wp\/v2\/tags?post=5727"}],"curies":[{"name":"wp","href":"https:\/\/api.w.org\/{rel}","templated":true}]}}