{"id":575,"date":"2002-04-14T17:14:00","date_gmt":"2002-04-14T17:14:00","guid":{"rendered":"https:\/\/www.oidossucios.com\/site\/2002\/04\/14\/al-ritmo-de-la-ciudad-sera-en-agosto\/"},"modified":"2002-04-14T17:14:00","modified_gmt":"2002-04-14T17:14:00","slug":"al-ritmo-de-la-ciudad-sera-en-agosto","status":"publish","type":"post","link":"https:\/\/www.oidossucios.com\/site\/al-ritmo-de-la-ciudad-sera-en-agosto\/","title":{"rendered":"Al Ritmo de la Ciudad ser\u00e1 en agosto"},"content":{"rendered":"<p>La quinta edici\u00f3n de Al Ritmo de la Ciudad que se llevar\u00eda a cabo este 12, 13 y 14 de abril en la sede del Centro Cultural Corp Group en Caracas, se llevar\u00e1 a cabo finalmente en el mes de agosto, luego de haber sido suspendida por la tensa situaci\u00f3n social que atravesaba el pa\u00eds.<\/p>\n<p>En esta edici\u00f3n iban a participar Babylon Motorhome, Bacalao Men, Dioslepague, Sur Carabela, Candy 66 y La Puta El\u00e9ctrica. Se desconoce si cuando se realice el evento se mantendr\u00e1 el mismo cartel.<\/p>\n","protected":false},"excerpt":{"rendered":"<p>El evento que se debi\u00f3 haber llevado a cabo este fin de semana en el Centro Cultural Corp Group se realizar\u00e1 finalmente en agosto.<\/p>\n","protected":false},"author":4,"featured_media":0,"comment_status":"open","ping_status":"open","sticky":false,"template":"","format":"standard","meta":{"_jetpack_memberships_contains_paid_content":false,"footnotes":""},"categories":[250],"tags":[],"class_list":["post-575","post","type-post","status-publish","format-standard","hentry","category-noticias"],"jetpack_featured_media_url":"","yoast_head":"<!-- This site is optimized with the Yoast SEO plugin v14.0.4 - https:\/\/yoast.com\/wordpress\/plugins\/seo\/ -->\n<title>Al Ritmo de la Ciudad ser\u00e1 en agosto - OidosSucios.Com<\/title>\n<meta name=\"description\" content=\"La banda australiana comenzar\u00e1 su primera gira internacional despu\u00e9s de la muerte de Michael Hutchence. Los latinoamericanos ser\u00e1n los primeros en verlos.\" \/>\n<meta name=\"robots\" content=\"index, follow\" \/>\n<meta name=\"googlebot\" content=\"index, follow, max-snippet:-1, max-image-preview:large, max-video-preview:-1\" \/>\n<meta name=\"bingbot\" content=\"index, follow, max-snippet:-1, max-image-preview:large, max-video-preview:-1\" \/>\n<link rel=\"canonical\" href=\"https:\/\/www.oidossucios.com\/site\/al-ritmo-de-la-ciudad-sera-en-agosto\/\" \/>\n<meta property=\"og:locale\" content=\"es_ES\" \/>\n<meta property=\"og:type\" content=\"article\" \/>\n<meta property=\"og:title\" content=\"Al Ritmo de la Ciudad ser\u00e1 en agosto - OidosSucios.Com\" \/>\n<meta property=\"og:description\" content=\"La banda australiana comenzar\u00e1 su primera gira internacional despu\u00e9s de la muerte de Michael Hutchence. Los latinoamericanos ser\u00e1n los primeros en verlos.\" \/>\n<meta property=\"og:url\" content=\"https:\/\/www.oidossucios.com\/site\/al-ritmo-de-la-ciudad-sera-en-agosto\/\" \/>\n<meta property=\"og:site_name\" content=\"OidosSucios.Com\" \/>\n<meta property=\"article:published_time\" content=\"2002-04-14T17:14:00+00:00\" \/>\n<meta name=\"twitter:card\" content=\"summary_large_image\" \/>\n<meta name=\"twitter:creator\" content=\"@oidossucios\" \/>\n<script type=\"application\/ld+json\" class=\"yoast-schema-graph\">{\"@context\":\"https:\/\/schema.org\",\"@graph\":[{\"@type\":\"WebSite\",\"@id\":\"https:\/\/www.oidossucios.com\/site\/#website\",\"url\":\"https:\/\/www.oidossucios.com\/site\/\",\"name\":\"OidosSucios.Com\",\"description\":\"M\\u00fasica, conciertos, discos\",\"potentialAction\":[{\"@type\":\"SearchAction\",\"target\":\"https:\/\/www.oidossucios.com\/site\/?s={search_term_string}\",\"query-input\":\"required name=search_term_string\"}],\"inLanguage\":\"es\"},{\"@type\":\"WebPage\",\"@id\":\"https:\/\/www.oidossucios.com\/site\/al-ritmo-de-la-ciudad-sera-en-agosto\/#webpage\",\"url\":\"https:\/\/www.oidossucios.com\/site\/al-ritmo-de-la-ciudad-sera-en-agosto\/\",\"name\":\"Al Ritmo de la Ciudad ser\\u00e1 en agosto - OidosSucios.Com\",\"isPartOf\":{\"@id\":\"https:\/\/www.oidossucios.com\/site\/#website\"},\"datePublished\":\"2002-04-14T17:14:00+00:00\",\"dateModified\":\"2002-04-14T17:14:00+00:00\",\"author\":{\"@id\":\"https:\/\/www.oidossucios.com\/site\/#\/schema\/person\/24559eeb76bf83a63296fb072393a688\"},\"description\":\"La banda australiana comenzar\\u00e1 su primera gira internacional despu\\u00e9s de la muerte de Michael Hutchence. Los latinoamericanos ser\\u00e1n los primeros en verlos.\",\"inLanguage\":\"es\",\"potentialAction\":[{\"@type\":\"ReadAction\",\"target\":[\"https:\/\/www.oidossucios.com\/site\/al-ritmo-de-la-ciudad-sera-en-agosto\/\"]}]},{\"@type\":[\"Person\"],\"@id\":\"https:\/\/www.oidossucios.com\/site\/#\/schema\/person\/24559eeb76bf83a63296fb072393a688\",\"name\":\"Oidossucios\",\"image\":{\"@type\":\"ImageObject\",\"@id\":\"https:\/\/www.oidossucios.com\/site\/#personlogo\",\"inLanguage\":\"es\",\"url\":\"https:\/\/secure.gravatar.com\/avatar\/74fcb480f42f1a33e50a0b6e6369a3f907be2e43dc84fa5f76c66e9c22b4a5ab?s=96&d=mm&r=g\",\"caption\":\"Oidossucios\"},\"sameAs\":[\"https:\/\/twitter.com\/oidossucios\"]}]}<\/script>\n<!-- \/ Yoast SEO plugin. -->","jetpack_sharing_enabled":true,"_links":{"self":[{"href":"https:\/\/www.oidossucios.com\/site\/wp-json\/wp\/v2\/posts\/575","targetHints":{"allow":["GET"]}}],"collection":[{"href":"https:\/\/www.oidossucios.com\/site\/wp-json\/wp\/v2\/posts"}],"about":[{"href":"https:\/\/www.oidossucios.com\/site\/wp-json\/wp\/v2\/types\/post"}],"author":[{"embeddable":true,"href":"https:\/\/www.oidossucios.com\/site\/wp-json\/wp\/v2\/users\/4"}],"replies":[{"embeddable":true,"href":"https:\/\/www.oidossucios.com\/site\/wp-json\/wp\/v2\/comments?post=575"}],"version-history":[{"count":0,"href":"https:\/\/www.oidossucios.com\/site\/wp-json\/wp\/v2\/posts\/575\/revisions"}],"wp:attachment":[{"href":"https:\/\/www.oidossucios.com\/site\/wp-json\/wp\/v2\/media?parent=575"}],"wp:term":[{"taxonomy":"category","embeddable":true,"href":"https:\/\/www.oidossucios.com\/site\/wp-json\/wp\/v2\/categories?post=575"},{"taxonomy":"post_tag","embeddable":true,"href":"https:\/\/www.oidossucios.com\/site\/wp-json\/wp\/v2\/tags?post=575"}],"curies":[{"name":"wp","href":"https:\/\/api.w.org\/{rel}","templated":true}]}}