{"id":5761,"date":"2012-07-19T19:15:00","date_gmt":"2012-07-19T19:15:00","guid":{"rendered":"https:\/\/www.oidossucios.com\/site\/2012\/07\/19\/el-proximo-lunes-6-de-agosto-se-llevara-a-cabo-el-seminario-hablan-los-que-saben-hacer-radio-en-venezuela\/"},"modified":"2012-07-19T19:15:00","modified_gmt":"2012-07-19T19:15:00","slug":"el-proximo-lunes-6-de-agosto-se-llevara-a-cabo-el-seminario-hablan-los-que-saben-hacer-radio-en-venezuela","status":"publish","type":"post","link":"https:\/\/www.oidossucios.com\/site\/el-proximo-lunes-6-de-agosto-se-llevara-a-cabo-el-seminario-hablan-los-que-saben-hacer-radio-en-venezuela\/","title":{"rendered":"El pr\u00f3ximo lunes 6 de agosto se llevar\u00e1 a cabo el Seminario &quot;Hablan los que Saben: Hacer Radio en Venezuela&quot;"},"content":{"rendered":"\n<p>La Fundaci\u00f3n Uno M\u00e1s ha reunido a importantes figuras de la radiodifusi\u00f3n venezolana, quienes compartir\u00e1n sus experiencias en el Seminario &#8220;Hablan los que Saben: Hacer Radio en Venezuela&#8221;.<\/p>\n<p>El Auditorio&nbsp;del&nbsp;Centro Cultural B.O.D. Corp Group&nbsp;abre sus puertas a Luis Chataing, Polo Troconis, Gustavo Pierral, Nelson Bocaranda, Ver\u00f3nica G\u00f3mez, Nelson Eduardo Bocaranda, Iv\u00f3n Gaete, Carlos Mauricio Ram\u00edrez, Santiago Duarte, Nataly Ordaz, Jean Mary y Francisco Granados, para que compartan su experiencia y le proporcionen a los futuros profesionales de la comunicaci\u00f3n, y al p\u00fablico en general, las herramientas necesarias para su desarrollo en este medio.<\/p>\n<p>El Seminario est\u00e1 estructurado por \u00e1reas tem\u00e1ticas que permitir\u00e1n que a lo largo de la sesi\u00f3n se aborden temas de inter\u00e9s relacionados a la radio actual, qu\u00e9 elementos influyen en la manera de hacer radio en Venezuela, nuevas tecnolog\u00edas y redes sociales.<\/p>\n<p>Sobre la Fundaci\u00f3n Uno M\u00e1s:<\/p>\n<p>Es una asociaci\u00f3n civil sin fines de lucro, creada hace cuatro a\u00f1os, para trabajar en pro de la aceptaci\u00f3n e integraci\u00f3n de las personas con S\u00edndrome de Down en la sociedad.<\/p>\n<p>Esta iniciativa surge ante la necesidad de implementar campa\u00f1as educativas, difundir informaci\u00f3n actualizada y buscar espacios para la integraci\u00f3n de nuestros ni\u00f1os dentro de la sociedad.<\/p>\n<p><b>&#8220;Hablan los que Saben: Hacer Radio en Venezuela&#8221;<\/b><br \/>Fecha:&nbsp;6 de agosto<br \/>Lugar:&nbsp;Auditorio del Centro Cultural BOD CorpBanca<br \/>Hora:&nbsp;8:00am a 5:30pm<br \/>Costo:&nbsp;Bs. 650 +IVA<\/p>\n<p>Informaci\u00f3n:&nbsp;<a target=\"_blank\" href=\"mailto:contacto@urbanmedia.com.ve\" rel=\"noopener noreferrer\">contacto@urbanmedia.com.ve<\/a>&nbsp;y por el tel\u00e9fono (0212)&nbsp;3267847<br \/>P\u00e1gina web:&nbsp;<a target=\"_blank\" href=\"http:\/\/www.hablanlosquesaben.com.ve\/\" rel=\"noopener noreferrer\">www.hablanlosquesaben.com.ve<\/p>\n<p><\/a>Inscripciones a trav\u00e9s de transferencia o dep\u00f3sito bancario a la cuenta corriente n\u00ba 0121 0147 3300 1378 1880 de Urban Media, C.A., en el banco Corp Banca. Rif: j-29780997-0<\/p>\n<p><!--nextpage--><img decoding=\"async\" class=\"aligncenter size-medium wp-image-111115794\" src=\"https:\/\/www.oidossucios.com\/site\/wp-content\/uploads\/2020\/02\/5794.jpg\" alt=\"El pr\u00f3ximo lunes 6 de agosto se llevar\u00e1 a cabo el Seminario &quot;Hablan los que Saben: Hacer Radio en Venezuela&quot;\"  \/><a href='https:\/\/www.oidossucios.com\/site\/el-proximo-lunes-6-de-agosto-se-llevara-a-cabo-el-seminario-hablan-los-que-saben-hacer-radio-en-venezuela\/2\/'\n                        onclick='if (tpsInstance) { tpsInstance.setNext(); return false; }'\n                        rel='next'\n                        style=''\n                        class=''>Ver galer\u00eda<\/a>]]><\/p>\n","protected":false},"excerpt":{"rendered":"<p>La Fundaci\u00f3n Uno M\u00e1s ha reunido a importantes figuras de la radiodifusi\u00f3n venezolana, quienes compartir\u00e1n sus experiencias en el Seminario &quot;Hablan los que Saben: Hacer Radio en Venezuela&quot;.<\/p>\n","protected":false},"author":4,"featured_media":100005761,"comment_status":"open","ping_status":"open","sticky":false,"template":"","format":"standard","meta":{"_jetpack_memberships_contains_paid_content":false,"footnotes":""},"categories":[250],"tags":[],"class_list":["post-5761","post","type-post","status-publish","format-standard","has-post-thumbnail","hentry","category-noticias"],"jetpack_featured_media_url":"https:\/\/www.oidossucios.com\/site\/wp-content\/uploads\/2012\/07\/5761.jpg","yoast_head":"<!-- This site is optimized with the Yoast SEO plugin v14.0.4 - https:\/\/yoast.com\/wordpress\/plugins\/seo\/ -->\n<title>El pr\u00f3ximo lunes 6 de agosto se llevar\u00e1 a cabo el Seminario &quot;Hablan los que Saben: Hacer Radio en Venezuela&quot; - OidosSucios.Com<\/title>\n<meta name=\"description\" content=\"La Fundaci\u00f3n Uno M\u00e1s ha reunido a importantes figuras de la radiodifusi\u00f3n venezolana, quienes compartir\u00e1n sus experiencias en el Seminario &quot;Hablan los que Saben: Hacer Radio en Venezuela&quot;.\" \/>\n<meta name=\"robots\" content=\"index, follow\" \/>\n<meta name=\"googlebot\" content=\"index, follow, max-snippet:-1, max-image-preview:large, max-video-preview:-1\" \/>\n<meta name=\"bingbot\" content=\"index, follow, max-snippet:-1, max-image-preview:large, max-video-preview:-1\" \/>\n<link rel=\"canonical\" href=\"https:\/\/www.oidossucios.com\/site\/el-proximo-lunes-6-de-agosto-se-llevara-a-cabo-el-seminario-hablan-los-que-saben-hacer-radio-en-venezuela\/\" \/>\n<link rel=\"next\" href=\"https:\/\/www.oidossucios.com\/site\/el-proximo-lunes-6-de-agosto-se-llevara-a-cabo-el-seminario-hablan-los-que-saben-hacer-radio-en-venezuela\/2\/\" \/>\n<meta property=\"og:locale\" content=\"es_ES\" \/>\n<meta property=\"og:type\" content=\"article\" \/>\n<meta property=\"og:title\" content=\"El pr\u00f3ximo lunes 6 de agosto se llevar\u00e1 a cabo el Seminario &quot;Hablan los que Saben: Hacer Radio en Venezuela&quot; - OidosSucios.Com\" \/>\n<meta property=\"og:description\" content=\"La Fundaci\u00f3n Uno M\u00e1s ha reunido a importantes figuras de la radiodifusi\u00f3n venezolana, quienes compartir\u00e1n sus experiencias en el Seminario &quot;Hablan los que Saben: Hacer Radio en Venezuela&quot;.\" \/>\n<meta property=\"og:url\" content=\"https:\/\/www.oidossucios.com\/site\/el-proximo-lunes-6-de-agosto-se-llevara-a-cabo-el-seminario-hablan-los-que-saben-hacer-radio-en-venezuela\/\" \/>\n<meta property=\"og:site_name\" content=\"OidosSucios.Com\" \/>\n<meta property=\"article:published_time\" content=\"2012-07-19T19:15:00+00:00\" \/>\n<meta property=\"og:image\" content=\"https:\/\/www.oidossucios.com\/site\/wp-content\/uploads\/2012\/07\/5761.jpg\" \/>\n\t<meta property=\"og:image:width\" content=\"350\" \/>\n\t<meta property=\"og:image:height\" content=\"300\" \/>\n<meta name=\"twitter:card\" content=\"summary_large_image\" \/>\n<meta name=\"twitter:creator\" content=\"@oidossucios\" \/>\n<script type=\"application\/ld+json\" class=\"yoast-schema-graph\">{\"@context\":\"https:\/\/schema.org\",\"@graph\":[{\"@type\":\"WebSite\",\"@id\":\"https:\/\/www.oidossucios.com\/site\/#website\",\"url\":\"https:\/\/www.oidossucios.com\/site\/\",\"name\":\"OidosSucios.Com\",\"description\":\"M\\u00fasica, conciertos, discos\",\"potentialAction\":[{\"@type\":\"SearchAction\",\"target\":\"https:\/\/www.oidossucios.com\/site\/?s={search_term_string}\",\"query-input\":\"required name=search_term_string\"}],\"inLanguage\":\"es\"},{\"@type\":\"ImageObject\",\"@id\":\"https:\/\/www.oidossucios.com\/site\/el-proximo-lunes-6-de-agosto-se-llevara-a-cabo-el-seminario-hablan-los-que-saben-hacer-radio-en-venezuela\/#primaryimage\",\"inLanguage\":\"es\",\"url\":\"https:\/\/www.oidossucios.com\/site\/wp-content\/uploads\/2012\/07\/5761.jpg\",\"width\":350,\"height\":300},{\"@type\":\"WebPage\",\"@id\":\"https:\/\/www.oidossucios.com\/site\/el-proximo-lunes-6-de-agosto-se-llevara-a-cabo-el-seminario-hablan-los-que-saben-hacer-radio-en-venezuela\/#webpage\",\"url\":\"https:\/\/www.oidossucios.com\/site\/el-proximo-lunes-6-de-agosto-se-llevara-a-cabo-el-seminario-hablan-los-que-saben-hacer-radio-en-venezuela\/\",\"name\":\"El pr\\u00f3ximo lunes 6 de agosto se llevar\\u00e1 a cabo el Seminario &quot;Hablan los que Saben: Hacer Radio en Venezuela&quot; - OidosSucios.Com\",\"isPartOf\":{\"@id\":\"https:\/\/www.oidossucios.com\/site\/#website\"},\"primaryImageOfPage\":{\"@id\":\"https:\/\/www.oidossucios.com\/site\/el-proximo-lunes-6-de-agosto-se-llevara-a-cabo-el-seminario-hablan-los-que-saben-hacer-radio-en-venezuela\/#primaryimage\"},\"datePublished\":\"2012-07-19T19:15:00+00:00\",\"dateModified\":\"2012-07-19T19:15:00+00:00\",\"author\":{\"@id\":\"https:\/\/www.oidossucios.com\/site\/#\/schema\/person\/24559eeb76bf83a63296fb072393a688\"},\"description\":\"La Fundaci\\u00f3n Uno M\\u00e1s ha reunido a importantes figuras de la radiodifusi\\u00f3n venezolana, quienes compartir\\u00e1n sus experiencias en el Seminario &quot;Hablan los que Saben: Hacer Radio en Venezuela&quot;.\",\"inLanguage\":\"es\",\"potentialAction\":[{\"@type\":\"ReadAction\",\"target\":[\"https:\/\/www.oidossucios.com\/site\/el-proximo-lunes-6-de-agosto-se-llevara-a-cabo-el-seminario-hablan-los-que-saben-hacer-radio-en-venezuela\/\"]}]},{\"@type\":[\"Person\"],\"@id\":\"https:\/\/www.oidossucios.com\/site\/#\/schema\/person\/24559eeb76bf83a63296fb072393a688\",\"name\":\"Oidossucios\",\"image\":{\"@type\":\"ImageObject\",\"@id\":\"https:\/\/www.oidossucios.com\/site\/#personlogo\",\"inLanguage\":\"es\",\"url\":\"https:\/\/secure.gravatar.com\/avatar\/74fcb480f42f1a33e50a0b6e6369a3f907be2e43dc84fa5f76c66e9c22b4a5ab?s=96&d=mm&r=g\",\"caption\":\"Oidossucios\"},\"sameAs\":[\"https:\/\/twitter.com\/oidossucios\"]}]}<\/script>\n<!-- \/ Yoast SEO plugin. -->","jetpack_sharing_enabled":true,"_links":{"self":[{"href":"https:\/\/www.oidossucios.com\/site\/wp-json\/wp\/v2\/posts\/5761","targetHints":{"allow":["GET"]}}],"collection":[{"href":"https:\/\/www.oidossucios.com\/site\/wp-json\/wp\/v2\/posts"}],"about":[{"href":"https:\/\/www.oidossucios.com\/site\/wp-json\/wp\/v2\/types\/post"}],"author":[{"embeddable":true,"href":"https:\/\/www.oidossucios.com\/site\/wp-json\/wp\/v2\/users\/4"}],"replies":[{"embeddable":true,"href":"https:\/\/www.oidossucios.com\/site\/wp-json\/wp\/v2\/comments?post=5761"}],"version-history":[{"count":0,"href":"https:\/\/www.oidossucios.com\/site\/wp-json\/wp\/v2\/posts\/5761\/revisions"}],"wp:featuredmedia":[{"embeddable":true,"href":"https:\/\/www.oidossucios.com\/site\/wp-json\/wp\/v2\/media\/100005761"}],"wp:attachment":[{"href":"https:\/\/www.oidossucios.com\/site\/wp-json\/wp\/v2\/media?parent=5761"}],"wp:term":[{"taxonomy":"category","embeddable":true,"href":"https:\/\/www.oidossucios.com\/site\/wp-json\/wp\/v2\/categories?post=5761"},{"taxonomy":"post_tag","embeddable":true,"href":"https:\/\/www.oidossucios.com\/site\/wp-json\/wp\/v2\/tags?post=5761"}],"curies":[{"name":"wp","href":"https:\/\/api.w.org\/{rel}","templated":true}]}}