{"id":5762,"date":"2012-07-20T05:12:00","date_gmt":"2012-07-20T05:12:00","guid":{"rendered":"https:\/\/www.oidossucios.com\/site\/2012\/07\/20\/javier-weyler-deja-stereophonics\/"},"modified":"2012-07-20T05:12:00","modified_gmt":"2012-07-20T05:12:00","slug":"javier-weyler-deja-stereophonics","status":"publish","type":"post","link":"https:\/\/www.oidossucios.com\/site\/javier-weyler-deja-stereophonics\/","title":{"rendered":"Javier Weyler deja Stereophonics"},"content":{"rendered":"\n<p>Tras ocho a\u00f1os juntos, hoy se dio a conocer que el baterista argentino-venezolano Javier Weyler, ya no formar\u00e1 parte de la conocida banda brit\u00e1nica Stereophonics.<\/p>\n<p>La noticia fue dada a conocer el d\u00eda de hoy a trav\u00e9s de las redes sociales de la banda. Javier, quien en los a\u00f1os noventa form\u00f3 parte de la banda Claroscuro en Venezuela y actualmente tiene un proyecto solista llamado Capit\u00e1n Melao, se uni\u00f3 a Stereophonics en 2004. Hasta ahora, no se ha dado a conocer alguna raz\u00f3n oficial sobre la ruptura.<\/p>\n<p>La banda coloc\u00f3 un comunicado en su <a href=\"http:\/\/www.stereophonics.com\/\">p\u00e1gina web<\/a>:<\/p>\n<p><i>&#8220;Hola amigos. Queremos dejarles saber que Javier y la banda no trabajar\u00e1n m\u00e1s juntos.<br \/><\/i><i><br \/>La banda disfrut\u00f3 tocar con Javier durante estos ocho a\u00f1os y su compa\u00f1\u00eda fue disfrutada por todos alrededor de la familia Stereophonics.<br \/><\/i><i><br \/>Le deseamos a Javier todo el \u00e9xito en sus nuevos y creativos proyectos y vida personal. (Ocupando temporalmente el lugar de Javier en los pr\u00f3ximos shows estar\u00e1 nuestro amigo Sam) Esperamos verlos en los pr\u00f3ximos conciertos.&#8221;<\/p>\n<p><\/i>La banda, integrada por el cantante y guitarrista Kelly Jones, Richard Jones y Adam Zindani,&nbsp;estar\u00e1 tocando en la apertura de los Juegos Ol\u00edmpicos Londres 2012.<\/p>\n","protected":false},"excerpt":{"rendered":"<p>Se confirmo que el m\u00fasico argentino-venezolano, ex baterista de Claroscuro, dej\u00f3 de formar parte de la popular banda inglesa. <\/p>\n","protected":false},"author":4,"featured_media":100005762,"comment_status":"open","ping_status":"open","sticky":false,"template":"","format":"standard","meta":{"_jetpack_memberships_contains_paid_content":false,"footnotes":""},"categories":[250],"tags":[],"class_list":["post-5762","post","type-post","status-publish","format-standard","has-post-thumbnail","hentry","category-noticias"],"jetpack_featured_media_url":"https:\/\/www.oidossucios.com\/site\/wp-content\/uploads\/2012\/07\/5762.jpg","yoast_head":"<!-- This site is optimized with the Yoast SEO plugin v14.0.4 - https:\/\/yoast.com\/wordpress\/plugins\/seo\/ -->\n<title>Javier Weyler deja Stereophonics - OidosSucios.Com<\/title>\n<meta name=\"description\" content=\"Se confirmo que el m\u00fasico argentino-venezolano, ex baterista de Claroscuro, dej\u00f3 de formar parte de la popular banda inglesa.\" \/>\n<meta name=\"robots\" content=\"index, follow\" \/>\n<meta name=\"googlebot\" content=\"index, follow, max-snippet:-1, max-image-preview:large, max-video-preview:-1\" \/>\n<meta name=\"bingbot\" content=\"index, follow, max-snippet:-1, max-image-preview:large, max-video-preview:-1\" \/>\n<link rel=\"canonical\" href=\"https:\/\/www.oidossucios.com\/site\/javier-weyler-deja-stereophonics\/\" \/>\n<meta property=\"og:locale\" content=\"es_ES\" \/>\n<meta property=\"og:type\" content=\"article\" \/>\n<meta property=\"og:title\" content=\"Javier Weyler deja Stereophonics - OidosSucios.Com\" \/>\n<meta property=\"og:description\" content=\"Se confirmo que el m\u00fasico argentino-venezolano, ex baterista de Claroscuro, dej\u00f3 de formar parte de la popular banda inglesa.\" \/>\n<meta property=\"og:url\" content=\"https:\/\/www.oidossucios.com\/site\/javier-weyler-deja-stereophonics\/\" \/>\n<meta property=\"og:site_name\" content=\"OidosSucios.Com\" \/>\n<meta property=\"article:published_time\" content=\"2012-07-20T05:12:00+00:00\" \/>\n<meta property=\"og:image\" content=\"https:\/\/www.oidossucios.com\/site\/wp-content\/uploads\/2012\/07\/5762.jpg\" \/>\n\t<meta property=\"og:image:width\" content=\"350\" \/>\n\t<meta property=\"og:image:height\" content=\"300\" \/>\n<meta name=\"twitter:card\" content=\"summary_large_image\" \/>\n<meta name=\"twitter:creator\" content=\"@oidossucios\" \/>\n<script type=\"application\/ld+json\" class=\"yoast-schema-graph\">{\"@context\":\"https:\/\/schema.org\",\"@graph\":[{\"@type\":\"WebSite\",\"@id\":\"https:\/\/www.oidossucios.com\/site\/#website\",\"url\":\"https:\/\/www.oidossucios.com\/site\/\",\"name\":\"OidosSucios.Com\",\"description\":\"M\\u00fasica, conciertos, discos\",\"potentialAction\":[{\"@type\":\"SearchAction\",\"target\":\"https:\/\/www.oidossucios.com\/site\/?s={search_term_string}\",\"query-input\":\"required name=search_term_string\"}],\"inLanguage\":\"es\"},{\"@type\":\"ImageObject\",\"@id\":\"https:\/\/www.oidossucios.com\/site\/javier-weyler-deja-stereophonics\/#primaryimage\",\"inLanguage\":\"es\",\"url\":\"https:\/\/www.oidossucios.com\/site\/wp-content\/uploads\/2012\/07\/5762.jpg\",\"width\":350,\"height\":300},{\"@type\":\"WebPage\",\"@id\":\"https:\/\/www.oidossucios.com\/site\/javier-weyler-deja-stereophonics\/#webpage\",\"url\":\"https:\/\/www.oidossucios.com\/site\/javier-weyler-deja-stereophonics\/\",\"name\":\"Javier Weyler deja Stereophonics - OidosSucios.Com\",\"isPartOf\":{\"@id\":\"https:\/\/www.oidossucios.com\/site\/#website\"},\"primaryImageOfPage\":{\"@id\":\"https:\/\/www.oidossucios.com\/site\/javier-weyler-deja-stereophonics\/#primaryimage\"},\"datePublished\":\"2012-07-20T05:12:00+00:00\",\"dateModified\":\"2012-07-20T05:12:00+00:00\",\"author\":{\"@id\":\"https:\/\/www.oidossucios.com\/site\/#\/schema\/person\/24559eeb76bf83a63296fb072393a688\"},\"description\":\"Se confirmo que el m\\u00fasico argentino-venezolano, ex baterista de Claroscuro, dej\\u00f3 de formar parte de la popular banda inglesa.\",\"inLanguage\":\"es\",\"potentialAction\":[{\"@type\":\"ReadAction\",\"target\":[\"https:\/\/www.oidossucios.com\/site\/javier-weyler-deja-stereophonics\/\"]}]},{\"@type\":[\"Person\"],\"@id\":\"https:\/\/www.oidossucios.com\/site\/#\/schema\/person\/24559eeb76bf83a63296fb072393a688\",\"name\":\"Oidossucios\",\"image\":{\"@type\":\"ImageObject\",\"@id\":\"https:\/\/www.oidossucios.com\/site\/#personlogo\",\"inLanguage\":\"es\",\"url\":\"https:\/\/secure.gravatar.com\/avatar\/74fcb480f42f1a33e50a0b6e6369a3f907be2e43dc84fa5f76c66e9c22b4a5ab?s=96&d=mm&r=g\",\"caption\":\"Oidossucios\"},\"sameAs\":[\"https:\/\/twitter.com\/oidossucios\"]}]}<\/script>\n<!-- \/ Yoast SEO plugin. -->","jetpack_sharing_enabled":true,"_links":{"self":[{"href":"https:\/\/www.oidossucios.com\/site\/wp-json\/wp\/v2\/posts\/5762","targetHints":{"allow":["GET"]}}],"collection":[{"href":"https:\/\/www.oidossucios.com\/site\/wp-json\/wp\/v2\/posts"}],"about":[{"href":"https:\/\/www.oidossucios.com\/site\/wp-json\/wp\/v2\/types\/post"}],"author":[{"embeddable":true,"href":"https:\/\/www.oidossucios.com\/site\/wp-json\/wp\/v2\/users\/4"}],"replies":[{"embeddable":true,"href":"https:\/\/www.oidossucios.com\/site\/wp-json\/wp\/v2\/comments?post=5762"}],"version-history":[{"count":0,"href":"https:\/\/www.oidossucios.com\/site\/wp-json\/wp\/v2\/posts\/5762\/revisions"}],"wp:featuredmedia":[{"embeddable":true,"href":"https:\/\/www.oidossucios.com\/site\/wp-json\/wp\/v2\/media\/100005762"}],"wp:attachment":[{"href":"https:\/\/www.oidossucios.com\/site\/wp-json\/wp\/v2\/media?parent=5762"}],"wp:term":[{"taxonomy":"category","embeddable":true,"href":"https:\/\/www.oidossucios.com\/site\/wp-json\/wp\/v2\/categories?post=5762"},{"taxonomy":"post_tag","embeddable":true,"href":"https:\/\/www.oidossucios.com\/site\/wp-json\/wp\/v2\/tags?post=5762"}],"curies":[{"name":"wp","href":"https:\/\/api.w.org\/{rel}","templated":true}]}}