{"id":5765,"date":"2012-07-20T17:10:00","date_gmt":"2012-07-20T17:10:00","guid":{"rendered":"https:\/\/www.oidossucios.com\/site\/2012\/07\/20\/mira-el-retiro-un-cortometraje-que-explora-el-miedo-la-inseguridad-y-el-escapismo-de-la-sociedad\/"},"modified":"2012-07-20T17:10:00","modified_gmt":"2012-07-20T17:10:00","slug":"mira-el-retiro-un-cortometraje-que-explora-el-miedo-la-inseguridad-y-el-escapismo-de-la-sociedad","status":"publish","type":"post","link":"https:\/\/www.oidossucios.com\/site\/mira-el-retiro-un-cortometraje-que-explora-el-miedo-la-inseguridad-y-el-escapismo-de-la-sociedad\/","title":{"rendered":"Mira &#8220;El Retiro&#8221;, un cortometraje que explora el miedo, la inseguridad y el escapismo de la sociedad"},"content":{"rendered":"<p>Por <\/p>\n<p>El director venezolano&nbsp;Nicol\u00e1s Manzano&nbsp;present\u00f3 su cortometraje&nbsp;<i>El Retiro<\/i>, retrato psicol\u00f3gico de un joven ap\u00e1tico que intenta refugiarse en sus pensamientos, pero al que la inminente realidad lo termina involucrando.<\/p>\n<p><i>El Retiro<\/i>&nbsp;cuenta la ambig\u00fcedad de&nbsp;Juli\u00e1n&nbsp;(Jorge Saim), un joven que ha decidido emprender un solitario viaje a la Colonia Tovar; en un intento por escapar de la Caracas insegura, ruidosa y hostil. Aparentemente ya refugiado,&nbsp;Juli\u00e1n&nbsp;empezar\u00e1 a escuchar algunos ruidos alrededor del chalet.<\/p>\n<p>Es un retrato reflexivo sobre la juventud caraque\u00f1a, el escapismo, la introspecci\u00f3n y los efectos psicol\u00f3gicos que reverberan de la violencia.<\/p>\n<p>Manzano&nbsp;ha decidido mostrar el corto de forma gratuita y v\u00eda web en VIMEO.com, tratando de hacer&nbsp;feedback&nbsp;directo a la misma sociedad que tiene que lidiar con esta situaci\u00f3n.<\/p>\n<p>&nbsp;&#8220;Ver lo que est\u00e1 delante de nuestros ojos requiere un esfuerzo constante.&#8221; &#8211;&nbsp;George Orwell<\/p>\n<p>&nbsp;Sobre el director&nbsp;&nbsp;Nicol\u00e1s Manzano\/&nbsp;&nbsp;<a href=\"https:\/\/twitter.com\/nicolasmanzano\">@nicolasmanzano<\/a>:<\/p>\n<p>&#8211; Dise\u00f1ador Gr\u00e1fico, Fot\u00f3grafo y Estudiante de cine.<\/p>\n<p>&#8211; Director Audiovisual de la obra teatral &#8220;Marr\u00f3n&#8221;, 2007<\/p>\n<p>&#8211; Director del videoclip &#8220;M\u00f3nika&#8221; de Boom Boom Clan, nominado para el Festival ViArt 2009&nbsp;<a target=\"_blank\" href=\"http:\/\/vimeo.com\/4211639\" rel=\"noopener noreferrer\">http:\/\/vimeo.com\/4211639<\/a>&nbsp; (2009)<\/p>\n<p>&nbsp;&#8211; Ganador del &#8220;1er Concurso &#8220;Gr\u00e0cia mira-la i conta-la&#8221; \u0096 Festa Major de Gr\u00e0cia 2010&#8243; por relato y fotograf\u00eda, con su obra: &#8220;53&#8221; (Barcelona, Espa\u00f1a)<\/p>\n","protected":false},"excerpt":{"rendered":"<p>El director venezolano Nicol\u00e1s Manzano present\u00f3 su cortometraje &#8220;El Retiro&#8221;, retrato psicol\u00f3gico de un joven ap\u00e1tico que intenta refugiarse en sus pensamientos, pero al que la inminente realidad lo termina involucrando.<\/p>\n","protected":false},"author":4,"featured_media":100005765,"comment_status":"open","ping_status":"open","sticky":false,"template":"","format":"standard","meta":{"_jetpack_memberships_contains_paid_content":false,"footnotes":""},"categories":[672],"tags":[],"class_list":["post-5765","post","type-post","status-publish","format-standard","has-post-thumbnail","hentry","category-tv"],"jetpack_featured_media_url":"https:\/\/www.oidossucios.com\/site\/wp-content\/uploads\/2012\/07\/5765.jpg","yoast_head":"<!-- This site is optimized with the Yoast SEO plugin v14.0.4 - https:\/\/yoast.com\/wordpress\/plugins\/seo\/ -->\n<title>Mira &quot;El Retiro&quot;, un cortometraje que explora el miedo, la inseguridad y el escapismo de la sociedad - OidosSucios.Com<\/title>\n<meta name=\"description\" content=\"El director venezolano Nicol\u00e1s Manzano present\u00f3 su cortometraje &quot;El Retiro&quot;, retrato psicol\u00f3gico de un joven ap\u00e1tico que intenta refugiarse en sus pensamientos, pero al que la inminente realidad lo termina involucrando.\" \/>\n<meta name=\"robots\" content=\"index, follow\" \/>\n<meta name=\"googlebot\" content=\"index, follow, max-snippet:-1, max-image-preview:large, max-video-preview:-1\" \/>\n<meta name=\"bingbot\" content=\"index, follow, max-snippet:-1, max-image-preview:large, max-video-preview:-1\" \/>\n<link rel=\"canonical\" href=\"https:\/\/www.oidossucios.com\/site\/mira-el-retiro-un-cortometraje-que-explora-el-miedo-la-inseguridad-y-el-escapismo-de-la-sociedad\/\" \/>\n<meta property=\"og:locale\" content=\"es_ES\" \/>\n<meta property=\"og:type\" content=\"article\" \/>\n<meta property=\"og:title\" content=\"Mira &quot;El Retiro&quot;, un cortometraje que explora el miedo, la inseguridad y el escapismo de la sociedad - OidosSucios.Com\" \/>\n<meta property=\"og:description\" content=\"El director venezolano Nicol\u00e1s Manzano present\u00f3 su cortometraje &quot;El Retiro&quot;, retrato psicol\u00f3gico de un joven ap\u00e1tico que intenta refugiarse en sus pensamientos, pero al que la inminente realidad lo termina involucrando.\" \/>\n<meta property=\"og:url\" content=\"https:\/\/www.oidossucios.com\/site\/mira-el-retiro-un-cortometraje-que-explora-el-miedo-la-inseguridad-y-el-escapismo-de-la-sociedad\/\" \/>\n<meta property=\"og:site_name\" content=\"OidosSucios.Com\" \/>\n<meta property=\"article:published_time\" content=\"2012-07-20T17:10:00+00:00\" \/>\n<meta property=\"og:image\" content=\"https:\/\/www.oidossucios.com\/site\/wp-content\/uploads\/2012\/07\/5765.jpg\" \/>\n\t<meta property=\"og:image:width\" content=\"350\" \/>\n\t<meta property=\"og:image:height\" content=\"300\" \/>\n<meta name=\"twitter:card\" content=\"summary_large_image\" \/>\n<meta name=\"twitter:creator\" content=\"@oidossucios\" \/>\n<script type=\"application\/ld+json\" class=\"yoast-schema-graph\">{\"@context\":\"https:\/\/schema.org\",\"@graph\":[{\"@type\":\"WebSite\",\"@id\":\"https:\/\/www.oidossucios.com\/site\/#website\",\"url\":\"https:\/\/www.oidossucios.com\/site\/\",\"name\":\"OidosSucios.Com\",\"description\":\"M\\u00fasica, conciertos, discos\",\"potentialAction\":[{\"@type\":\"SearchAction\",\"target\":\"https:\/\/www.oidossucios.com\/site\/?s={search_term_string}\",\"query-input\":\"required name=search_term_string\"}],\"inLanguage\":\"es\"},{\"@type\":\"ImageObject\",\"@id\":\"https:\/\/www.oidossucios.com\/site\/mira-el-retiro-un-cortometraje-que-explora-el-miedo-la-inseguridad-y-el-escapismo-de-la-sociedad\/#primaryimage\",\"inLanguage\":\"es\",\"url\":\"https:\/\/www.oidossucios.com\/site\/wp-content\/uploads\/2012\/07\/5765.jpg\",\"width\":350,\"height\":300},{\"@type\":\"WebPage\",\"@id\":\"https:\/\/www.oidossucios.com\/site\/mira-el-retiro-un-cortometraje-que-explora-el-miedo-la-inseguridad-y-el-escapismo-de-la-sociedad\/#webpage\",\"url\":\"https:\/\/www.oidossucios.com\/site\/mira-el-retiro-un-cortometraje-que-explora-el-miedo-la-inseguridad-y-el-escapismo-de-la-sociedad\/\",\"name\":\"Mira \\\"El Retiro\\\", un cortometraje que explora el miedo, la inseguridad y el escapismo de la sociedad - OidosSucios.Com\",\"isPartOf\":{\"@id\":\"https:\/\/www.oidossucios.com\/site\/#website\"},\"primaryImageOfPage\":{\"@id\":\"https:\/\/www.oidossucios.com\/site\/mira-el-retiro-un-cortometraje-que-explora-el-miedo-la-inseguridad-y-el-escapismo-de-la-sociedad\/#primaryimage\"},\"datePublished\":\"2012-07-20T17:10:00+00:00\",\"dateModified\":\"2012-07-20T17:10:00+00:00\",\"author\":{\"@id\":\"https:\/\/www.oidossucios.com\/site\/#\/schema\/person\/24559eeb76bf83a63296fb072393a688\"},\"description\":\"El director venezolano Nicol\\u00e1s Manzano present\\u00f3 su cortometraje \\\"El Retiro\\\", retrato psicol\\u00f3gico de un joven ap\\u00e1tico que intenta refugiarse en sus pensamientos, pero al que la inminente realidad lo termina involucrando.\",\"inLanguage\":\"es\",\"potentialAction\":[{\"@type\":\"ReadAction\",\"target\":[\"https:\/\/www.oidossucios.com\/site\/mira-el-retiro-un-cortometraje-que-explora-el-miedo-la-inseguridad-y-el-escapismo-de-la-sociedad\/\"]}]},{\"@type\":[\"Person\"],\"@id\":\"https:\/\/www.oidossucios.com\/site\/#\/schema\/person\/24559eeb76bf83a63296fb072393a688\",\"name\":\"Oidossucios\",\"image\":{\"@type\":\"ImageObject\",\"@id\":\"https:\/\/www.oidossucios.com\/site\/#personlogo\",\"inLanguage\":\"es\",\"url\":\"https:\/\/secure.gravatar.com\/avatar\/74fcb480f42f1a33e50a0b6e6369a3f907be2e43dc84fa5f76c66e9c22b4a5ab?s=96&d=mm&r=g\",\"caption\":\"Oidossucios\"},\"sameAs\":[\"https:\/\/twitter.com\/oidossucios\"]}]}<\/script>\n<!-- \/ Yoast SEO plugin. -->","jetpack_sharing_enabled":true,"_links":{"self":[{"href":"https:\/\/www.oidossucios.com\/site\/wp-json\/wp\/v2\/posts\/5765","targetHints":{"allow":["GET"]}}],"collection":[{"href":"https:\/\/www.oidossucios.com\/site\/wp-json\/wp\/v2\/posts"}],"about":[{"href":"https:\/\/www.oidossucios.com\/site\/wp-json\/wp\/v2\/types\/post"}],"author":[{"embeddable":true,"href":"https:\/\/www.oidossucios.com\/site\/wp-json\/wp\/v2\/users\/4"}],"replies":[{"embeddable":true,"href":"https:\/\/www.oidossucios.com\/site\/wp-json\/wp\/v2\/comments?post=5765"}],"version-history":[{"count":0,"href":"https:\/\/www.oidossucios.com\/site\/wp-json\/wp\/v2\/posts\/5765\/revisions"}],"wp:featuredmedia":[{"embeddable":true,"href":"https:\/\/www.oidossucios.com\/site\/wp-json\/wp\/v2\/media\/100005765"}],"wp:attachment":[{"href":"https:\/\/www.oidossucios.com\/site\/wp-json\/wp\/v2\/media?parent=5765"}],"wp:term":[{"taxonomy":"category","embeddable":true,"href":"https:\/\/www.oidossucios.com\/site\/wp-json\/wp\/v2\/categories?post=5765"},{"taxonomy":"post_tag","embeddable":true,"href":"https:\/\/www.oidossucios.com\/site\/wp-json\/wp\/v2\/tags?post=5765"}],"curies":[{"name":"wp","href":"https:\/\/api.w.org\/{rel}","templated":true}]}}