{"id":5770,"date":"2012-07-23T05:38:00","date_gmt":"2012-07-23T05:38:00","guid":{"rendered":"https:\/\/www.oidossucios.com\/site\/2012\/07\/23\/luz-verde-lanza-el-final-del-mundo-vol-1-el-29-de-julio\/"},"modified":"2012-07-23T05:38:00","modified_gmt":"2012-07-23T05:38:00","slug":"luz-verde-lanza-el-final-del-mundo-vol-1-el-29-de-julio","status":"publish","type":"post","link":"https:\/\/www.oidossucios.com\/site\/luz-verde-lanza-el-final-del-mundo-vol-1-el-29-de-julio\/","title":{"rendered":"Luz Verde lanza &#8220;El Final Del Mundo Vol.1&#8221; el 29 de julio"},"content":{"rendered":"\n<p>Luz Verde anunci\u00f3 a todos sus fans el lanzamiento oficial de su quinta producci\u00f3n discogr\u00e1fica titulada <i>El Final Del Mundo Vol.1<\/i> por las redes sociales de la banda, con descarga gratuita del disco para el domingo 29 de julio.<\/p>\n<p>El cuarteto caraque\u00f1o radicado en Barcelona, Espa\u00f1a, se ha convertido en referencia y en una de las agrupaciones m\u00e1s importantes del pa\u00eds.<\/p>\n<p><i>El Final Del Mundo Vol.1<\/i> es un concepto presentado en dos partes, esta primera nos trae 6 temas in\u00e9ditos &nbsp;compuestos y ejecutados por Willbert Alvarez (guitarra y voz), Carlos Mendoza (guitarra y voz), Pedro Misle (bajo) y Eduardo Benatar (Bater\u00eda), donde destacan los temas &#8220;El Final del Mundo&#8221;, el primer corte promocional y ya cl\u00e1sico &#8220;Al borde&#8221;, &#8220;Lluvia&#8221;, &#8220;Nada Quedar\u00e1&#8221;, &#8220;Summer Rain&#8221; y la gran colaboraci\u00f3n del disco &#8220;Un Clavo Saca Otro Clavo&#8221; a d\u00fao entre Willbert y Boston Rex cantante de Tomates Fritos. La producci\u00f3n, grabaci\u00f3n y mezcla, estuvo a cargo por tercera vez consecutiva y ya definitivamente proclamado el quinto Luz Verde, el catal\u00e1n Roger Rod\u00e9s (Macaco y Facto de la F\u00e9) en Medusa Estudios en Barcelona, Espa\u00f1a.<\/p>\n<p>Presentaci\u00f3n oficial y descarga gratuita de <i>El Final Del Mundo Vol.1<\/i>&nbsp; en las redes sociales de Luz Verde el pr\u00f3ximo domingo 29 de julio a las 12:00pm.<\/p>\n<p><a href=\"http:\/\/www.luz-verde.com\/\">www.luz-verde.com<\/a><\/p>\n<p>Twitter: @luzverdebcn&nbsp; <\/p>\n<p>Facebook:&nbsp; www.facebook.com\/luzverdebcn<\/p>\n","protected":false},"excerpt":{"rendered":"<p>Luz Verde anunci\u00f3 el lanzamiento oficial de su quinta producci\u00f3n discogr\u00e1fica titulada &quot;El Final Del Mundo Vol.1&quot; por las redes sociales de la banda.<\/p>\n","protected":false},"author":4,"featured_media":100005770,"comment_status":"open","ping_status":"open","sticky":false,"template":"","format":"standard","meta":{"_jetpack_memberships_contains_paid_content":false,"footnotes":""},"categories":[250],"tags":[],"class_list":["post-5770","post","type-post","status-publish","format-standard","has-post-thumbnail","hentry","category-noticias"],"jetpack_featured_media_url":"https:\/\/www.oidossucios.com\/site\/wp-content\/uploads\/2012\/07\/5770.jpg","yoast_head":"<!-- This site is optimized with the Yoast SEO plugin v14.0.4 - https:\/\/yoast.com\/wordpress\/plugins\/seo\/ -->\n<title>Luz Verde lanza &quot;El Final Del Mundo Vol.1&quot; el 29 de julio - OidosSucios.Com<\/title>\n<meta name=\"description\" content=\"Luz Verde anunci\u00f3 el lanzamiento oficial de su quinta producci\u00f3n discogr\u00e1fica titulada &quot;El Final Del Mundo Vol.1&quot; por las redes sociales de la banda.\" \/>\n<meta name=\"robots\" content=\"index, follow\" \/>\n<meta name=\"googlebot\" content=\"index, follow, max-snippet:-1, max-image-preview:large, max-video-preview:-1\" \/>\n<meta name=\"bingbot\" content=\"index, follow, max-snippet:-1, max-image-preview:large, max-video-preview:-1\" \/>\n<link rel=\"canonical\" href=\"https:\/\/www.oidossucios.com\/site\/luz-verde-lanza-el-final-del-mundo-vol-1-el-29-de-julio\/\" \/>\n<meta property=\"og:locale\" content=\"es_ES\" \/>\n<meta property=\"og:type\" content=\"article\" \/>\n<meta property=\"og:title\" content=\"Luz Verde lanza &quot;El Final Del Mundo Vol.1&quot; el 29 de julio - OidosSucios.Com\" \/>\n<meta property=\"og:description\" content=\"Luz Verde anunci\u00f3 el lanzamiento oficial de su quinta producci\u00f3n discogr\u00e1fica titulada &quot;El Final Del Mundo Vol.1&quot; por las redes sociales de la banda.\" \/>\n<meta property=\"og:url\" content=\"https:\/\/www.oidossucios.com\/site\/luz-verde-lanza-el-final-del-mundo-vol-1-el-29-de-julio\/\" \/>\n<meta property=\"og:site_name\" content=\"OidosSucios.Com\" \/>\n<meta property=\"article:published_time\" content=\"2012-07-23T05:38:00+00:00\" \/>\n<meta property=\"og:image\" content=\"https:\/\/www.oidossucios.com\/site\/wp-content\/uploads\/2012\/07\/5770.jpg\" \/>\n\t<meta property=\"og:image:width\" content=\"350\" \/>\n\t<meta property=\"og:image:height\" content=\"300\" \/>\n<meta name=\"twitter:card\" content=\"summary_large_image\" \/>\n<meta name=\"twitter:creator\" content=\"@oidossucios\" \/>\n<script type=\"application\/ld+json\" class=\"yoast-schema-graph\">{\"@context\":\"https:\/\/schema.org\",\"@graph\":[{\"@type\":\"WebSite\",\"@id\":\"https:\/\/www.oidossucios.com\/site\/#website\",\"url\":\"https:\/\/www.oidossucios.com\/site\/\",\"name\":\"OidosSucios.Com\",\"description\":\"M\\u00fasica, conciertos, discos\",\"potentialAction\":[{\"@type\":\"SearchAction\",\"target\":\"https:\/\/www.oidossucios.com\/site\/?s={search_term_string}\",\"query-input\":\"required name=search_term_string\"}],\"inLanguage\":\"es\"},{\"@type\":\"ImageObject\",\"@id\":\"https:\/\/www.oidossucios.com\/site\/luz-verde-lanza-el-final-del-mundo-vol-1-el-29-de-julio\/#primaryimage\",\"inLanguage\":\"es\",\"url\":\"https:\/\/www.oidossucios.com\/site\/wp-content\/uploads\/2012\/07\/5770.jpg\",\"width\":350,\"height\":300},{\"@type\":\"WebPage\",\"@id\":\"https:\/\/www.oidossucios.com\/site\/luz-verde-lanza-el-final-del-mundo-vol-1-el-29-de-julio\/#webpage\",\"url\":\"https:\/\/www.oidossucios.com\/site\/luz-verde-lanza-el-final-del-mundo-vol-1-el-29-de-julio\/\",\"name\":\"Luz Verde lanza \\\"El Final Del Mundo Vol.1\\\" el 29 de julio - OidosSucios.Com\",\"isPartOf\":{\"@id\":\"https:\/\/www.oidossucios.com\/site\/#website\"},\"primaryImageOfPage\":{\"@id\":\"https:\/\/www.oidossucios.com\/site\/luz-verde-lanza-el-final-del-mundo-vol-1-el-29-de-julio\/#primaryimage\"},\"datePublished\":\"2012-07-23T05:38:00+00:00\",\"dateModified\":\"2012-07-23T05:38:00+00:00\",\"author\":{\"@id\":\"https:\/\/www.oidossucios.com\/site\/#\/schema\/person\/24559eeb76bf83a63296fb072393a688\"},\"description\":\"Luz Verde anunci\\u00f3 el lanzamiento oficial de su quinta producci\\u00f3n discogr\\u00e1fica titulada &quot;El Final Del Mundo Vol.1&quot; por las redes sociales de la banda.\",\"inLanguage\":\"es\",\"potentialAction\":[{\"@type\":\"ReadAction\",\"target\":[\"https:\/\/www.oidossucios.com\/site\/luz-verde-lanza-el-final-del-mundo-vol-1-el-29-de-julio\/\"]}]},{\"@type\":[\"Person\"],\"@id\":\"https:\/\/www.oidossucios.com\/site\/#\/schema\/person\/24559eeb76bf83a63296fb072393a688\",\"name\":\"Oidossucios\",\"image\":{\"@type\":\"ImageObject\",\"@id\":\"https:\/\/www.oidossucios.com\/site\/#personlogo\",\"inLanguage\":\"es\",\"url\":\"https:\/\/secure.gravatar.com\/avatar\/74fcb480f42f1a33e50a0b6e6369a3f907be2e43dc84fa5f76c66e9c22b4a5ab?s=96&d=mm&r=g\",\"caption\":\"Oidossucios\"},\"sameAs\":[\"https:\/\/twitter.com\/oidossucios\"]}]}<\/script>\n<!-- \/ Yoast SEO plugin. -->","jetpack_sharing_enabled":true,"_links":{"self":[{"href":"https:\/\/www.oidossucios.com\/site\/wp-json\/wp\/v2\/posts\/5770","targetHints":{"allow":["GET"]}}],"collection":[{"href":"https:\/\/www.oidossucios.com\/site\/wp-json\/wp\/v2\/posts"}],"about":[{"href":"https:\/\/www.oidossucios.com\/site\/wp-json\/wp\/v2\/types\/post"}],"author":[{"embeddable":true,"href":"https:\/\/www.oidossucios.com\/site\/wp-json\/wp\/v2\/users\/4"}],"replies":[{"embeddable":true,"href":"https:\/\/www.oidossucios.com\/site\/wp-json\/wp\/v2\/comments?post=5770"}],"version-history":[{"count":0,"href":"https:\/\/www.oidossucios.com\/site\/wp-json\/wp\/v2\/posts\/5770\/revisions"}],"wp:featuredmedia":[{"embeddable":true,"href":"https:\/\/www.oidossucios.com\/site\/wp-json\/wp\/v2\/media\/100005770"}],"wp:attachment":[{"href":"https:\/\/www.oidossucios.com\/site\/wp-json\/wp\/v2\/media?parent=5770"}],"wp:term":[{"taxonomy":"category","embeddable":true,"href":"https:\/\/www.oidossucios.com\/site\/wp-json\/wp\/v2\/categories?post=5770"},{"taxonomy":"post_tag","embeddable":true,"href":"https:\/\/www.oidossucios.com\/site\/wp-json\/wp\/v2\/tags?post=5770"}],"curies":[{"name":"wp","href":"https:\/\/api.w.org\/{rel}","templated":true}]}}