{"id":5776,"date":"2012-07-25T18:36:00","date_gmt":"2012-07-25T18:36:00","guid":{"rendered":"https:\/\/www.oidossucios.com\/site\/2012\/07\/25\/fordelucs-estrena-nueva-propuesta-musical-con-su-sencillo-mienteme\/"},"modified":"2012-07-25T18:36:00","modified_gmt":"2012-07-25T18:36:00","slug":"fordelucs-estrena-nueva-propuesta-musical-con-su-sencillo-mienteme","status":"publish","type":"post","link":"https:\/\/www.oidossucios.com\/site\/fordelucs-estrena-nueva-propuesta-musical-con-su-sencillo-mienteme\/","title":{"rendered":"Fordelucs estrena nueva propuesta musical con su sencillo &#8220;Mi\u00e9nteme&#8221;"},"content":{"rendered":"\n<p>Hoy mi\u00e9rcoles 25 de julio, el reconocido circuito radial La Mega  Estaci\u00f3n, estar\u00e1 presentando el nuevo sencillo promocional de la agrupaci\u00f3n musical Fordelucs. &#8220;Mi\u00e9nteme&#8221;, sonar\u00e1 por primera vez en el programa &#8220;A la cuenta de tres&#8221;.<\/p>\n<p>La grabaci\u00f3n de este nuevo corte promocional cont\u00f3 con la integraci\u00f3n de nuevos elementos que marcan una gran diferencia con el tema original; el cual forma parte de su segunda placa discogr\u00e1fica <i>Fotograma.<\/p>\n<p><\/i>Adem\u00e1s, gracias a una actual alianza con el portal <a href=\"http:\/\/www.lamegaestacion.com\/\">www.lamegaestacion.com<\/a>, el sencillo podr\u00e1 ser descargado de forma gratuita; en donde tambi\u00e9n estar\u00e1 disponible informaci\u00f3n detallada de los planes futuros de la banda.<\/p>\n<p>La nueva propuesta musical que Fordelucs reflejar\u00e1 con &#8220;Mi\u00e9nteme&#8221;, es el producto de un largo proceso de producci\u00f3n que la banda ha implementado en la b\u00fasqueda y evoluci\u00f3n de su sonido. Este trabajo podr\u00eda considerarse como un &#8220;adelanto&#8221; de lo que ser\u00eda su tercera producci\u00f3n discogr\u00e1fica estimada para el pr\u00f3ximo a\u00f1o.<\/p>\n<p>Este cuarteto de rock venezolano integrado por Giovanni Gulli (guitarra), Jorge Romero (bajo y voz), Dorian Mil\u00e1 (bater\u00eda) y Jos\u00e9 Luis Castillo (guitarra y voz), se ha mantenido activo dentro del ruedo musical del pa\u00eds a trav\u00e9s de las constantes giras realizadas a lo largo de los \u00faltimos seis a\u00f1os de su carrera art\u00edstica.<\/p>\n","protected":false},"excerpt":{"rendered":"<p>Hoy el reconocido circuito radial La Mega Estaci\u00f3n, estar\u00e1 presentando el nuevo sencillo promocional de la agrupaci\u00f3n musical Fordelucs. &#8220;Mi\u00e9nteme&#8221;, sonar\u00e1 por primera vez en el programa &#8220;A la cuenta de tres&#8221;.<\/p>\n","protected":false},"author":4,"featured_media":100005776,"comment_status":"open","ping_status":"open","sticky":false,"template":"","format":"standard","meta":{"_jetpack_memberships_contains_paid_content":false,"footnotes":""},"categories":[250],"tags":[],"class_list":["post-5776","post","type-post","status-publish","format-standard","has-post-thumbnail","hentry","category-noticias"],"jetpack_featured_media_url":"https:\/\/www.oidossucios.com\/site\/wp-content\/uploads\/2012\/07\/5776.jpg","yoast_head":"<!-- This site is optimized with the Yoast SEO plugin v14.0.4 - https:\/\/yoast.com\/wordpress\/plugins\/seo\/ -->\n<title>Fordelucs estrena nueva propuesta musical con su sencillo &quot;Mi\u00e9nteme&quot; - OidosSucios.Com<\/title>\n<meta name=\"description\" content=\"Hoy el reconocido circuito radial La Mega Estaci\u00f3n, estar\u00e1 presentando el nuevo sencillo promocional de la agrupaci\u00f3n musical Fordelucs. &quot;Mi\u00e9nteme&quot;, sonar\u00e1 por primera vez en el programa &quot;A la cuenta de tres&quot;.\" \/>\n<meta name=\"robots\" content=\"index, follow\" \/>\n<meta name=\"googlebot\" content=\"index, follow, max-snippet:-1, max-image-preview:large, max-video-preview:-1\" \/>\n<meta name=\"bingbot\" content=\"index, follow, max-snippet:-1, max-image-preview:large, max-video-preview:-1\" \/>\n<link rel=\"canonical\" href=\"https:\/\/www.oidossucios.com\/site\/fordelucs-estrena-nueva-propuesta-musical-con-su-sencillo-mienteme\/\" \/>\n<meta property=\"og:locale\" content=\"es_ES\" \/>\n<meta property=\"og:type\" content=\"article\" \/>\n<meta property=\"og:title\" content=\"Fordelucs estrena nueva propuesta musical con su sencillo &quot;Mi\u00e9nteme&quot; - OidosSucios.Com\" \/>\n<meta property=\"og:description\" content=\"Hoy el reconocido circuito radial La Mega Estaci\u00f3n, estar\u00e1 presentando el nuevo sencillo promocional de la agrupaci\u00f3n musical Fordelucs. &quot;Mi\u00e9nteme&quot;, sonar\u00e1 por primera vez en el programa &quot;A la cuenta de tres&quot;.\" \/>\n<meta property=\"og:url\" content=\"https:\/\/www.oidossucios.com\/site\/fordelucs-estrena-nueva-propuesta-musical-con-su-sencillo-mienteme\/\" \/>\n<meta property=\"og:site_name\" content=\"OidosSucios.Com\" \/>\n<meta property=\"article:published_time\" content=\"2012-07-25T18:36:00+00:00\" \/>\n<meta property=\"og:image\" content=\"https:\/\/www.oidossucios.com\/site\/wp-content\/uploads\/2012\/07\/5776.jpg\" \/>\n\t<meta property=\"og:image:width\" content=\"350\" \/>\n\t<meta property=\"og:image:height\" content=\"300\" \/>\n<meta name=\"twitter:card\" content=\"summary_large_image\" \/>\n<meta name=\"twitter:creator\" content=\"@oidossucios\" \/>\n<script type=\"application\/ld+json\" class=\"yoast-schema-graph\">{\"@context\":\"https:\/\/schema.org\",\"@graph\":[{\"@type\":\"WebSite\",\"@id\":\"https:\/\/www.oidossucios.com\/site\/#website\",\"url\":\"https:\/\/www.oidossucios.com\/site\/\",\"name\":\"OidosSucios.Com\",\"description\":\"M\\u00fasica, conciertos, discos\",\"potentialAction\":[{\"@type\":\"SearchAction\",\"target\":\"https:\/\/www.oidossucios.com\/site\/?s={search_term_string}\",\"query-input\":\"required name=search_term_string\"}],\"inLanguage\":\"es\"},{\"@type\":\"ImageObject\",\"@id\":\"https:\/\/www.oidossucios.com\/site\/fordelucs-estrena-nueva-propuesta-musical-con-su-sencillo-mienteme\/#primaryimage\",\"inLanguage\":\"es\",\"url\":\"https:\/\/www.oidossucios.com\/site\/wp-content\/uploads\/2012\/07\/5776.jpg\",\"width\":350,\"height\":300},{\"@type\":\"WebPage\",\"@id\":\"https:\/\/www.oidossucios.com\/site\/fordelucs-estrena-nueva-propuesta-musical-con-su-sencillo-mienteme\/#webpage\",\"url\":\"https:\/\/www.oidossucios.com\/site\/fordelucs-estrena-nueva-propuesta-musical-con-su-sencillo-mienteme\/\",\"name\":\"Fordelucs estrena nueva propuesta musical con su sencillo \\\"Mi\\u00e9nteme\\\" - OidosSucios.Com\",\"isPartOf\":{\"@id\":\"https:\/\/www.oidossucios.com\/site\/#website\"},\"primaryImageOfPage\":{\"@id\":\"https:\/\/www.oidossucios.com\/site\/fordelucs-estrena-nueva-propuesta-musical-con-su-sencillo-mienteme\/#primaryimage\"},\"datePublished\":\"2012-07-25T18:36:00+00:00\",\"dateModified\":\"2012-07-25T18:36:00+00:00\",\"author\":{\"@id\":\"https:\/\/www.oidossucios.com\/site\/#\/schema\/person\/24559eeb76bf83a63296fb072393a688\"},\"description\":\"Hoy el reconocido circuito radial La Mega Estaci\\u00f3n, estar\\u00e1 presentando el nuevo sencillo promocional de la agrupaci\\u00f3n musical Fordelucs. \\\"Mi\\u00e9nteme\\\", sonar\\u00e1 por primera vez en el programa \\\"A la cuenta de tres\\\".\",\"inLanguage\":\"es\",\"potentialAction\":[{\"@type\":\"ReadAction\",\"target\":[\"https:\/\/www.oidossucios.com\/site\/fordelucs-estrena-nueva-propuesta-musical-con-su-sencillo-mienteme\/\"]}]},{\"@type\":[\"Person\"],\"@id\":\"https:\/\/www.oidossucios.com\/site\/#\/schema\/person\/24559eeb76bf83a63296fb072393a688\",\"name\":\"Oidossucios\",\"image\":{\"@type\":\"ImageObject\",\"@id\":\"https:\/\/www.oidossucios.com\/site\/#personlogo\",\"inLanguage\":\"es\",\"url\":\"https:\/\/secure.gravatar.com\/avatar\/74fcb480f42f1a33e50a0b6e6369a3f907be2e43dc84fa5f76c66e9c22b4a5ab?s=96&d=mm&r=g\",\"caption\":\"Oidossucios\"},\"sameAs\":[\"https:\/\/twitter.com\/oidossucios\"]}]}<\/script>\n<!-- \/ Yoast SEO plugin. -->","jetpack_sharing_enabled":true,"_links":{"self":[{"href":"https:\/\/www.oidossucios.com\/site\/wp-json\/wp\/v2\/posts\/5776","targetHints":{"allow":["GET"]}}],"collection":[{"href":"https:\/\/www.oidossucios.com\/site\/wp-json\/wp\/v2\/posts"}],"about":[{"href":"https:\/\/www.oidossucios.com\/site\/wp-json\/wp\/v2\/types\/post"}],"author":[{"embeddable":true,"href":"https:\/\/www.oidossucios.com\/site\/wp-json\/wp\/v2\/users\/4"}],"replies":[{"embeddable":true,"href":"https:\/\/www.oidossucios.com\/site\/wp-json\/wp\/v2\/comments?post=5776"}],"version-history":[{"count":0,"href":"https:\/\/www.oidossucios.com\/site\/wp-json\/wp\/v2\/posts\/5776\/revisions"}],"wp:featuredmedia":[{"embeddable":true,"href":"https:\/\/www.oidossucios.com\/site\/wp-json\/wp\/v2\/media\/100005776"}],"wp:attachment":[{"href":"https:\/\/www.oidossucios.com\/site\/wp-json\/wp\/v2\/media?parent=5776"}],"wp:term":[{"taxonomy":"category","embeddable":true,"href":"https:\/\/www.oidossucios.com\/site\/wp-json\/wp\/v2\/categories?post=5776"},{"taxonomy":"post_tag","embeddable":true,"href":"https:\/\/www.oidossucios.com\/site\/wp-json\/wp\/v2\/tags?post=5776"}],"curies":[{"name":"wp","href":"https:\/\/api.w.org\/{rel}","templated":true}]}}