{"id":578,"date":"2002-04-16T14:13:00","date_gmt":"2002-04-16T14:13:00","guid":{"rendered":"https:\/\/www.oidossucios.com\/site\/2002\/04\/16\/se-retrasa-el-intercolegial-de-rock\/"},"modified":"2002-04-16T14:13:00","modified_gmt":"2002-04-16T14:13:00","slug":"se-retrasa-el-intercolegial-de-rock","status":"publish","type":"post","link":"https:\/\/www.oidossucios.com\/site\/se-retrasa-el-intercolegial-de-rock\/","title":{"rendered":"Se retrasa el Intercolegial de Rock"},"content":{"rendered":"<p>Debido a los recientes acontecimientos sucedidos en Venezuela, la Fundaci\u00f3n Nuevas Bandas decidi\u00f3 retrasar el Festival Intercolegial de Rock 2002, que se iba a llevar a cabo entre el 25 y 28 de abril en la sala Anna Julia Rojas del Ateneo de Caracas.<\/p>\n<p>El evento se realizar\u00e1 en el mismo lugar los d\u00edas 2, 3, 4 y 5 de mayo, manteni\u00e9ndose el mismo cartel de bandas que queda organizado como sigue:<\/p>\n<p><b>Jueves 2: Punk y sus vertientes<\/b><\/p>\n<p>Chucho y su combo (Colegio Santiago de Le\u00f3n de Caracas)<br \/>No Comply (Colegio del Ave Mar\u00eda)<br \/>Mancebia (U.E.N Edoardo Crema)<br \/>Nametai (Colegio Francia)<br \/>Conchupancia (Colegio Don Bosco)<br \/>Dross (Colegio San Agust\u00edn de Caricuao)<br \/>Punk Society (Colegio San Ignacio)<br \/>B.O.D. (Colegio La Salle La Colina) <\/p>\n<p><b>Viernes 3: Metal, N\u00fc Metal y Tendencias Extremas<\/b><\/p>\n<p>Mantra (Colegio C.I.A.L.)<br \/>Temiga (Centros de Estudios C.E.S.C.A.)<br \/>Slavefilth (Colegio Fray Luis Amigo)<br \/>Antares (U.E.N.Pedro Emilio Coll)<br \/>Liturgia Negra -en la foto- (Colegio Jes\u00fas Ni\u00f1o de Canavayen)<br \/>Muerte S\u00fabita (Colegio San Francisco de As\u00eds)<br \/>Alambre (Escuela B\u00e1sica Diego de Lozada )<br \/>Trucks (Colegio Agustiniano San Judas Tadeo)<br \/>Deadahead (Colegio Emil Friedman)<br \/>Smallpox (Colegio Francia)<\/p>\n<p><b>S\u00e1bado 4: Tendencias Alternativas<\/b><\/p>\n<p>Shangril\u00e1 (Colegio Belegue)<br \/>Parkas (Colegio La Salle Tienda Honda)<br \/>Mindust (Colegio San Agust\u00edn El Marques)<br \/>Efecto Secundario (Colegio San Ignacio)<br \/>Mandarina Custom (U.E. Inst. Fernando de Magallanes)<br \/>(K.O.B) King of the Basement (Colegio Moral y Luces)<br \/>Todos las abuelas son feas (U.E.N. Francisco Espejo)<br \/>DAD (U.E. Instituto Fernando de Magallanes)<br \/>Sus K-tt@rsis (Colegio Maria Sant\u00edsima)<br \/>Mambatara (Escuela Hogar Luisa Amalia de Vegas)<br \/>Axis (Colegio El Pe\u00f1\u00f3n)<br \/>Lithium (Colegio San Ignacio)<br \/>Todos Santos Dub (Colegio San Ignacio)<\/p>\n<p>El domingo 5 se llevar\u00e1 a cabo la final, donde estar\u00e1n present\u00e1ndose los ganadores de cada d\u00eda y Candy 66, quienes este a\u00f1o estar\u00e1n repitiendo como invitados especiales.<\/p>\n","protected":false},"excerpt":{"rendered":"<p>Debido a los recientes acontecimientos sucedidos en Venezuela, la Fundaci\u00f3n Nuevas Bandas decidi\u00f3 retrasar el Festival Intercolegial de Rock 2002 para la primera semana de mayo.<\/p>\n","protected":false},"author":4,"featured_media":0,"comment_status":"open","ping_status":"open","sticky":false,"template":"","format":"standard","meta":{"_jetpack_memberships_contains_paid_content":false,"footnotes":""},"categories":[250],"tags":[],"class_list":["post-578","post","type-post","status-publish","format-standard","hentry","category-noticias"],"jetpack_featured_media_url":"","yoast_head":"<!-- This site is optimized with the Yoast SEO plugin v14.0.4 - https:\/\/yoast.com\/wordpress\/plugins\/seo\/ -->\n<title>Se retrasa el Intercolegial de Rock - OidosSucios.Com<\/title>\n<meta name=\"description\" content=\"Como era previsible, se siguieron suspendiendo conciertos. Los ciclos de conciertos de la USB y la Plaza La Candelaria no sen llevar\u00e1 a cabo, pero A.N.I.M.A.L. fue confirmado. A\u00fan nadie se ha pronunciado por la presentaci\u00f3n de Melody y el Chichihuilote.\" \/>\n<meta name=\"robots\" content=\"index, follow\" \/>\n<meta name=\"googlebot\" content=\"index, follow, max-snippet:-1, max-image-preview:large, max-video-preview:-1\" \/>\n<meta name=\"bingbot\" content=\"index, follow, max-snippet:-1, max-image-preview:large, max-video-preview:-1\" \/>\n<link rel=\"canonical\" href=\"https:\/\/www.oidossucios.com\/site\/se-retrasa-el-intercolegial-de-rock\/\" \/>\n<meta property=\"og:locale\" content=\"es_ES\" \/>\n<meta property=\"og:type\" content=\"article\" \/>\n<meta property=\"og:title\" content=\"Se retrasa el Intercolegial de Rock - OidosSucios.Com\" \/>\n<meta property=\"og:description\" content=\"Como era previsible, se siguieron suspendiendo conciertos. Los ciclos de conciertos de la USB y la Plaza La Candelaria no sen llevar\u00e1 a cabo, pero A.N.I.M.A.L. fue confirmado. A\u00fan nadie se ha pronunciado por la presentaci\u00f3n de Melody y el Chichihuilote.\" \/>\n<meta property=\"og:url\" content=\"https:\/\/www.oidossucios.com\/site\/se-retrasa-el-intercolegial-de-rock\/\" \/>\n<meta property=\"og:site_name\" content=\"OidosSucios.Com\" \/>\n<meta property=\"article:published_time\" content=\"2002-04-16T14:13:00+00:00\" \/>\n<meta name=\"twitter:card\" content=\"summary_large_image\" \/>\n<meta name=\"twitter:creator\" content=\"@oidossucios\" \/>\n<script type=\"application\/ld+json\" class=\"yoast-schema-graph\">{\"@context\":\"https:\/\/schema.org\",\"@graph\":[{\"@type\":\"WebSite\",\"@id\":\"https:\/\/www.oidossucios.com\/site\/#website\",\"url\":\"https:\/\/www.oidossucios.com\/site\/\",\"name\":\"OidosSucios.Com\",\"description\":\"M\\u00fasica, conciertos, discos\",\"potentialAction\":[{\"@type\":\"SearchAction\",\"target\":\"https:\/\/www.oidossucios.com\/site\/?s={search_term_string}\",\"query-input\":\"required name=search_term_string\"}],\"inLanguage\":\"es\"},{\"@type\":\"WebPage\",\"@id\":\"https:\/\/www.oidossucios.com\/site\/se-retrasa-el-intercolegial-de-rock\/#webpage\",\"url\":\"https:\/\/www.oidossucios.com\/site\/se-retrasa-el-intercolegial-de-rock\/\",\"name\":\"Se retrasa el Intercolegial de Rock - OidosSucios.Com\",\"isPartOf\":{\"@id\":\"https:\/\/www.oidossucios.com\/site\/#website\"},\"datePublished\":\"2002-04-16T14:13:00+00:00\",\"dateModified\":\"2002-04-16T14:13:00+00:00\",\"author\":{\"@id\":\"https:\/\/www.oidossucios.com\/site\/#\/schema\/person\/24559eeb76bf83a63296fb072393a688\"},\"description\":\"Como era previsible, se siguieron suspendiendo conciertos. Los ciclos de conciertos de la USB y la Plaza La Candelaria no sen llevar\\u00e1 a cabo, pero A.N.I.M.A.L. fue confirmado. A\\u00fan nadie se ha pronunciado por la presentaci\\u00f3n de Melody y el Chichihuilote.\",\"inLanguage\":\"es\",\"potentialAction\":[{\"@type\":\"ReadAction\",\"target\":[\"https:\/\/www.oidossucios.com\/site\/se-retrasa-el-intercolegial-de-rock\/\"]}]},{\"@type\":[\"Person\"],\"@id\":\"https:\/\/www.oidossucios.com\/site\/#\/schema\/person\/24559eeb76bf83a63296fb072393a688\",\"name\":\"Oidossucios\",\"image\":{\"@type\":\"ImageObject\",\"@id\":\"https:\/\/www.oidossucios.com\/site\/#personlogo\",\"inLanguage\":\"es\",\"url\":\"https:\/\/secure.gravatar.com\/avatar\/74fcb480f42f1a33e50a0b6e6369a3f907be2e43dc84fa5f76c66e9c22b4a5ab?s=96&d=mm&r=g\",\"caption\":\"Oidossucios\"},\"sameAs\":[\"https:\/\/twitter.com\/oidossucios\"]}]}<\/script>\n<!-- \/ Yoast SEO plugin. -->","jetpack_sharing_enabled":true,"_links":{"self":[{"href":"https:\/\/www.oidossucios.com\/site\/wp-json\/wp\/v2\/posts\/578","targetHints":{"allow":["GET"]}}],"collection":[{"href":"https:\/\/www.oidossucios.com\/site\/wp-json\/wp\/v2\/posts"}],"about":[{"href":"https:\/\/www.oidossucios.com\/site\/wp-json\/wp\/v2\/types\/post"}],"author":[{"embeddable":true,"href":"https:\/\/www.oidossucios.com\/site\/wp-json\/wp\/v2\/users\/4"}],"replies":[{"embeddable":true,"href":"https:\/\/www.oidossucios.com\/site\/wp-json\/wp\/v2\/comments?post=578"}],"version-history":[{"count":0,"href":"https:\/\/www.oidossucios.com\/site\/wp-json\/wp\/v2\/posts\/578\/revisions"}],"wp:attachment":[{"href":"https:\/\/www.oidossucios.com\/site\/wp-json\/wp\/v2\/media?parent=578"}],"wp:term":[{"taxonomy":"category","embeddable":true,"href":"https:\/\/www.oidossucios.com\/site\/wp-json\/wp\/v2\/categories?post=578"},{"taxonomy":"post_tag","embeddable":true,"href":"https:\/\/www.oidossucios.com\/site\/wp-json\/wp\/v2\/tags?post=578"}],"curies":[{"name":"wp","href":"https:\/\/api.w.org\/{rel}","templated":true}]}}