{"id":5794,"date":"2012-07-27T21:43:00","date_gmt":"2012-07-27T21:43:00","guid":{"rendered":"https:\/\/www.oidossucios.com\/site\/2012\/07\/27\/pedro-guerra-se-presentara-en-concierto-en-caracas\/"},"modified":"2012-07-27T21:43:00","modified_gmt":"2012-07-27T21:43:00","slug":"pedro-guerra-se-presentara-en-concierto-en-caracas","status":"publish","type":"post","link":"https:\/\/www.oidossucios.com\/site\/pedro-guerra-se-presentara-en-concierto-en-caracas\/","title":{"rendered":"Pedro Guerra se presentar\u00e1 en concierto en Caracas"},"content":{"rendered":"\n<p>Pedro Guerra se presenta en el&nbsp;Centro Cultural B.O.D.-Corp Banca&nbsp;como parte del Tour <i>El Mono Espabilado<\/i>, t\u00edtulo que lleva su m\u00e1s reciente producci\u00f3n discogr\u00e1fica y con&nbsp;la&nbsp;cual estar\u00e1 recorriendo diversos pa\u00edses de Latinoam\u00e9rica.&nbsp;12 \u00e1lbumes en solitario, 4 con el Taller Canario y&nbsp;la&nbsp;participaci\u00f3n en dos recopilaciones, adem\u00e1s de decenas de giras y del amor de miles de personas alrededor del mundo, demuestran que para Pedro Guerra, dos d\u00e9cadas de vida musical si han sido algo.<\/p>\n<p>El creador de cl\u00e1sicos de&nbsp;la&nbsp;canci\u00f3n de autor como &#8220;Contam\u00edname&#8221;, &#8220;El marido de&nbsp;la&nbsp;peluquera&#8221;, &#8220;Debajo del puente&#8221; y &#8220;Golosina&#8221;, entre muchos otros, celebra 20 a\u00f1os de carrera y qu\u00e9 mejor manera que festejar con sus seguidores. Por esta raz\u00f3n&nbsp;Guerra ha organizado una gira en&nbsp;la&nbsp;que adem\u00e1s presenta su m\u00e1s reciente trabajo, titulado <i>El Mono Espabilado<\/i>. <\/p>\n<p>En&nbsp;\u00e9sta oportunidad el cantautor aprovechar\u00e1 para grabar un disco en vivo, por lo que el p\u00fablico asistente podr\u00e1 vivir y ser parte de \u00e9ste pr\u00f3ximo material, en el que el artista desea recopilar las mejores canciones y unir en un solo CD a todos los pa\u00edses que forman parte de&nbsp;la&nbsp;gira.<\/p>\n<p>Bajo el esfuerzo y&nbsp;la&nbsp;producci\u00f3n del&nbsp;Centro Cultural B.O.D.-Corp Banca, el&nbsp;pr\u00f3ximo 4 de agosto&nbsp;a las&nbsp;8:00 p.m.&nbsp;en&nbsp;la&nbsp;Sala de Conciertos, los asistentes van a ser part\u00edcipes en sus coros tanto en el audio como im\u00e1genes en un v\u00eddeo especial. Ser\u00e1 un concierto ac\u00fastico. No se lo pueden perder. <\/p>\n<p>Valor de&nbsp;la&nbsp;entrada:&nbsp;Bs. 400,00<br \/>Centro Cultural B.O.D.-Corp Banca<br \/>Twitter:&nbsp;@cculturalbodcb<br \/>Plaza&nbsp;La&nbsp;Castellana, Torre B.O.D.-Corp Banca,&nbsp;La&nbsp;Castellana<br \/>Tel\u00e9fono:&nbsp;<a target=\"_blank\" href=\"tel:212-206.29.73\" rel=\"noopener noreferrer\">212-206.29.73<\/a><br \/>Telf. Taquilla:&nbsp;<a target=\"_blank\" href=\"tel:212-206.21.49\" rel=\"noopener noreferrer\">212-206.21.49<\/a><\/p>\n<p>Adquiera sus entradas en taquilla o a trav\u00e9s de&nbsp;<a target=\"_blank\" title=\"http:\/\/www.ticketmundo.com\/\" href=\"http:\/\/www.ticketmundo.com\/\" rel=\"noopener noreferrer\">www.ticketmundo.com<\/a><br \/><a target=\"_blank\" title=\"http:\/\/www.corpbancacentrocultural.com\/\" href=\"http:\/\/www.corpbancacentrocultural.com\/\" rel=\"noopener noreferrer\">www.corpbancacentrocultural.com<\/a><\/p>\n","protected":false},"excerpt":{"rendered":"<p>Celebrando 20 a\u00f1os de carrera el cantautor espa\u00f1ol llega por primera vez a Caracas para ofrecer un concierto ac\u00fastico el pr\u00f3ximo 4 de agosto en la Sala de Conciertos del Centro Cultural B.O.D.-Corp Banca.<\/p>\n","protected":false},"author":4,"featured_media":100005794,"comment_status":"open","ping_status":"open","sticky":false,"template":"","format":"standard","meta":{"_jetpack_memberships_contains_paid_content":false,"footnotes":""},"categories":[250],"tags":[],"class_list":["post-5794","post","type-post","status-publish","format-standard","has-post-thumbnail","hentry","category-noticias"],"jetpack_featured_media_url":"https:\/\/www.oidossucios.com\/site\/wp-content\/uploads\/2012\/07\/5794.jpg","yoast_head":"<!-- This site is optimized with the Yoast SEO plugin v14.0.4 - https:\/\/yoast.com\/wordpress\/plugins\/seo\/ -->\n<title>Pedro Guerra se presentar\u00e1 en concierto en Caracas - OidosSucios.Com<\/title>\n<meta name=\"description\" content=\"Celebrando 20 a\u00f1os de carrera el cantautor espa\u00f1ol llega por primera vez a Caracas para ofrecer un concierto ac\u00fastico el pr\u00f3ximo 4 de agosto en la Sala de Conciertos del Centro Cultural B.O.D.-Corp Banca.\" \/>\n<meta name=\"robots\" content=\"index, follow\" \/>\n<meta name=\"googlebot\" content=\"index, follow, max-snippet:-1, max-image-preview:large, max-video-preview:-1\" \/>\n<meta name=\"bingbot\" content=\"index, follow, max-snippet:-1, max-image-preview:large, max-video-preview:-1\" \/>\n<link rel=\"canonical\" href=\"https:\/\/www.oidossucios.com\/site\/pedro-guerra-se-presentara-en-concierto-en-caracas\/\" \/>\n<meta property=\"og:locale\" content=\"es_ES\" \/>\n<meta property=\"og:type\" content=\"article\" \/>\n<meta property=\"og:title\" content=\"Pedro Guerra se presentar\u00e1 en concierto en Caracas - OidosSucios.Com\" \/>\n<meta property=\"og:description\" content=\"Celebrando 20 a\u00f1os de carrera el cantautor espa\u00f1ol llega por primera vez a Caracas para ofrecer un concierto ac\u00fastico el pr\u00f3ximo 4 de agosto en la Sala de Conciertos del Centro Cultural B.O.D.-Corp Banca.\" \/>\n<meta property=\"og:url\" content=\"https:\/\/www.oidossucios.com\/site\/pedro-guerra-se-presentara-en-concierto-en-caracas\/\" \/>\n<meta property=\"og:site_name\" content=\"OidosSucios.Com\" \/>\n<meta property=\"article:published_time\" content=\"2012-07-27T21:43:00+00:00\" \/>\n<meta property=\"og:image\" content=\"https:\/\/www.oidossucios.com\/site\/wp-content\/uploads\/2012\/07\/5794.jpg\" \/>\n\t<meta property=\"og:image:width\" content=\"350\" \/>\n\t<meta property=\"og:image:height\" content=\"300\" \/>\n<meta name=\"twitter:card\" content=\"summary_large_image\" \/>\n<meta name=\"twitter:creator\" content=\"@oidossucios\" \/>\n<script type=\"application\/ld+json\" class=\"yoast-schema-graph\">{\"@context\":\"https:\/\/schema.org\",\"@graph\":[{\"@type\":\"WebSite\",\"@id\":\"https:\/\/www.oidossucios.com\/site\/#website\",\"url\":\"https:\/\/www.oidossucios.com\/site\/\",\"name\":\"OidosSucios.Com\",\"description\":\"M\\u00fasica, conciertos, discos\",\"potentialAction\":[{\"@type\":\"SearchAction\",\"target\":\"https:\/\/www.oidossucios.com\/site\/?s={search_term_string}\",\"query-input\":\"required name=search_term_string\"}],\"inLanguage\":\"es\"},{\"@type\":\"ImageObject\",\"@id\":\"https:\/\/www.oidossucios.com\/site\/pedro-guerra-se-presentara-en-concierto-en-caracas\/#primaryimage\",\"inLanguage\":\"es\",\"url\":\"https:\/\/www.oidossucios.com\/site\/wp-content\/uploads\/2012\/07\/5794.jpg\",\"width\":350,\"height\":300},{\"@type\":\"WebPage\",\"@id\":\"https:\/\/www.oidossucios.com\/site\/pedro-guerra-se-presentara-en-concierto-en-caracas\/#webpage\",\"url\":\"https:\/\/www.oidossucios.com\/site\/pedro-guerra-se-presentara-en-concierto-en-caracas\/\",\"name\":\"Pedro Guerra se presentar\\u00e1 en concierto en Caracas - OidosSucios.Com\",\"isPartOf\":{\"@id\":\"https:\/\/www.oidossucios.com\/site\/#website\"},\"primaryImageOfPage\":{\"@id\":\"https:\/\/www.oidossucios.com\/site\/pedro-guerra-se-presentara-en-concierto-en-caracas\/#primaryimage\"},\"datePublished\":\"2012-07-27T21:43:00+00:00\",\"dateModified\":\"2012-07-27T21:43:00+00:00\",\"author\":{\"@id\":\"https:\/\/www.oidossucios.com\/site\/#\/schema\/person\/24559eeb76bf83a63296fb072393a688\"},\"description\":\"Celebrando 20 a\\u00f1os de carrera el cantautor espa\\u00f1ol llega por primera vez a Caracas para ofrecer un concierto ac\\u00fastico el pr\\u00f3ximo 4 de agosto en la Sala de Conciertos del Centro Cultural B.O.D.-Corp Banca.\",\"inLanguage\":\"es\",\"potentialAction\":[{\"@type\":\"ReadAction\",\"target\":[\"https:\/\/www.oidossucios.com\/site\/pedro-guerra-se-presentara-en-concierto-en-caracas\/\"]}]},{\"@type\":[\"Person\"],\"@id\":\"https:\/\/www.oidossucios.com\/site\/#\/schema\/person\/24559eeb76bf83a63296fb072393a688\",\"name\":\"Oidossucios\",\"image\":{\"@type\":\"ImageObject\",\"@id\":\"https:\/\/www.oidossucios.com\/site\/#personlogo\",\"inLanguage\":\"es\",\"url\":\"https:\/\/secure.gravatar.com\/avatar\/74fcb480f42f1a33e50a0b6e6369a3f907be2e43dc84fa5f76c66e9c22b4a5ab?s=96&d=mm&r=g\",\"caption\":\"Oidossucios\"},\"sameAs\":[\"https:\/\/twitter.com\/oidossucios\"]}]}<\/script>\n<!-- \/ Yoast SEO plugin. -->","jetpack_sharing_enabled":true,"_links":{"self":[{"href":"https:\/\/www.oidossucios.com\/site\/wp-json\/wp\/v2\/posts\/5794","targetHints":{"allow":["GET"]}}],"collection":[{"href":"https:\/\/www.oidossucios.com\/site\/wp-json\/wp\/v2\/posts"}],"about":[{"href":"https:\/\/www.oidossucios.com\/site\/wp-json\/wp\/v2\/types\/post"}],"author":[{"embeddable":true,"href":"https:\/\/www.oidossucios.com\/site\/wp-json\/wp\/v2\/users\/4"}],"replies":[{"embeddable":true,"href":"https:\/\/www.oidossucios.com\/site\/wp-json\/wp\/v2\/comments?post=5794"}],"version-history":[{"count":0,"href":"https:\/\/www.oidossucios.com\/site\/wp-json\/wp\/v2\/posts\/5794\/revisions"}],"wp:featuredmedia":[{"embeddable":true,"href":"https:\/\/www.oidossucios.com\/site\/wp-json\/wp\/v2\/media\/100005794"}],"wp:attachment":[{"href":"https:\/\/www.oidossucios.com\/site\/wp-json\/wp\/v2\/media?parent=5794"}],"wp:term":[{"taxonomy":"category","embeddable":true,"href":"https:\/\/www.oidossucios.com\/site\/wp-json\/wp\/v2\/categories?post=5794"},{"taxonomy":"post_tag","embeddable":true,"href":"https:\/\/www.oidossucios.com\/site\/wp-json\/wp\/v2\/tags?post=5794"}],"curies":[{"name":"wp","href":"https:\/\/api.w.org\/{rel}","templated":true}]}}