{"id":5801,"date":"2012-07-30T21:18:00","date_gmt":"2012-07-30T21:18:00","guid":{"rendered":"https:\/\/www.oidossucios.com\/site\/2012\/07\/30\/fotos-y-resena-historia-y-poder-se-dieron-cita-en-la-ultima-cruzada-de-zapato-3\/"},"modified":"2012-07-30T21:18:00","modified_gmt":"2012-07-30T21:18:00","slug":"fotos-y-resena-historia-y-poder-se-dieron-cita-en-la-ultima-cruzada-de-zapato-3","status":"publish","type":"post","link":"https:\/\/www.oidossucios.com\/site\/fotos-y-resena-historia-y-poder-se-dieron-cita-en-la-ultima-cruzada-de-zapato-3\/","title":{"rendered":"Fotos y rese\u00f1a: Historia y poder se dieron cita en La \u00daltima Cruzada de Zapato 3"},"content":{"rendered":"<p>Por <\/p>\n<p>Por: Carolina Daly \/ @KalinaODaly<br \/>Fotos:&nbsp;Jhon Scarso \/&nbsp;<a target=\"_blank\" href=\"http:\/\/scarso.net\/\" rel=\"noopener noreferrer\">SCARSO.NET<\/a>&nbsp;<\/p>\n<p>Tras 13 a\u00f1os sin pisar una tarima en Caracas, Zapato 3 reuni\u00f3 a m\u00e1s de 1500 fan\u00e1ticos para dar un concierto que traslado a la audiencia a aquellos tiempos de puro rock.<\/p>\n<p>El evento se realiz\u00f3 en el CIEC de la Universidad Metropolitana, en el cual el p\u00fablico no detuvo su voz en ning\u00fan momento, acompa\u00f1ando as\u00ed al aclamado Carlos Segura.<\/p>\n<p>Cont\u00f3 con tres bandas teloneras, las cuales calentaron la emoci\u00f3n&nbsp; de los presentes. Estas fueron: Almas, quienes tuvieron un performance impecable destacando entre otros el solo del bajista, la chica Joan City con una propuesta electro pop muy interesante y cerrando a los teloneros, Lev\u00edtico. Carlos Dom\u00ednguez, frontman de la agrupaci\u00f3n destac\u00f3 una de las canciones que tocaron llamada &#8220;Indefenso&#8221;, explicando que trataba sobre el aborto y pidi\u00f3 disculpas a los presentes si se tornaba emotivo durante la ejecuci\u00f3n del mismo ya que era un tema muy personal.<\/p>\n<p>La animaci\u00f3n y presentaci\u00f3n del evento estuvo a cargo de Ver\u00f3nica G\u00f3mez y Alex Goncalves, locutores del programa radial Apaga la Tele de La Mega.<\/p>\n<p>El sentimental y tambi\u00e9n esperado reencuentro dio inicio con un video en sendas pantallas de leds, mostrando fotograf\u00edas de la trayectoria de Zapato 3 a trav\u00e9s de los a\u00f1os y ambientado con el tema &#8220;My Way&#8221; interpretado por Frank Sinatra.<\/p>\n<p>Pasan las canciones y la noche se torna amena mientras se escuchan las notas de &#8220;Como un fantasma&#8221;, &#8220;Cuchillo&#8221;, &#8220;Amor de Hierro&#8221;, &#8220;Muriendo por ti&#8221;, y otros m\u00e1s.<\/p>\n<p>Llegan los temas m\u00e1s esperados por los fans quienes gritan a m\u00e1s no poder con &#8220;Amo las estrellas&#8221;, &#8220;Vampiro&#8221; y &#8220;U\u00f1as asesinas&#8221;, dando paso as\u00ed al cierre con la gran consentida del rock venezolano, &#8220;Pantaletas negras&#8221;.<\/p>\n<p>Un show de luces estupendo y un buen sonido, la danza y canto de Carlos Segura, los solos de \u00c1lvaro Segura, un bajo sin igual del recordado Fernando Batoni, los teclados de Jaime Verdaguer y una bater\u00eda excepcional de Diego M\u00e1rquez, fueron los protagonistas de esta \u00daltima Cruzada quienes en rueda de prensa nos dejaron saber que Zapato 3 es una banda que se desactiva y activa con el tiempo, un proyecto de vida actualmente activo, son artistas, poetas y de eso escriben, sus temas no son sociales ni pol\u00edticos.<\/p>\n<p>La organizaci\u00f3n estuvo a cargo de la Corporaci\u00f3n Almas Rock quienes tuvieron un despliegue de seguridad que permiti\u00f3 el desarrollo del evento sin ning\u00fan contratiempo.<\/p>\n<p><!--nextpage--><img decoding=\"async\" class=\"aligncenter size-medium wp-image-111115798\" src=\"https:\/\/www.oidossucios.com\/site\/wp-content\/uploads\/2020\/02\/5798.jpg\" alt=\"Fotos y rese\u00f1a: Historia y poder se dieron cita en La \u00daltima Cruzada de Zapato 3\"  \/><!--nextpage--><img decoding=\"async\" class=\"aligncenter size-medium wp-image-111115799\" src=\"https:\/\/www.oidossucios.com\/site\/wp-content\/uploads\/2020\/02\/5799.jpg\" alt=\"Fotos y rese\u00f1a: Historia y poder se dieron cita en La \u00daltima Cruzada de Zapato 3\"  \/><!--nextpage--><img decoding=\"async\" class=\"aligncenter size-medium wp-image-111115800\" src=\"https:\/\/www.oidossucios.com\/site\/wp-content\/uploads\/2020\/02\/5800.jpg\" alt=\"Fotos y rese\u00f1a: Historia y poder se dieron cita en La \u00daltima Cruzada de Zapato 3\"  \/><!--nextpage--><img decoding=\"async\" class=\"aligncenter size-medium wp-image-111115801\" src=\"https:\/\/www.oidossucios.com\/site\/wp-content\/uploads\/2020\/02\/5801.jpg\" alt=\"Fotos y rese\u00f1a: Historia y poder se dieron cita en La \u00daltima Cruzada de Zapato 3\"  \/><!--nextpage--><img decoding=\"async\" class=\"aligncenter size-medium wp-image-111115802\" src=\"https:\/\/www.oidossucios.com\/site\/wp-content\/uploads\/2020\/02\/5802.jpg\" alt=\"Fotos y rese\u00f1a: Historia y poder se dieron cita en La \u00daltima Cruzada de Zapato 3\"  \/><!--nextpage--><img decoding=\"async\" class=\"aligncenter size-medium wp-image-111115803\" src=\"https:\/\/www.oidossucios.com\/site\/wp-content\/uploads\/2020\/02\/5803.jpg\" alt=\"Fotos y rese\u00f1a: Historia y poder se dieron cita en La \u00daltima Cruzada de Zapato 3\"  \/><!--nextpage--><img decoding=\"async\" class=\"aligncenter size-medium wp-image-111115804\" src=\"https:\/\/www.oidossucios.com\/site\/wp-content\/uploads\/2020\/02\/5804.jpg\" alt=\"Fotos y rese\u00f1a: Historia y poder se dieron cita en La \u00daltima Cruzada de Zapato 3\"  \/><!--nextpage--><img decoding=\"async\" class=\"aligncenter size-medium wp-image-111115805\" src=\"https:\/\/www.oidossucios.com\/site\/wp-content\/uploads\/2020\/02\/5805.jpg\" alt=\"Fotos y rese\u00f1a: Historia y poder se dieron cita en La \u00daltima Cruzada de Zapato 3\"  \/><!--nextpage--><img decoding=\"async\" class=\"aligncenter size-medium wp-image-111115806\" src=\"https:\/\/www.oidossucios.com\/site\/wp-content\/uploads\/2020\/02\/5806.jpg\" alt=\"Fotos y rese\u00f1a: Historia y poder se dieron cita en La \u00daltima Cruzada de Zapato 3\"  \/><!--nextpage--><img decoding=\"async\" class=\"aligncenter size-medium wp-image-111115807\" src=\"https:\/\/www.oidossucios.com\/site\/wp-content\/uploads\/2020\/02\/5807.jpg\" alt=\"Fotos y rese\u00f1a: Historia y poder se dieron cita en La \u00daltima Cruzada de Zapato 3\"  \/><!--nextpage--><img decoding=\"async\" class=\"aligncenter size-medium wp-image-111115808\" src=\"https:\/\/www.oidossucios.com\/site\/wp-content\/uploads\/2020\/02\/5808.jpg\" alt=\"Fotos y rese\u00f1a: Historia y poder se dieron cita en La \u00daltima Cruzada de Zapato 3\"  \/><!--nextpage--><img decoding=\"async\" class=\"aligncenter size-medium wp-image-111115809\" src=\"https:\/\/www.oidossucios.com\/site\/wp-content\/uploads\/2020\/02\/5809.jpg\" alt=\"Fotos y rese\u00f1a: Historia y poder se dieron cita en La \u00daltima Cruzada de Zapato 3\"  \/><!--nextpage--><img decoding=\"async\" class=\"aligncenter size-medium wp-image-111115810\" src=\"https:\/\/www.oidossucios.com\/site\/wp-content\/uploads\/2020\/02\/5810.jpg\" alt=\"Fotos y rese\u00f1a: Historia y poder se dieron cita en La \u00daltima Cruzada de Zapato 3\"  \/><!--nextpage--><img decoding=\"async\" class=\"aligncenter size-medium wp-image-111115811\" src=\"https:\/\/www.oidossucios.com\/site\/wp-content\/uploads\/2020\/02\/5811.jpg\" alt=\"Fotos y rese\u00f1a: Historia y poder se dieron cita en La \u00daltima Cruzada de Zapato 3\"  \/><!--nextpage--><img decoding=\"async\" class=\"aligncenter size-medium wp-image-111115812\" src=\"https:\/\/www.oidossucios.com\/site\/wp-content\/uploads\/2020\/02\/5812.jpg\" alt=\"Fotos y rese\u00f1a: Historia y poder se dieron cita en La \u00daltima Cruzada de Zapato 3\"  \/><!--nextpage--><img decoding=\"async\" class=\"aligncenter size-medium wp-image-111115813\" src=\"https:\/\/www.oidossucios.com\/site\/wp-content\/uploads\/2020\/02\/5813.jpg\" alt=\"Fotos y rese\u00f1a: Historia y poder se dieron cita en La \u00daltima Cruzada de Zapato 3\"  \/><!--nextpage--><img decoding=\"async\" class=\"aligncenter size-medium wp-image-111115814\" src=\"https:\/\/www.oidossucios.com\/site\/wp-content\/uploads\/2020\/02\/5814.jpg\" alt=\"Fotos y rese\u00f1a: Historia y poder se dieron cita en La \u00daltima Cruzada de Zapato 3\"  \/><!--nextpage--><img decoding=\"async\" class=\"aligncenter size-medium wp-image-111115815\" src=\"https:\/\/www.oidossucios.com\/site\/wp-content\/uploads\/2020\/02\/5815.jpg\" alt=\"Fotos y rese\u00f1a: Historia y poder se dieron cita en La \u00daltima Cruzada de Zapato 3\"  \/><!--nextpage--><img decoding=\"async\" class=\"aligncenter size-medium wp-image-111115816\" src=\"https:\/\/www.oidossucios.com\/site\/wp-content\/uploads\/2020\/02\/5816.jpg\" alt=\"Fotos y rese\u00f1a: Historia y poder se dieron cita en La \u00daltima Cruzada de Zapato 3\"  \/><!--nextpage--><img decoding=\"async\" class=\"aligncenter size-medium wp-image-111115817\" src=\"https:\/\/www.oidossucios.com\/site\/wp-content\/uploads\/2020\/02\/5817.jpg\" alt=\"Fotos y rese\u00f1a: Historia y poder se dieron cita en La \u00daltima Cruzada de Zapato 3\"  \/><!--nextpage--><img decoding=\"async\" class=\"aligncenter size-medium wp-image-111115818\" src=\"https:\/\/www.oidossucios.com\/site\/wp-content\/uploads\/2020\/02\/5818.jpg\" alt=\"Fotos y rese\u00f1a: Historia y poder se dieron cita en La \u00daltima Cruzada de Zapato 3\"  \/><!--nextpage--><img decoding=\"async\" class=\"aligncenter size-medium wp-image-111115819\" src=\"https:\/\/www.oidossucios.com\/site\/wp-content\/uploads\/2020\/02\/5819.jpg\" alt=\"Fotos y rese\u00f1a: Historia y poder se dieron cita en La \u00daltima Cruzada de Zapato 3\"  \/><!--nextpage--><img decoding=\"async\" class=\"aligncenter size-medium wp-image-111115820\" src=\"https:\/\/www.oidossucios.com\/site\/wp-content\/uploads\/2020\/02\/5820.jpg\" alt=\"Fotos y rese\u00f1a: Historia y poder se dieron cita en La \u00daltima Cruzada de Zapato 3\"  \/><!--nextpage--><img decoding=\"async\" class=\"aligncenter size-medium wp-i\nmage-111115821\" src=\"https:\/\/www.oidossucios.com\/site\/wp-content\/uploads\/2020\/02\/5821.jpg\" alt=\"Fotos y rese\u00f1a: Historia y poder se dieron cita en La \u00daltima Cruzada de Zapato 3\"  \/><!--nextpage--><img decoding=\"async\" class=\"aligncenter size-medium wp-image-111115822\" src=\"https:\/\/www.oidossucios.com\/site\/wp-content\/uploads\/2020\/02\/5822.jpg\" alt=\"Fotos y rese\u00f1a: Historia y poder se dieron cita en La \u00daltima Cruzada de Zapato 3\"  \/><!--nextpage--><img decoding=\"async\" class=\"aligncenter size-medium wp-image-111115823\" src=\"https:\/\/www.oidossucios.com\/site\/wp-content\/uploads\/2020\/02\/5823.jpg\" alt=\"Fotos y rese\u00f1a: Historia y poder se dieron cita en La \u00daltima Cruzada de Zapato 3\"  \/><!--nextpage--><img decoding=\"async\" class=\"aligncenter size-medium wp-image-111115824\" src=\"https:\/\/www.oidossucios.com\/site\/wp-content\/uploads\/2020\/02\/5824.jpg\" alt=\"Fotos y rese\u00f1a: Historia y poder se dieron cita en La \u00daltima Cruzada de Zapato 3\"  \/><!--nextpage--><img decoding=\"async\" class=\"aligncenter size-medium wp-image-111115825\" src=\"https:\/\/www.oidossucios.com\/site\/wp-content\/uploads\/2020\/02\/5825.jpg\" alt=\"Fotos y rese\u00f1a: Historia y poder se dieron cita en La \u00daltima Cruzada de Zapato 3\"  \/><!--nextpage--><img decoding=\"async\" class=\"aligncenter size-medium wp-image-111115826\" src=\"https:\/\/www.oidossucios.com\/site\/wp-content\/uploads\/2020\/02\/5826.jpg\" alt=\"Fotos y rese\u00f1a: Historia y poder se dieron cita en La \u00daltima Cruzada de Zapato 3\"  \/><!--nextpage--><img decoding=\"async\" class=\"aligncenter size-medium wp-image-111115827\" src=\"https:\/\/www.oidossucios.com\/site\/wp-content\/uploads\/2020\/02\/5827.jpg\" alt=\"Fotos y rese\u00f1a: Historia y poder se dieron cita en La \u00daltima Cruzada de Zapato 3\"  \/><!--nextpage--><img decoding=\"async\" class=\"aligncenter size-medium wp-image-111115828\" src=\"https:\/\/www.oidossucios.com\/site\/wp-content\/uploads\/2020\/02\/5828.jpg\" alt=\"Fotos y rese\u00f1a: Historia y poder se dieron cita en La \u00daltima Cruzada de Zapato 3\"  \/><!--nextpage--><img decoding=\"async\" class=\"aligncenter size-medium wp-image-111115829\" src=\"https:\/\/www.oidossucios.com\/site\/wp-content\/uploads\/2020\/02\/5829.jpg\" alt=\"Fotos y rese\u00f1a: Historia y poder se dieron cita en La \u00daltima Cruzada de Zapato 3\"  \/><!--nextpage--><img decoding=\"async\" class=\"aligncenter size-medium wp-image-111115830\" src=\"https:\/\/www.oidossucios.com\/site\/wp-content\/uploads\/2020\/02\/5830.jpg\" alt=\"Fotos y rese\u00f1a: Historia y poder se dieron cita en La \u00daltima Cruzada de Zapato 3\"  \/><!--nextpage--><img decoding=\"async\" class=\"aligncenter size-medium wp-image-111115831\" src=\"https:\/\/www.oidossucios.com\/site\/wp-content\/uploads\/2020\/02\/5831.jpg\" alt=\"Fotos y rese\u00f1a: Historia y poder se dieron cita en La \u00daltima Cruzada de Zapato 3\"  \/><!--nextpage--><img decoding=\"async\" class=\"aligncenter size-medium wp-image-111115832\" src=\"https:\/\/www.oidossucios.com\/site\/wp-content\/uploads\/2020\/02\/5832.jpg\" alt=\"Fotos y rese\u00f1a: Historia y poder se dieron cita en La \u00daltima Cruzada de Zapato 3\"  \/><!--nextpage--><img decoding=\"async\" class=\"aligncenter size-medium wp-image-111115833\" src=\"https:\/\/www.oidossucios.com\/site\/wp-content\/uploads\/2020\/02\/5833.jpg\" alt=\"Fotos y rese\u00f1a: Historia y poder se dieron cita en La \u00daltima Cruzada de Zapato 3\"  \/><!--nextpage--><img decoding=\"async\" class=\"aligncenter size-medium wp-image-111115834\" src=\"https:\/\/www.oidossucios.com\/site\/wp-content\/uploads\/2020\/02\/5834.jpg\" alt=\"Fotos y rese\u00f1a: Historia y poder se dieron cita en La \u00daltima Cruzada de Zapato 3\"  \/><!--nextpage--><img decoding=\"async\" class=\"aligncenter size-medium wp-image-111115835\" src=\"https:\/\/www.oidossucios.com\/site\/wp-content\/uploads\/2020\/02\/5835.jpg\" alt=\"Fotos y rese\u00f1a: Historia y poder se dieron cita en La \u00daltima Cruzada de Zapato 3\"  \/><!--nextpage--><img decoding=\"async\" class=\"aligncenter size-medium wp-image-111115836\" src=\"https:\/\/www.oidossucios.com\/site\/wp-content\/uploads\/2020\/02\/5836.jpg\" alt=\"Fotos y rese\u00f1a: Historia y poder se dieron cita en La \u00daltima Cruzada de Zapato 3\"  \/><!--nextpage--><img decoding=\"async\" class=\"aligncenter size-medium wp-image-111115837\" src=\"https:\/\/www.oidossucios.com\/site\/wp-content\/uploads\/2020\/02\/5837.jpg\" alt=\"Fotos y rese\u00f1a: Historia y poder se dieron cita en La \u00daltima Cruzada de Zapato 3\"  \/><!--nextpage--><img decoding=\"async\" class=\"aligncenter size-medium wp-image-111115838\" src=\"https:\/\/www.oidossucios.com\/site\/wp-content\/uploads\/2020\/02\/5838.jpg\" alt=\"Fotos y rese\u00f1a: Historia y poder se dieron cita en La \u00daltima Cruzada de Zapato 3\"  \/><!--nextpage--><img decoding=\"async\" class=\"aligncenter size-medium wp-image-111115839\" src=\"https:\/\/www.oidossucios.com\/site\/wp-content\/uploads\/2020\/02\/5839.jpg\" alt=\"Fotos y rese\u00f1a: Historia y poder se dieron cita en La \u00daltima Cruzada de Zapato 3\"  \/><!--nextpage--><img decoding=\"async\" class=\"aligncenter size-medium wp-image-111115840\" src=\"https:\/\/www.oidossucios.com\/site\/wp-content\/uploads\/2020\/02\/5840.jpg\" alt=\"Fotos y rese\u00f1a: Historia y poder se dieron cita en La \u00daltima Cruzada de Zapato 3\"  \/><!--nextpage--><img decoding=\"async\" class=\"aligncenter size-medium wp-image-111115841\" src=\"https:\/\/www.oidossucios.com\/site\/wp-content\/uploads\/2020\/02\/5841.jpg\" alt=\"Fotos y rese\u00f1a: Historia y poder se dieron cita en La \u00daltima Cruzada de Zapato 3\"  \/><!--nextpage--><img decoding=\"async\" class=\"aligncenter size-medium wp-image-111115842\" src=\"https:\/\/www.oidossucios.com\/site\/wp-content\/uploads\/2020\/02\/5842.jpg\" alt=\"Fotos y rese\u00f1a: Historia y poder se dieron cita en La \u00daltima Cruzada de Zapato 3\"  \/><!--nextpage--><img decoding=\"async\" class=\"aligncenter size-medium wp-image-111115843\" src=\"https:\/\/www.oidossucios.com\/site\/wp-content\/uploads\/2020\/02\/5843.jpg\" alt=\"Fotos y rese\u00f1a: Historia y poder se dieron cita en La \u00daltima Cruzada de Zapato 3\"  \/><!--nextpage--><img decoding=\"async\" class=\"aligncenter size-medium wp-image-111115844\" src=\"https:\/\/www.oidossucios.com\/site\/wp-content\/uploads\/2020\/02\/5844.jpg\" alt=\"Fotos y rese\u00f1a: Historia y poder se dieron cita en La \u00daltima Cruzada de Zapato 3\"  \/><!--nextpage--><img decoding=\"async\" class=\"aligncenter size-medium wp-image-111115845\" src=\"https:\/\/www.oidossucios.com\/site\/wp-content\/uploads\/2020\/02\/5845.jpg\" alt=\"Fotos y rese\u00f1a: Historia y poder se dieron cita en La \u00daltima Cruzada de Zapato 3\"  \/><!--nextpage--><img decoding=\"async\" class=\"aligncenter size-medium wp-image-111115846\" src=\"https:\/\/www.oidossucios.com\/site\/wp-content\/uploads\/2020\/02\/5846.jpg\" alt=\"Fotos y rese\u00f1a: Historia y poder se dieron cita en La \u00daltima Cruzada de Zapato 3\"  \/><!--nextpage--><img decoding=\"async\" class=\"aligncenter size-medium wp-image-111115847\" src=\"https:\/\/www.oidossucios.com\/site\/wp-content\/uploads\/2020\/02\/5847.jpg\" alt=\"Fotos y rese\u00f1a: Historia y poder se dieron cita en La \u00daltima Cruzada de Zapato 3\"  \/><!--nextpage--><img decoding=\"async\" class=\"aligncenter size-medium wp-image-111115848\" src=\"https:\/\/www.oidossucios.com\/site\/wp-content\/uploads\/2020\/02\/5848.jpg\" alt=\"Fotos y rese\u00f1a: Historia y poder se dieron cita en La \u00daltima Cruzada de Zapato 3\"  \/><!--nextpage--><img decoding=\"async\" class=\"aligncenter size-medium wp-image-111115849\" src=\"https:\/\/www.oidossucios.com\/site\/wp-content\/uploads\/2020\/02\/5849.jpg\" alt=\"Fotos y rese\u00f1a: Historia y poder se dieron cita en La \u00daltima Cruzada de Zapato 3\"  \/><!--nextpage--><img decoding=\"async\" class=\"aligncenter size-medium wp-image-111115850\" src=\"https:\/\/www.oidossucios.com\/site\/wp-content\/uploads\/2020\/02\/5850.jpg\" alt=\"Fotos y rese\u00f1a: Historia y poder se dieron cita en La \u00daltima Cruzada de Zapato 3\"  \/><!--nextpage--><img decoding=\"async\" class=\"aligncenter size-medium wp-image-111115851\" src=\"https:\/\/www.oidossucios.com\/site\/wp-content\/uploads\/2020\/02\/5851.jpg\" alt=\"Fotos y rese\u00f1a: Historia y poder se dieron cita en La \u00daltima Cruzada de Zapato 3\"  \/><!--nextpage--><img decoding=\"async\" class=\"aligncenter size-medium wp-image-111115852\" src=\"https:\/\/www.oidossucios.com\/site\/wp-content\/uploads\/2020\/02\/5852.jpg\" alt=\"Fotos y rese\u00f1a: Historia y poder se dieron cita en La \u00daltima Cruzada de Zapato 3\"  \/><!--nextpage--><img decoding=\"async\" class=\"aligncenter size-medium wp-image-111115853\" src=\"https:\/\/www.oidossucios.com\/site\/wp-content\/uploads\/2020\/02\/5853.jpg\" alt=\"Fotos y rese\u00f1a: Historia y poder se dieron cita en La \u00daltima Cruzada de Zapato 3\"  \/><!--nextpage--><img decoding=\"async\" class=\"aligncenter size-medium wp-image-111115854\" src=\"https:\/\/www.oidossucios.com\/site\/wp-content\/uploads\/2020\/02\/5854.jpg\" alt=\"Fotos y rese\u00f1a: Historia y poder se dieron cita en La \u00daltima Cruzada de Zapato 3\"  \/><!--nextpage--><img decoding=\"async\" class=\"aligncenter size-medium wp-image-111115855\" src=\"https:\/\/www.oidossucios.com\/site\/wp-content\/uploads\/2020\/02\/5855.jpg\" alt=\"Fot\nos y rese\u00f1a: Historia y poder se dieron cita en La \u00daltima Cruzada de Zapato 3\"  \/><!--nextpage--><img decoding=\"async\" class=\"aligncenter size-medium wp-image-111115856\" src=\"https:\/\/www.oidossucios.com\/site\/wp-content\/uploads\/2020\/02\/5856.jpg\" alt=\"Fotos y rese\u00f1a: Historia y poder se dieron cita en La \u00daltima Cruzada de Zapato 3\"  \/><!--nextpage--><img decoding=\"async\" class=\"aligncenter size-medium wp-image-111115857\" src=\"https:\/\/www.oidossucios.com\/site\/wp-content\/uploads\/2020\/02\/5857.jpg\" alt=\"Fotos y rese\u00f1a: Historia y poder se dieron cita en La \u00daltima Cruzada de Zapato 3\"  \/><!--nextpage--><img decoding=\"async\" class=\"aligncenter size-medium wp-image-111115858\" src=\"https:\/\/www.oidossucios.com\/site\/wp-content\/uploads\/2020\/02\/5858.jpg\" alt=\"Fotos y rese\u00f1a: Historia y poder se dieron cita en La \u00daltima Cruzada de Zapato 3\"  \/><!--nextpage--><img decoding=\"async\" class=\"aligncenter size-medium wp-image-111115859\" src=\"https:\/\/www.oidossucios.com\/site\/wp-content\/uploads\/2020\/02\/5859.jpg\" alt=\"Fotos y rese\u00f1a: Historia y poder se dieron cita en La \u00daltima Cruzada de Zapato 3\"  \/><!--nextpage--><img decoding=\"async\" class=\"aligncenter size-medium wp-image-111115860\" src=\"https:\/\/www.oidossucios.com\/site\/wp-content\/uploads\/2020\/02\/5860.jpg\" alt=\"Fotos y rese\u00f1a: Historia y poder se dieron cita en La \u00daltima Cruzada de Zapato 3\"  \/><!--nextpage--><img decoding=\"async\" class=\"aligncenter size-medium wp-image-111115861\" src=\"https:\/\/www.oidossucios.com\/site\/wp-content\/uploads\/2020\/02\/5861.jpg\" alt=\"Fotos y rese\u00f1a: Historia y poder se dieron cita en La \u00daltima Cruzada de Zapato 3\"  \/><!--nextpage--><img decoding=\"async\" class=\"aligncenter size-medium wp-image-111115862\" src=\"https:\/\/www.oidossucios.com\/site\/wp-content\/uploads\/2020\/02\/5862.jpg\" alt=\"Fotos y rese\u00f1a: Historia y poder se dieron cita en La \u00daltima Cruzada de Zapato 3\"  \/><!--nextpage--><img decoding=\"async\" class=\"aligncenter size-medium wp-image-111115863\" src=\"https:\/\/www.oidossucios.com\/site\/wp-content\/uploads\/2020\/02\/5863.jpg\" alt=\"Fotos y rese\u00f1a: Historia y poder se dieron cita en La \u00daltima Cruzada de Zapato 3\"  \/><!--nextpage--><img decoding=\"async\" class=\"aligncenter size-medium wp-image-111115864\" src=\"https:\/\/www.oidossucios.com\/site\/wp-content\/uploads\/2020\/02\/5864.jpg\" alt=\"Fotos y rese\u00f1a: Historia y poder se dieron cita en La \u00daltima Cruzada de Zapato 3\"  \/><!--nextpage--><img decoding=\"async\" class=\"aligncenter size-medium wp-image-111115865\" src=\"https:\/\/www.oidossucios.com\/site\/wp-content\/uploads\/2020\/02\/5865.jpg\" alt=\"Fotos y rese\u00f1a: Historia y poder se dieron cita en La \u00daltima Cruzada de Zapato 3\"  \/><!--nextpage--><img decoding=\"async\" class=\"aligncenter size-medium wp-image-111115866\" src=\"https:\/\/www.oidossucios.com\/site\/wp-content\/uploads\/2020\/02\/5866.jpg\" alt=\"Fotos y rese\u00f1a: Historia y poder se dieron cita en La \u00daltima Cruzada de Zapato 3\"  \/><!--nextpage--><img decoding=\"async\" class=\"aligncenter size-medium wp-image-111115867\" src=\"https:\/\/www.oidossucios.com\/site\/wp-content\/uploads\/2020\/02\/5867.jpg\" alt=\"Fotos y rese\u00f1a: Historia y poder se dieron cita en La \u00daltima Cruzada de Zapato 3\"  \/><!--nextpage--><img decoding=\"async\" class=\"aligncenter size-medium wp-image-111115868\" src=\"https:\/\/www.oidossucios.com\/site\/wp-content\/uploads\/2020\/02\/5868.jpg\" alt=\"Fotos y rese\u00f1a: Historia y poder se dieron cita en La \u00daltima Cruzada de Zapato 3\"  \/><!--nextpage--><img decoding=\"async\" class=\"aligncenter size-medium wp-image-111115869\" src=\"https:\/\/www.oidossucios.com\/site\/wp-content\/uploads\/2020\/02\/5869.jpg\" alt=\"Fotos y rese\u00f1a: Historia y poder se dieron cita en La \u00daltima Cruzada de Zapato 3\"  \/><a href='https:\/\/www.oidossucios.com\/site\/fotos-y-resena-historia-y-poder-se-dieron-cita-en-la-ultima-cruzada-de-zapato-3\/2\/'\n                        onclick='if (tpsInstance) { tpsInstance.setNext(); return false; }'\n                        rel='next'\n                        style=''\n                        class=''>Ver galer\u00eda<\/a>]]><\/p>\n","protected":false},"excerpt":{"rendered":"<p>Tras 13 a\u00f1os sin pisar tarima, Zapato 3 reuni\u00f3 a m\u00e1s de 1500 fan\u00e1ticos para dar un concierto que traslado a la audiencia a aquellos tiempos de puro Rock.<\/p>\n","protected":false},"author":4,"featured_media":100005801,"comment_status":"open","ping_status":"open","sticky":false,"template":"","format":"standard","meta":{"_jetpack_memberships_contains_paid_content":false,"footnotes":""},"categories":[203],"tags":[],"class_list":["post-5801","post","type-post","status-publish","format-standard","has-post-thumbnail","hentry","category-eventos"],"jetpack_featured_media_url":"https:\/\/www.oidossucios.com\/site\/wp-content\/uploads\/2012\/07\/5801.jpg","yoast_head":"<!-- This site is optimized with the Yoast SEO plugin v14.0.4 - https:\/\/yoast.com\/wordpress\/plugins\/seo\/ -->\n<title>Fotos y rese\u00f1a: Historia y poder se dieron cita en La \u00daltima Cruzada de Zapato 3 - OidosSucios.Com<\/title>\n<meta name=\"description\" content=\"Tras 13 a\u00f1os sin pisar tarima, Zapato 3 reuni\u00f3 a m\u00e1s de 1500 fan\u00e1ticos para dar un concierto que traslado a la audiencia a aquellos tiempos de puro Rock.\" \/>\n<meta name=\"robots\" content=\"index, follow\" \/>\n<meta name=\"googlebot\" content=\"index, follow, max-snippet:-1, max-image-preview:large, max-video-preview:-1\" \/>\n<meta name=\"bingbot\" content=\"index, follow, max-snippet:-1, max-image-preview:large, max-video-preview:-1\" \/>\n<link rel=\"canonical\" href=\"https:\/\/www.oidossucios.com\/site\/fotos-y-resena-historia-y-poder-se-dieron-cita-en-la-ultima-cruzada-de-zapato-3\/\" \/>\n<link rel=\"next\" href=\"https:\/\/www.oidossucios.com\/site\/fotos-y-resena-historia-y-poder-se-dieron-cita-en-la-ultima-cruzada-de-zapato-3\/2\/\" \/>\n<meta property=\"og:locale\" content=\"es_ES\" \/>\n<meta property=\"og:type\" content=\"article\" \/>\n<meta property=\"og:title\" content=\"Fotos y rese\u00f1a: Historia y poder se dieron cita en La \u00daltima Cruzada de Zapato 3 - OidosSucios.Com\" \/>\n<meta property=\"og:description\" content=\"Tras 13 a\u00f1os sin pisar tarima, Zapato 3 reuni\u00f3 a m\u00e1s de 1500 fan\u00e1ticos para dar un concierto que traslado a la audiencia a aquellos tiempos de puro Rock.\" \/>\n<meta property=\"og:url\" content=\"https:\/\/www.oidossucios.com\/site\/fotos-y-resena-historia-y-poder-se-dieron-cita-en-la-ultima-cruzada-de-zapato-3\/\" \/>\n<meta property=\"og:site_name\" content=\"OidosSucios.Com\" \/>\n<meta property=\"article:published_time\" content=\"2012-07-30T21:18:00+00:00\" \/>\n<meta property=\"og:image\" content=\"https:\/\/www.oidossucios.com\/site\/wp-content\/uploads\/2012\/07\/5801.jpg\" \/>\n\t<meta property=\"og:image:width\" content=\"350\" \/>\n\t<meta property=\"og:image:height\" content=\"300\" \/>\n<meta name=\"twitter:card\" content=\"summary_large_image\" \/>\n<meta name=\"twitter:creator\" content=\"@oidossucios\" \/>\n<script type=\"application\/ld+json\" class=\"yoast-schema-graph\">{\"@context\":\"https:\/\/schema.org\",\"@graph\":[{\"@type\":\"WebSite\",\"@id\":\"https:\/\/www.oidossucios.com\/site\/#website\",\"url\":\"https:\/\/www.oidossucios.com\/site\/\",\"name\":\"OidosSucios.Com\",\"description\":\"M\\u00fasica, conciertos, discos\",\"potentialAction\":[{\"@type\":\"SearchAction\",\"target\":\"https:\/\/www.oidossucios.com\/site\/?s={search_term_string}\",\"query-input\":\"required name=search_term_string\"}],\"inLanguage\":\"es\"},{\"@type\":\"ImageObject\",\"@id\":\"https:\/\/www.oidossucios.com\/site\/fotos-y-resena-historia-y-poder-se-dieron-cita-en-la-ultima-cruzada-de-zapato-3\/#primaryimage\",\"inLanguage\":\"es\",\"url\":\"https:\/\/www.oidossucios.com\/site\/wp-content\/uploads\/2012\/07\/5801.jpg\",\"width\":350,\"height\":300},{\"@type\":\"WebPage\",\"@id\":\"https:\/\/www.oidossucios.com\/site\/fotos-y-resena-historia-y-poder-se-dieron-cita-en-la-ultima-cruzada-de-zapato-3\/#webpage\",\"url\":\"https:\/\/www.oidossucios.com\/site\/fotos-y-resena-historia-y-poder-se-dieron-cita-en-la-ultima-cruzada-de-zapato-3\/\",\"name\":\"Fotos y rese\\u00f1a: Historia y poder se dieron cita en La \\u00daltima Cruzada de Zapato 3 - OidosSucios.Com\",\"isPartOf\":{\"@id\":\"https:\/\/www.oidossucios.com\/site\/#website\"},\"primaryImageOfPage\":{\"@id\":\"https:\/\/www.oidossucios.com\/site\/fotos-y-resena-historia-y-poder-se-dieron-cita-en-la-ultima-cruzada-de-zapato-3\/#primaryimage\"},\"datePublished\":\"2012-07-30T21:18:00+00:00\",\"dateModified\":\"2012-07-30T21:18:00+00:00\",\"author\":{\"@id\":\"https:\/\/www.oidossucios.com\/site\/#\/schema\/person\/24559eeb76bf83a63296fb072393a688\"},\"description\":\"Tras 13 a\\u00f1os sin pisar tarima, Zapato 3 reuni\\u00f3 a m\\u00e1s de 1500 fan\\u00e1ticos para dar un concierto que traslado a la audiencia a aquellos tiempos de puro Rock.\",\"inLanguage\":\"es\",\"potentialAction\":[{\"@type\":\"ReadAction\",\"target\":[\"https:\/\/www.oidossucios.com\/site\/fotos-y-resena-historia-y-poder-se-dieron-cita-en-la-ultima-cruzada-de-zapato-3\/\"]}]},{\"@type\":[\"Person\"],\"@id\":\"https:\/\/www.oidossucios.com\/site\/#\/schema\/person\/24559eeb76bf83a63296fb072393a688\",\"name\":\"Oidossucios\",\"image\":{\"@type\":\"ImageObject\",\"@id\":\"https:\/\/www.oidossucios.com\/site\/#personlogo\",\"inLanguage\":\"es\",\"url\":\"https:\/\/secure.gravatar.com\/avatar\/74fcb480f42f1a33e50a0b6e6369a3f907be2e43dc84fa5f76c66e9c22b4a5ab?s=96&d=mm&r=g\",\"caption\":\"Oidossucios\"},\"sameAs\":[\"https:\/\/twitter.com\/oidossucios\"]}]}<\/script>\n<!-- \/ Yoast SEO plugin. -->","jetpack_sharing_enabled":true,"_links":{"self":[{"href":"https:\/\/www.oidossucios.com\/site\/wp-json\/wp\/v2\/posts\/5801","targetHints":{"allow":["GET"]}}],"collection":[{"href":"https:\/\/www.oidossucios.com\/site\/wp-json\/wp\/v2\/posts"}],"about":[{"href":"https:\/\/www.oidossucios.com\/site\/wp-json\/wp\/v2\/types\/post"}],"author":[{"embeddable":true,"href":"https:\/\/www.oidossucios.com\/site\/wp-json\/wp\/v2\/users\/4"}],"replies":[{"embeddable":true,"href":"https:\/\/www.oidossucios.com\/site\/wp-json\/wp\/v2\/comments?post=5801"}],"version-history":[{"count":0,"href":"https:\/\/www.oidossucios.com\/site\/wp-json\/wp\/v2\/posts\/5801\/revisions"}],"wp:featuredmedia":[{"embeddable":true,"href":"https:\/\/www.oidossucios.com\/site\/wp-json\/wp\/v2\/media\/100005801"}],"wp:attachment":[{"href":"https:\/\/www.oidossucios.com\/site\/wp-json\/wp\/v2\/media?parent=5801"}],"wp:term":[{"taxonomy":"category","embeddable":true,"href":"https:\/\/www.oidossucios.com\/site\/wp-json\/wp\/v2\/categories?post=5801"},{"taxonomy":"post_tag","embeddable":true,"href":"https:\/\/www.oidossucios.com\/site\/wp-json\/wp\/v2\/tags?post=5801"}],"curies":[{"name":"wp","href":"https:\/\/api.w.org\/{rel}","templated":true}]}}