{"id":5809,"date":"2012-07-31T18:36:00","date_gmt":"2012-07-31T18:36:00","guid":{"rendered":"https:\/\/www.oidossucios.com\/site\/2012\/07\/31\/peter-jackson-confirma-que-the-hobbit-sera-una-trilogia\/"},"modified":"2012-07-31T18:36:00","modified_gmt":"2012-07-31T18:36:00","slug":"peter-jackson-confirma-que-the-hobbit-sera-una-trilogia","status":"publish","type":"post","link":"https:\/\/www.oidossucios.com\/site\/peter-jackson-confirma-que-the-hobbit-sera-una-trilogia\/","title":{"rendered":"Peter Jackson confirma que &#8220;The Hobbit&#8221; ser\u00e1 una trilog\u00eda"},"content":{"rendered":"<p>Por <\/p>\n<p>Peter Jackson, director de la trilog\u00eda&nbsp;<i>El Se\u00f1or de los Anillos<\/i>, revel\u00f3 mediante su perfil personal de Facebook que la historia de&nbsp;<i>El Hobbit<\/i>&nbsp;ser\u00e1 extendida a tres filmes. <\/p>\n<p>Jackson&nbsp;declar\u00f3 que &#8220;Sabemos que mucha de la historia de&nbsp;Bilbo Bols\u00f3n,&nbsp;el mago&nbsp;Gandalf, los enanos de&nbsp;Erebor, el levantamiento del&nbsp;Necromancer&nbsp;y la batalla de&nbsp;Dol Guldur&nbsp;se mantendr\u00e1 sin contar si no nos damos esta oportunidad. La riqueza de la historia de&nbsp;El Hobbit&nbsp;as\u00ed como el material relacionado en ap\u00e9ndices de&nbsp;El Se\u00f1or de los Anillos&nbsp;nos permitir\u00e1 contar la historia completa de las aventuras de&nbsp;Bilbo Bols\u00f3n&nbsp;y el papel que jug\u00f3 en la peligrosa, pero excitante historia de la&nbsp;Tierra Media.&#8221;&nbsp;<\/p>\n<p>&#8220;As\u00ed que sin m\u00e1s pre\u00e1mbulo y a nombre de&nbsp;New Line Cinema, Warner Bros. Pictures, Metro-Goldwyn-Mayer, Wingnut Films&nbsp;y el elenco y equipo de producci\u00f3n de las cintas de&nbsp;<i>El Hobbit<\/i>, me complace anunciar que las dos pel\u00edculas se convertir\u00e1n en tres,&#8221; apunt\u00f3 el director neozeland\u00e9s. <\/p>\n<p>A\u00fan no se revela el posible t\u00edtulo para el tercer filme, ni su fecha de estreno, aunque se especula que podr\u00eda ser para finales de 2014.&nbsp;<\/p>\n<p>Sobre filmar&nbsp;<i>El Hobbit<\/i>, Jackson declar\u00f3 que &#8221; ha sido un viaje inesperado, y en palabras del profesor&nbsp;Tolkien&nbsp;&#8220;una historia que creci\u00f3 mientras se contaba&#8221;.&#8221; <\/p>\n<p>Fuente: www.rollingstone.com.mx<\/p>\n","protected":false},"excerpt":{"rendered":"<p>Peter Jackson, director de la trilog\u00eda &#8220;El Se\u00f1or de los Anillos&#8221;, revel\u00f3 mediante su perfil personal de Facebook que la historia de &#8220;El Hobbit&#8221; ser\u00e1 extendida a tres filmes. <\/p>\n","protected":false},"author":4,"featured_media":100005809,"comment_status":"open","ping_status":"open","sticky":false,"template":"","format":"standard","meta":{"_jetpack_memberships_contains_paid_content":false,"footnotes":""},"categories":[672],"tags":[],"class_list":["post-5809","post","type-post","status-publish","format-standard","has-post-thumbnail","hentry","category-tv"],"jetpack_featured_media_url":"https:\/\/www.oidossucios.com\/site\/wp-content\/uploads\/2012\/07\/5809.jpg","yoast_head":"<!-- This site is optimized with the Yoast SEO plugin v14.0.4 - https:\/\/yoast.com\/wordpress\/plugins\/seo\/ -->\n<title>Peter Jackson confirma que &quot;The Hobbit&quot; ser\u00e1 una trilog\u00eda - OidosSucios.Com<\/title>\n<meta name=\"description\" content=\"Peter Jackson, director de la trilog\u00eda &quot;El Se\u00f1or de los Anillos&quot;, revel\u00f3 mediante su perfil personal de Facebook que la historia de &quot;El Hobbit&quot; ser\u00e1 extendida a tres filmes.\" \/>\n<meta name=\"robots\" content=\"index, follow\" \/>\n<meta name=\"googlebot\" content=\"index, follow, max-snippet:-1, max-image-preview:large, max-video-preview:-1\" \/>\n<meta name=\"bingbot\" content=\"index, follow, max-snippet:-1, max-image-preview:large, max-video-preview:-1\" \/>\n<link rel=\"canonical\" href=\"https:\/\/www.oidossucios.com\/site\/peter-jackson-confirma-que-the-hobbit-sera-una-trilogia\/\" \/>\n<meta property=\"og:locale\" content=\"es_ES\" \/>\n<meta property=\"og:type\" content=\"article\" \/>\n<meta property=\"og:title\" content=\"Peter Jackson confirma que &quot;The Hobbit&quot; ser\u00e1 una trilog\u00eda - OidosSucios.Com\" \/>\n<meta property=\"og:description\" content=\"Peter Jackson, director de la trilog\u00eda &quot;El Se\u00f1or de los Anillos&quot;, revel\u00f3 mediante su perfil personal de Facebook que la historia de &quot;El Hobbit&quot; ser\u00e1 extendida a tres filmes.\" \/>\n<meta property=\"og:url\" content=\"https:\/\/www.oidossucios.com\/site\/peter-jackson-confirma-que-the-hobbit-sera-una-trilogia\/\" \/>\n<meta property=\"og:site_name\" content=\"OidosSucios.Com\" \/>\n<meta property=\"article:published_time\" content=\"2012-07-31T18:36:00+00:00\" \/>\n<meta property=\"og:image\" content=\"https:\/\/www.oidossucios.com\/site\/wp-content\/uploads\/2012\/07\/5809.jpg\" \/>\n\t<meta property=\"og:image:width\" content=\"350\" \/>\n\t<meta property=\"og:image:height\" content=\"300\" \/>\n<meta name=\"twitter:card\" content=\"summary_large_image\" \/>\n<meta name=\"twitter:creator\" content=\"@oidossucios\" \/>\n<script type=\"application\/ld+json\" class=\"yoast-schema-graph\">{\"@context\":\"https:\/\/schema.org\",\"@graph\":[{\"@type\":\"WebSite\",\"@id\":\"https:\/\/www.oidossucios.com\/site\/#website\",\"url\":\"https:\/\/www.oidossucios.com\/site\/\",\"name\":\"OidosSucios.Com\",\"description\":\"M\\u00fasica, conciertos, discos\",\"potentialAction\":[{\"@type\":\"SearchAction\",\"target\":\"https:\/\/www.oidossucios.com\/site\/?s={search_term_string}\",\"query-input\":\"required name=search_term_string\"}],\"inLanguage\":\"es\"},{\"@type\":\"ImageObject\",\"@id\":\"https:\/\/www.oidossucios.com\/site\/peter-jackson-confirma-que-the-hobbit-sera-una-trilogia\/#primaryimage\",\"inLanguage\":\"es\",\"url\":\"https:\/\/www.oidossucios.com\/site\/wp-content\/uploads\/2012\/07\/5809.jpg\",\"width\":350,\"height\":300},{\"@type\":\"WebPage\",\"@id\":\"https:\/\/www.oidossucios.com\/site\/peter-jackson-confirma-que-the-hobbit-sera-una-trilogia\/#webpage\",\"url\":\"https:\/\/www.oidossucios.com\/site\/peter-jackson-confirma-que-the-hobbit-sera-una-trilogia\/\",\"name\":\"Peter Jackson confirma que \\\"The Hobbit\\\" ser\\u00e1 una trilog\\u00eda - OidosSucios.Com\",\"isPartOf\":{\"@id\":\"https:\/\/www.oidossucios.com\/site\/#website\"},\"primaryImageOfPage\":{\"@id\":\"https:\/\/www.oidossucios.com\/site\/peter-jackson-confirma-que-the-hobbit-sera-una-trilogia\/#primaryimage\"},\"datePublished\":\"2012-07-31T18:36:00+00:00\",\"dateModified\":\"2012-07-31T18:36:00+00:00\",\"author\":{\"@id\":\"https:\/\/www.oidossucios.com\/site\/#\/schema\/person\/24559eeb76bf83a63296fb072393a688\"},\"description\":\"Peter Jackson, director de la trilog\\u00eda \\\"El Se\\u00f1or de los Anillos\\\", revel\\u00f3 mediante su perfil personal de Facebook que la historia de \\\"El Hobbit\\\" ser\\u00e1 extendida a tres filmes.\",\"inLanguage\":\"es\",\"potentialAction\":[{\"@type\":\"ReadAction\",\"target\":[\"https:\/\/www.oidossucios.com\/site\/peter-jackson-confirma-que-the-hobbit-sera-una-trilogia\/\"]}]},{\"@type\":[\"Person\"],\"@id\":\"https:\/\/www.oidossucios.com\/site\/#\/schema\/person\/24559eeb76bf83a63296fb072393a688\",\"name\":\"Oidossucios\",\"image\":{\"@type\":\"ImageObject\",\"@id\":\"https:\/\/www.oidossucios.com\/site\/#personlogo\",\"inLanguage\":\"es\",\"url\":\"https:\/\/secure.gravatar.com\/avatar\/74fcb480f42f1a33e50a0b6e6369a3f907be2e43dc84fa5f76c66e9c22b4a5ab?s=96&d=mm&r=g\",\"caption\":\"Oidossucios\"},\"sameAs\":[\"https:\/\/twitter.com\/oidossucios\"]}]}<\/script>\n<!-- \/ Yoast SEO plugin. -->","jetpack_sharing_enabled":true,"_links":{"self":[{"href":"https:\/\/www.oidossucios.com\/site\/wp-json\/wp\/v2\/posts\/5809","targetHints":{"allow":["GET"]}}],"collection":[{"href":"https:\/\/www.oidossucios.com\/site\/wp-json\/wp\/v2\/posts"}],"about":[{"href":"https:\/\/www.oidossucios.com\/site\/wp-json\/wp\/v2\/types\/post"}],"author":[{"embeddable":true,"href":"https:\/\/www.oidossucios.com\/site\/wp-json\/wp\/v2\/users\/4"}],"replies":[{"embeddable":true,"href":"https:\/\/www.oidossucios.com\/site\/wp-json\/wp\/v2\/comments?post=5809"}],"version-history":[{"count":0,"href":"https:\/\/www.oidossucios.com\/site\/wp-json\/wp\/v2\/posts\/5809\/revisions"}],"wp:featuredmedia":[{"embeddable":true,"href":"https:\/\/www.oidossucios.com\/site\/wp-json\/wp\/v2\/media\/100005809"}],"wp:attachment":[{"href":"https:\/\/www.oidossucios.com\/site\/wp-json\/wp\/v2\/media?parent=5809"}],"wp:term":[{"taxonomy":"category","embeddable":true,"href":"https:\/\/www.oidossucios.com\/site\/wp-json\/wp\/v2\/categories?post=5809"},{"taxonomy":"post_tag","embeddable":true,"href":"https:\/\/www.oidossucios.com\/site\/wp-json\/wp\/v2\/tags?post=5809"}],"curies":[{"name":"wp","href":"https:\/\/api.w.org\/{rel}","templated":true}]}}