{"id":5813,"date":"2012-08-01T18:15:00","date_gmt":"2012-08-01T18:15:00","guid":{"rendered":"https:\/\/www.oidossucios.com\/site\/2012\/08\/01\/murio-tony-sly-cantante-de-no-use-for-a-name\/"},"modified":"2012-08-01T18:15:00","modified_gmt":"2012-08-01T18:15:00","slug":"murio-tony-sly-cantante-de-no-use-for-a-name","status":"publish","type":"post","link":"https:\/\/www.oidossucios.com\/site\/murio-tony-sly-cantante-de-no-use-for-a-name\/","title":{"rendered":"Muri\u00f3 Tony Sly, cantante de No Use For A Name"},"content":{"rendered":"\n<p>El frontman de la banda Punk estadounidense No Use For A Name, Tony Sly, muri\u00f3 el d\u00eda de hoy. Hasta ahora, no se han confirmado detalles sobre el fallecimiento del m\u00fasico, \u00fanicamente fue publicado un comunicado en el website de la disquera Fat Wreck:<\/p>\n<p>&#8220;Es con gran tristeza que debemos decir adi\u00f3s a Tony Sly de No Use For A Name. Temprano el d\u00eda de hoy recibimos una llamada con la noticia de su fallecimiento y estamos devastados. Hemos perdido a un talento incre\u00edble, amigo y padre &#8211; uno de los grandes-. &nbsp;Fat Mike de NOFX tiene esto que decir: &#8220;Uno de mis m\u00e1s queridos amigos y compositores favoritos se ha ido demasiado pronto. Tony, se te echar\u00e1 mucho de menos&#8221;.&#8221;<\/p>\n<p>Seguiremos informando.<\/p>\n","protected":false},"excerpt":{"rendered":"<p>El frontman de la banda Punk estadounidense No Use For A Name, Tony Sly, muri\u00f3 el d\u00eda de hoy. Hasta ahora, no se han confirmado detalles sobre el fallecimiento del m\u00fasico.<\/p>\n","protected":false},"author":4,"featured_media":100005813,"comment_status":"open","ping_status":"open","sticky":false,"template":"","format":"standard","meta":{"_jetpack_memberships_contains_paid_content":false,"footnotes":""},"categories":[250],"tags":[],"class_list":["post-5813","post","type-post","status-publish","format-standard","has-post-thumbnail","hentry","category-noticias"],"jetpack_featured_media_url":"https:\/\/www.oidossucios.com\/site\/wp-content\/uploads\/2012\/08\/5813.jpg","yoast_head":"<!-- This site is optimized with the Yoast SEO plugin v14.0.4 - https:\/\/yoast.com\/wordpress\/plugins\/seo\/ -->\n<title>Muri\u00f3 Tony Sly, cantante de No Use For A Name - OidosSucios.Com<\/title>\n<meta name=\"description\" content=\"El frontman de la banda Punk estadounidense No Use For A Name, Tony Sly, muri\u00f3 el d\u00eda de hoy. Hasta ahora, no se han confirmado detalles sobre el fallecimiento del m\u00fasico.\" \/>\n<meta name=\"robots\" content=\"index, follow\" \/>\n<meta name=\"googlebot\" content=\"index, follow, max-snippet:-1, max-image-preview:large, max-video-preview:-1\" \/>\n<meta name=\"bingbot\" content=\"index, follow, max-snippet:-1, max-image-preview:large, max-video-preview:-1\" \/>\n<link rel=\"canonical\" href=\"https:\/\/www.oidossucios.com\/site\/murio-tony-sly-cantante-de-no-use-for-a-name\/\" \/>\n<meta property=\"og:locale\" content=\"es_ES\" \/>\n<meta property=\"og:type\" content=\"article\" \/>\n<meta property=\"og:title\" content=\"Muri\u00f3 Tony Sly, cantante de No Use For A Name - OidosSucios.Com\" \/>\n<meta property=\"og:description\" content=\"El frontman de la banda Punk estadounidense No Use For A Name, Tony Sly, muri\u00f3 el d\u00eda de hoy. Hasta ahora, no se han confirmado detalles sobre el fallecimiento del m\u00fasico.\" \/>\n<meta property=\"og:url\" content=\"https:\/\/www.oidossucios.com\/site\/murio-tony-sly-cantante-de-no-use-for-a-name\/\" \/>\n<meta property=\"og:site_name\" content=\"OidosSucios.Com\" \/>\n<meta property=\"article:published_time\" content=\"2012-08-01T18:15:00+00:00\" \/>\n<meta property=\"og:image\" content=\"https:\/\/www.oidossucios.com\/site\/wp-content\/uploads\/2012\/08\/5813.jpg\" \/>\n\t<meta property=\"og:image:width\" content=\"350\" \/>\n\t<meta property=\"og:image:height\" content=\"300\" \/>\n<meta name=\"twitter:card\" content=\"summary_large_image\" \/>\n<meta name=\"twitter:creator\" content=\"@oidossucios\" \/>\n<script type=\"application\/ld+json\" class=\"yoast-schema-graph\">{\"@context\":\"https:\/\/schema.org\",\"@graph\":[{\"@type\":\"WebSite\",\"@id\":\"https:\/\/www.oidossucios.com\/site\/#website\",\"url\":\"https:\/\/www.oidossucios.com\/site\/\",\"name\":\"OidosSucios.Com\",\"description\":\"M\\u00fasica, conciertos, discos\",\"potentialAction\":[{\"@type\":\"SearchAction\",\"target\":\"https:\/\/www.oidossucios.com\/site\/?s={search_term_string}\",\"query-input\":\"required name=search_term_string\"}],\"inLanguage\":\"es\"},{\"@type\":\"ImageObject\",\"@id\":\"https:\/\/www.oidossucios.com\/site\/murio-tony-sly-cantante-de-no-use-for-a-name\/#primaryimage\",\"inLanguage\":\"es\",\"url\":\"https:\/\/www.oidossucios.com\/site\/wp-content\/uploads\/2012\/08\/5813.jpg\",\"width\":350,\"height\":300},{\"@type\":\"WebPage\",\"@id\":\"https:\/\/www.oidossucios.com\/site\/murio-tony-sly-cantante-de-no-use-for-a-name\/#webpage\",\"url\":\"https:\/\/www.oidossucios.com\/site\/murio-tony-sly-cantante-de-no-use-for-a-name\/\",\"name\":\"Muri\\u00f3 Tony Sly, cantante de No Use For A Name - OidosSucios.Com\",\"isPartOf\":{\"@id\":\"https:\/\/www.oidossucios.com\/site\/#website\"},\"primaryImageOfPage\":{\"@id\":\"https:\/\/www.oidossucios.com\/site\/murio-tony-sly-cantante-de-no-use-for-a-name\/#primaryimage\"},\"datePublished\":\"2012-08-01T18:15:00+00:00\",\"dateModified\":\"2012-08-01T18:15:00+00:00\",\"author\":{\"@id\":\"https:\/\/www.oidossucios.com\/site\/#\/schema\/person\/24559eeb76bf83a63296fb072393a688\"},\"description\":\"El frontman de la banda Punk estadounidense No Use For A Name, Tony Sly, muri\\u00f3 el d\\u00eda de hoy. Hasta ahora, no se han confirmado detalles sobre el fallecimiento del m\\u00fasico.\",\"inLanguage\":\"es\",\"potentialAction\":[{\"@type\":\"ReadAction\",\"target\":[\"https:\/\/www.oidossucios.com\/site\/murio-tony-sly-cantante-de-no-use-for-a-name\/\"]}]},{\"@type\":[\"Person\"],\"@id\":\"https:\/\/www.oidossucios.com\/site\/#\/schema\/person\/24559eeb76bf83a63296fb072393a688\",\"name\":\"Oidossucios\",\"image\":{\"@type\":\"ImageObject\",\"@id\":\"https:\/\/www.oidossucios.com\/site\/#personlogo\",\"inLanguage\":\"es\",\"url\":\"https:\/\/secure.gravatar.com\/avatar\/74fcb480f42f1a33e50a0b6e6369a3f907be2e43dc84fa5f76c66e9c22b4a5ab?s=96&d=mm&r=g\",\"caption\":\"Oidossucios\"},\"sameAs\":[\"https:\/\/twitter.com\/oidossucios\"]}]}<\/script>\n<!-- \/ Yoast SEO plugin. -->","jetpack_sharing_enabled":true,"_links":{"self":[{"href":"https:\/\/www.oidossucios.com\/site\/wp-json\/wp\/v2\/posts\/5813","targetHints":{"allow":["GET"]}}],"collection":[{"href":"https:\/\/www.oidossucios.com\/site\/wp-json\/wp\/v2\/posts"}],"about":[{"href":"https:\/\/www.oidossucios.com\/site\/wp-json\/wp\/v2\/types\/post"}],"author":[{"embeddable":true,"href":"https:\/\/www.oidossucios.com\/site\/wp-json\/wp\/v2\/users\/4"}],"replies":[{"embeddable":true,"href":"https:\/\/www.oidossucios.com\/site\/wp-json\/wp\/v2\/comments?post=5813"}],"version-history":[{"count":0,"href":"https:\/\/www.oidossucios.com\/site\/wp-json\/wp\/v2\/posts\/5813\/revisions"}],"wp:featuredmedia":[{"embeddable":true,"href":"https:\/\/www.oidossucios.com\/site\/wp-json\/wp\/v2\/media\/100005813"}],"wp:attachment":[{"href":"https:\/\/www.oidossucios.com\/site\/wp-json\/wp\/v2\/media?parent=5813"}],"wp:term":[{"taxonomy":"category","embeddable":true,"href":"https:\/\/www.oidossucios.com\/site\/wp-json\/wp\/v2\/categories?post=5813"},{"taxonomy":"post_tag","embeddable":true,"href":"https:\/\/www.oidossucios.com\/site\/wp-json\/wp\/v2\/tags?post=5813"}],"curies":[{"name":"wp","href":"https:\/\/api.w.org\/{rel}","templated":true}]}}