{"id":5819,"date":"2012-08-02T17:09:00","date_gmt":"2012-08-02T17:09:00","guid":{"rendered":"https:\/\/www.oidossucios.com\/site\/2012\/08\/02\/escucha-una-cancion-del-nuevo-disco-de-bob-dylan\/"},"modified":"2012-08-02T17:09:00","modified_gmt":"2012-08-02T17:09:00","slug":"escucha-una-cancion-del-nuevo-disco-de-bob-dylan","status":"publish","type":"post","link":"https:\/\/www.oidossucios.com\/site\/escucha-una-cancion-del-nuevo-disco-de-bob-dylan\/","title":{"rendered":"Escucha una canci\u00f3n del nuevo disco de Bob Dylan"},"content":{"rendered":"\n<p>Hoy el legendario Bob Dylan, public\u00f3 el tema, &#8220;Early Roman Kings&#8221;, primer avance de su trig\u00e9simo quinto \u00e1lbum de estudio, <i>Tempest<\/i>.<\/p>\n<p>El sencillo fue presentado en el primer tr\u00e1iler de la nueva temporada de la serie brit\u00e1nica, <i>Strike Back<\/i>, que iniciar\u00e1 el viernes 17 de agosto, mismo d\u00eda que se presentar\u00e1 otro nuevo tema de Dylan, &#8220;Scarlet Town&#8221;, el cual aparecer\u00e1 en los cr\u00e9ditos finales del programa de televisi\u00f3n.<\/p>\n<p><object id=\"flashObj\" width=\"480\" height=\"270\" classid=\"clsid:D27CDB6E-AE6D-11cf-96B8-444553540000\" codebase=\"http:\/\/download.macromedia.com\/pub\/shockwave\/cabs\/flash\/swflash.cab#version=9,0,47,0\"><param name=\"movie\" value=\"http:\/\/c.brightcove.com\/services\/viewer\/federated_f9?isVid=1&#038;isUI=1\"><\/param><param name=\"bgcolor\" value=\"#FFFFFF\"><\/param><param name=\"flashVars\" value=\"videoId=1766434448001&#038;linkBaseURL=http%3A%2F%2Fwww.cinemax.com%2Fstrike-back%2Fvideo%2F%3Fbctid%3D1766434448001&#038;playerID=1044344851001&#038;playerKey=AQ~~,AAAA8fsyzak~,p3bRk_E5rVUn9KBir8ZZdyLpDkWd8uPB&#038;domain=embed&#038;dynamicStreaming=true\"><\/param><param name=\"base\" value=\"http:\/\/admin.brightcove.com\"><\/param><param name=\"seamlesstabbing\" value=\"false\"><\/param><param name=\"allowFullScreen\" value=\"true\"><\/param><param name=\"swLiveConnect\" value=\"true\"><\/param><param name=\"allowScriptAccess\" value=\"always\"><\/param><\/object><\/p>\n<p>Fuente: www.warp.la<\/p>\n","protected":false},"excerpt":{"rendered":"<p>Hoy el legendario Bob Dylan, public\u00f3 el tema, &#8220;Early Roman Kings&#8221;, primer avance de su trig\u00e9simo quinto \u00e1lbum de estudio, Tempest. El sencillo fue presentado en el primer tr\u00e1iler de la nueva temporada de la serie brit\u00e1nica, Strike Back, que iniciar\u00e1 el viernes 17 de agosto, mismo d\u00eda que se presentar\u00e1 otro nuevo tema de [&hellip;]<\/p>\n","protected":false},"author":4,"featured_media":100005819,"comment_status":"open","ping_status":"open","sticky":false,"template":"","format":"standard","meta":{"_jetpack_memberships_contains_paid_content":false,"footnotes":""},"categories":[142],"tags":[],"class_list":["post-5819","post","type-post","status-publish","format-standard","has-post-thumbnail","hentry","category-buzznews"],"jetpack_featured_media_url":"https:\/\/www.oidossucios.com\/site\/wp-content\/uploads\/2012\/08\/5819.jpg","yoast_head":"<!-- This site is optimized with the Yoast SEO plugin v14.0.4 - https:\/\/yoast.com\/wordpress\/plugins\/seo\/ -->\n<title>Escucha una canci\u00f3n del nuevo disco de Bob Dylan - OidosSucios.Com<\/title>\n<meta name=\"robots\" content=\"index, follow\" \/>\n<meta name=\"googlebot\" content=\"index, follow, max-snippet:-1, max-image-preview:large, max-video-preview:-1\" \/>\n<meta name=\"bingbot\" content=\"index, follow, max-snippet:-1, max-image-preview:large, max-video-preview:-1\" \/>\n<link rel=\"canonical\" href=\"https:\/\/www.oidossucios.com\/site\/escucha-una-cancion-del-nuevo-disco-de-bob-dylan\/\" \/>\n<meta property=\"og:locale\" content=\"es_ES\" \/>\n<meta property=\"og:type\" content=\"article\" \/>\n<meta property=\"og:title\" content=\"Escucha una canci\u00f3n del nuevo disco de Bob Dylan - OidosSucios.Com\" \/>\n<meta property=\"og:description\" content=\"Hoy el legendario Bob Dylan, public\u00f3 el tema, &#8220;Early Roman Kings&#8221;, primer avance de su trig\u00e9simo quinto \u00e1lbum de estudio, Tempest. El sencillo fue presentado en el primer tr\u00e1iler de la nueva temporada de la serie brit\u00e1nica, Strike Back, que iniciar\u00e1 el viernes 17 de agosto, mismo d\u00eda que se presentar\u00e1 otro nuevo tema de [&hellip;]\" \/>\n<meta property=\"og:url\" content=\"https:\/\/www.oidossucios.com\/site\/escucha-una-cancion-del-nuevo-disco-de-bob-dylan\/\" \/>\n<meta property=\"og:site_name\" content=\"OidosSucios.Com\" \/>\n<meta property=\"article:published_time\" content=\"2012-08-02T17:09:00+00:00\" \/>\n<meta property=\"og:image\" content=\"https:\/\/www.oidossucios.com\/site\/wp-content\/uploads\/2012\/08\/5819.jpg\" \/>\n\t<meta property=\"og:image:width\" content=\"350\" \/>\n\t<meta property=\"og:image:height\" content=\"300\" \/>\n<meta name=\"twitter:card\" content=\"summary_large_image\" \/>\n<meta name=\"twitter:creator\" content=\"@oidossucios\" \/>\n<script type=\"application\/ld+json\" class=\"yoast-schema-graph\">{\"@context\":\"https:\/\/schema.org\",\"@graph\":[{\"@type\":\"WebSite\",\"@id\":\"https:\/\/www.oidossucios.com\/site\/#website\",\"url\":\"https:\/\/www.oidossucios.com\/site\/\",\"name\":\"OidosSucios.Com\",\"description\":\"M\\u00fasica, conciertos, discos\",\"potentialAction\":[{\"@type\":\"SearchAction\",\"target\":\"https:\/\/www.oidossucios.com\/site\/?s={search_term_string}\",\"query-input\":\"required name=search_term_string\"}],\"inLanguage\":\"es\"},{\"@type\":\"ImageObject\",\"@id\":\"https:\/\/www.oidossucios.com\/site\/escucha-una-cancion-del-nuevo-disco-de-bob-dylan\/#primaryimage\",\"inLanguage\":\"es\",\"url\":\"https:\/\/www.oidossucios.com\/site\/wp-content\/uploads\/2012\/08\/5819.jpg\",\"width\":350,\"height\":300},{\"@type\":\"WebPage\",\"@id\":\"https:\/\/www.oidossucios.com\/site\/escucha-una-cancion-del-nuevo-disco-de-bob-dylan\/#webpage\",\"url\":\"https:\/\/www.oidossucios.com\/site\/escucha-una-cancion-del-nuevo-disco-de-bob-dylan\/\",\"name\":\"Escucha una canci\\u00f3n del nuevo disco de Bob Dylan - OidosSucios.Com\",\"isPartOf\":{\"@id\":\"https:\/\/www.oidossucios.com\/site\/#website\"},\"primaryImageOfPage\":{\"@id\":\"https:\/\/www.oidossucios.com\/site\/escucha-una-cancion-del-nuevo-disco-de-bob-dylan\/#primaryimage\"},\"datePublished\":\"2012-08-02T17:09:00+00:00\",\"dateModified\":\"2012-08-02T17:09:00+00:00\",\"author\":{\"@id\":\"https:\/\/www.oidossucios.com\/site\/#\/schema\/person\/24559eeb76bf83a63296fb072393a688\"},\"inLanguage\":\"es\",\"potentialAction\":[{\"@type\":\"ReadAction\",\"target\":[\"https:\/\/www.oidossucios.com\/site\/escucha-una-cancion-del-nuevo-disco-de-bob-dylan\/\"]}]},{\"@type\":[\"Person\"],\"@id\":\"https:\/\/www.oidossucios.com\/site\/#\/schema\/person\/24559eeb76bf83a63296fb072393a688\",\"name\":\"Oidossucios\",\"image\":{\"@type\":\"ImageObject\",\"@id\":\"https:\/\/www.oidossucios.com\/site\/#personlogo\",\"inLanguage\":\"es\",\"url\":\"https:\/\/secure.gravatar.com\/avatar\/74fcb480f42f1a33e50a0b6e6369a3f907be2e43dc84fa5f76c66e9c22b4a5ab?s=96&d=mm&r=g\",\"caption\":\"Oidossucios\"},\"sameAs\":[\"https:\/\/twitter.com\/oidossucios\"]}]}<\/script>\n<!-- \/ Yoast SEO plugin. -->","jetpack_sharing_enabled":true,"_links":{"self":[{"href":"https:\/\/www.oidossucios.com\/site\/wp-json\/wp\/v2\/posts\/5819","targetHints":{"allow":["GET"]}}],"collection":[{"href":"https:\/\/www.oidossucios.com\/site\/wp-json\/wp\/v2\/posts"}],"about":[{"href":"https:\/\/www.oidossucios.com\/site\/wp-json\/wp\/v2\/types\/post"}],"author":[{"embeddable":true,"href":"https:\/\/www.oidossucios.com\/site\/wp-json\/wp\/v2\/users\/4"}],"replies":[{"embeddable":true,"href":"https:\/\/www.oidossucios.com\/site\/wp-json\/wp\/v2\/comments?post=5819"}],"version-history":[{"count":0,"href":"https:\/\/www.oidossucios.com\/site\/wp-json\/wp\/v2\/posts\/5819\/revisions"}],"wp:featuredmedia":[{"embeddable":true,"href":"https:\/\/www.oidossucios.com\/site\/wp-json\/wp\/v2\/media\/100005819"}],"wp:attachment":[{"href":"https:\/\/www.oidossucios.com\/site\/wp-json\/wp\/v2\/media?parent=5819"}],"wp:term":[{"taxonomy":"category","embeddable":true,"href":"https:\/\/www.oidossucios.com\/site\/wp-json\/wp\/v2\/categories?post=5819"},{"taxonomy":"post_tag","embeddable":true,"href":"https:\/\/www.oidossucios.com\/site\/wp-json\/wp\/v2\/tags?post=5819"}],"curies":[{"name":"wp","href":"https:\/\/api.w.org\/{rel}","templated":true}]}}