{"id":5828,"date":"2012-08-03T17:52:00","date_gmt":"2012-08-03T17:52:00","guid":{"rendered":"https:\/\/www.oidossucios.com\/site\/2012\/08\/03\/travis-barker-si-se-va-de-gira-con-blink-182\/"},"modified":"2012-08-03T17:52:00","modified_gmt":"2012-08-03T17:52:00","slug":"travis-barker-si-se-va-de-gira-con-blink-182","status":"publish","type":"post","link":"https:\/\/www.oidossucios.com\/site\/travis-barker-si-se-va-de-gira-con-blink-182\/","title":{"rendered":"Travis Barker s\u00ed se va de gira con Blink 182"},"content":{"rendered":"\n<p>Despu\u00e9s de la probable ausencia del baterista, Travis Barker, en el tour por Australia con su banda Blink-182, hoy (3 de agosto), se confirm\u00f3 la participaci\u00f3n de Barker en el Soundwave Festival que se llevar\u00e1 a cabo en febrero del pr\u00f3ximo a\u00f1o, en Australia.<\/p>\n<p>Como informamos previamente,&nbsp;Barker&nbsp;revel\u00f3 que el tr\u00edo estar\u00eda de tour por dicho pa\u00eds, sin \u00e9l ya que se encontraba luchando contra su fobia a volar como consecuencia del accidente en avioneta que sufri\u00f3 en 2008 junto a DJ AM.<\/p>\n<p>Esta informaci\u00f3n fue revelada por el promotor del festival, AJ Maddah, a trav\u00e9s de su cuenta de Twitter en la que escribi\u00f3: &#8220;Mark + Tom + Travis\u0085 S\u00ed Travis &#8220;.<\/p>\n<p>Fuente: www.warp.la<\/p>\n","protected":false},"excerpt":{"rendered":"<p>Despu\u00e9s de la probable ausencia del baterista, Travis Barker, en el tour por Australia con su banda Blink-182, hoy (3 de agosto), se confirm\u00f3 la participaci\u00f3n de Barker en el Soundwave Festival que se llevar\u00e1 a cabo en febrero del pr\u00f3ximo a\u00f1o, en Australia. Como informamos previamente,&nbsp;Barker&nbsp;revel\u00f3 que el tr\u00edo estar\u00eda de tour por dicho [&hellip;]<\/p>\n","protected":false},"author":4,"featured_media":100005828,"comment_status":"open","ping_status":"open","sticky":false,"template":"","format":"standard","meta":{"_jetpack_memberships_contains_paid_content":false,"footnotes":""},"categories":[142],"tags":[],"class_list":["post-5828","post","type-post","status-publish","format-standard","has-post-thumbnail","hentry","category-buzznews"],"jetpack_featured_media_url":"https:\/\/www.oidossucios.com\/site\/wp-content\/uploads\/2012\/08\/5828.jpg","yoast_head":"<!-- This site is optimized with the Yoast SEO plugin v14.0.4 - https:\/\/yoast.com\/wordpress\/plugins\/seo\/ -->\n<title>Travis Barker s\u00ed se va de gira con Blink 182 - OidosSucios.Com<\/title>\n<meta name=\"robots\" content=\"index, follow\" \/>\n<meta name=\"googlebot\" content=\"index, follow, max-snippet:-1, max-image-preview:large, max-video-preview:-1\" \/>\n<meta name=\"bingbot\" content=\"index, follow, max-snippet:-1, max-image-preview:large, max-video-preview:-1\" \/>\n<link rel=\"canonical\" href=\"https:\/\/www.oidossucios.com\/site\/travis-barker-si-se-va-de-gira-con-blink-182\/\" \/>\n<meta property=\"og:locale\" content=\"es_ES\" \/>\n<meta property=\"og:type\" content=\"article\" \/>\n<meta property=\"og:title\" content=\"Travis Barker s\u00ed se va de gira con Blink 182 - OidosSucios.Com\" \/>\n<meta property=\"og:description\" content=\"Despu\u00e9s de la probable ausencia del baterista, Travis Barker, en el tour por Australia con su banda Blink-182, hoy (3 de agosto), se confirm\u00f3 la participaci\u00f3n de Barker en el Soundwave Festival que se llevar\u00e1 a cabo en febrero del pr\u00f3ximo a\u00f1o, en Australia. Como informamos previamente,&nbsp;Barker&nbsp;revel\u00f3 que el tr\u00edo estar\u00eda de tour por dicho [&hellip;]\" \/>\n<meta property=\"og:url\" content=\"https:\/\/www.oidossucios.com\/site\/travis-barker-si-se-va-de-gira-con-blink-182\/\" \/>\n<meta property=\"og:site_name\" content=\"OidosSucios.Com\" \/>\n<meta property=\"article:published_time\" content=\"2012-08-03T17:52:00+00:00\" \/>\n<meta property=\"og:image\" content=\"https:\/\/www.oidossucios.com\/site\/wp-content\/uploads\/2012\/08\/5828.jpg\" \/>\n\t<meta property=\"og:image:width\" content=\"350\" \/>\n\t<meta property=\"og:image:height\" content=\"300\" \/>\n<meta name=\"twitter:card\" content=\"summary_large_image\" \/>\n<meta name=\"twitter:creator\" content=\"@oidossucios\" \/>\n<script type=\"application\/ld+json\" class=\"yoast-schema-graph\">{\"@context\":\"https:\/\/schema.org\",\"@graph\":[{\"@type\":\"WebSite\",\"@id\":\"https:\/\/www.oidossucios.com\/site\/#website\",\"url\":\"https:\/\/www.oidossucios.com\/site\/\",\"name\":\"OidosSucios.Com\",\"description\":\"M\\u00fasica, conciertos, discos\",\"potentialAction\":[{\"@type\":\"SearchAction\",\"target\":\"https:\/\/www.oidossucios.com\/site\/?s={search_term_string}\",\"query-input\":\"required name=search_term_string\"}],\"inLanguage\":\"es\"},{\"@type\":\"ImageObject\",\"@id\":\"https:\/\/www.oidossucios.com\/site\/travis-barker-si-se-va-de-gira-con-blink-182\/#primaryimage\",\"inLanguage\":\"es\",\"url\":\"https:\/\/www.oidossucios.com\/site\/wp-content\/uploads\/2012\/08\/5828.jpg\",\"width\":350,\"height\":300},{\"@type\":\"WebPage\",\"@id\":\"https:\/\/www.oidossucios.com\/site\/travis-barker-si-se-va-de-gira-con-blink-182\/#webpage\",\"url\":\"https:\/\/www.oidossucios.com\/site\/travis-barker-si-se-va-de-gira-con-blink-182\/\",\"name\":\"Travis Barker s\\u00ed se va de gira con Blink 182 - OidosSucios.Com\",\"isPartOf\":{\"@id\":\"https:\/\/www.oidossucios.com\/site\/#website\"},\"primaryImageOfPage\":{\"@id\":\"https:\/\/www.oidossucios.com\/site\/travis-barker-si-se-va-de-gira-con-blink-182\/#primaryimage\"},\"datePublished\":\"2012-08-03T17:52:00+00:00\",\"dateModified\":\"2012-08-03T17:52:00+00:00\",\"author\":{\"@id\":\"https:\/\/www.oidossucios.com\/site\/#\/schema\/person\/24559eeb76bf83a63296fb072393a688\"},\"inLanguage\":\"es\",\"potentialAction\":[{\"@type\":\"ReadAction\",\"target\":[\"https:\/\/www.oidossucios.com\/site\/travis-barker-si-se-va-de-gira-con-blink-182\/\"]}]},{\"@type\":[\"Person\"],\"@id\":\"https:\/\/www.oidossucios.com\/site\/#\/schema\/person\/24559eeb76bf83a63296fb072393a688\",\"name\":\"Oidossucios\",\"image\":{\"@type\":\"ImageObject\",\"@id\":\"https:\/\/www.oidossucios.com\/site\/#personlogo\",\"inLanguage\":\"es\",\"url\":\"https:\/\/secure.gravatar.com\/avatar\/74fcb480f42f1a33e50a0b6e6369a3f907be2e43dc84fa5f76c66e9c22b4a5ab?s=96&d=mm&r=g\",\"caption\":\"Oidossucios\"},\"sameAs\":[\"https:\/\/twitter.com\/oidossucios\"]}]}<\/script>\n<!-- \/ Yoast SEO plugin. -->","jetpack_sharing_enabled":true,"_links":{"self":[{"href":"https:\/\/www.oidossucios.com\/site\/wp-json\/wp\/v2\/posts\/5828","targetHints":{"allow":["GET"]}}],"collection":[{"href":"https:\/\/www.oidossucios.com\/site\/wp-json\/wp\/v2\/posts"}],"about":[{"href":"https:\/\/www.oidossucios.com\/site\/wp-json\/wp\/v2\/types\/post"}],"author":[{"embeddable":true,"href":"https:\/\/www.oidossucios.com\/site\/wp-json\/wp\/v2\/users\/4"}],"replies":[{"embeddable":true,"href":"https:\/\/www.oidossucios.com\/site\/wp-json\/wp\/v2\/comments?post=5828"}],"version-history":[{"count":0,"href":"https:\/\/www.oidossucios.com\/site\/wp-json\/wp\/v2\/posts\/5828\/revisions"}],"wp:featuredmedia":[{"embeddable":true,"href":"https:\/\/www.oidossucios.com\/site\/wp-json\/wp\/v2\/media\/100005828"}],"wp:attachment":[{"href":"https:\/\/www.oidossucios.com\/site\/wp-json\/wp\/v2\/media?parent=5828"}],"wp:term":[{"taxonomy":"category","embeddable":true,"href":"https:\/\/www.oidossucios.com\/site\/wp-json\/wp\/v2\/categories?post=5828"},{"taxonomy":"post_tag","embeddable":true,"href":"https:\/\/www.oidossucios.com\/site\/wp-json\/wp\/v2\/tags?post=5828"}],"curies":[{"name":"wp","href":"https:\/\/api.w.org\/{rel}","templated":true}]}}