{"id":5923,"date":"1996-01-01T00:00:00","date_gmt":"1996-01-01T00:00:00","guid":{"rendered":"https:\/\/www.oidossucios.com\/site\/1996\/01\/01\/escucha-un-adelanto-de-scarlet-town-nuevo-tema-de-bob-dylan\/"},"modified":"1996-01-01T00:00:00","modified_gmt":"1996-01-01T00:00:00","slug":"escucha-un-adelanto-de-scarlet-town-nuevo-tema-de-bob-dylan","status":"publish","type":"post","link":"https:\/\/www.oidossucios.com\/site\/escucha-un-adelanto-de-scarlet-town-nuevo-tema-de-bob-dylan\/","title":{"rendered":"Escucha un adelanto de &#8220;Scarlet Town&#8221;, nuevo tema de Bob Dylan"},"content":{"rendered":"<p>Por <\/p>\n","protected":false},"excerpt":{"rendered":"<p>Una nueva canci\u00f3n de Bob Dylan ha sido estrenada. El tema se llama &#8220;Scarlet Town&#8221; y forma parte de &#8220;Tempest&#8221;, nuevo \u00e1lbum de Dylan que ser\u00e1 lanzado el 11 de septiembre, a trav\u00e9s de Columbia Records.<\/p>\n","protected":false},"author":4,"featured_media":0,"comment_status":"open","ping_status":"open","sticky":false,"template":"","format":"standard","meta":{"_jetpack_memberships_contains_paid_content":false,"footnotes":""},"categories":[703],"tags":[],"class_list":["post-5923","post","type-post","status-publish","format-standard","hentry","category-videos"],"jetpack_featured_media_url":"","yoast_head":"<!-- This site is optimized with the Yoast SEO plugin v14.0.4 - https:\/\/yoast.com\/wordpress\/plugins\/seo\/ -->\n<title>Escucha un adelanto de &quot;Scarlet Town&quot;, nuevo tema de Bob Dylan - OidosSucios.Com<\/title>\n<meta name=\"description\" content=\"Una nueva canci\u00f3n de Bob Dylan ha sido estrenada. El tema se llama &quot;Scarlet Town&quot; y forma parte de &quot;Tempest&quot;, nuevo \u00e1lbum de Dylan que ser\u00e1 lanzado el 11 de septiembre, a trav\u00e9s de Columbia Records.\" \/>\n<meta name=\"robots\" content=\"index, follow\" \/>\n<meta name=\"googlebot\" content=\"index, follow, max-snippet:-1, max-image-preview:large, max-video-preview:-1\" \/>\n<meta name=\"bingbot\" content=\"index, follow, max-snippet:-1, max-image-preview:large, max-video-preview:-1\" \/>\n<link rel=\"canonical\" href=\"https:\/\/www.oidossucios.com\/site\/escucha-un-adelanto-de-scarlet-town-nuevo-tema-de-bob-dylan\/\" \/>\n<meta property=\"og:locale\" content=\"es_ES\" \/>\n<meta property=\"og:type\" content=\"article\" \/>\n<meta property=\"og:title\" content=\"Escucha un adelanto de &quot;Scarlet Town&quot;, nuevo tema de Bob Dylan - OidosSucios.Com\" \/>\n<meta property=\"og:description\" content=\"Una nueva canci\u00f3n de Bob Dylan ha sido estrenada. El tema se llama &quot;Scarlet Town&quot; y forma parte de &quot;Tempest&quot;, nuevo \u00e1lbum de Dylan que ser\u00e1 lanzado el 11 de septiembre, a trav\u00e9s de Columbia Records.\" \/>\n<meta property=\"og:url\" content=\"https:\/\/www.oidossucios.com\/site\/escucha-un-adelanto-de-scarlet-town-nuevo-tema-de-bob-dylan\/\" \/>\n<meta property=\"og:site_name\" content=\"OidosSucios.Com\" \/>\n<meta property=\"article:published_time\" content=\"1996-01-01T00:00:00+00:00\" \/>\n<meta name=\"twitter:card\" content=\"summary_large_image\" \/>\n<meta name=\"twitter:creator\" content=\"@oidossucios\" \/>\n<script type=\"application\/ld+json\" class=\"yoast-schema-graph\">{\"@context\":\"https:\/\/schema.org\",\"@graph\":[{\"@type\":\"WebSite\",\"@id\":\"https:\/\/www.oidossucios.com\/site\/#website\",\"url\":\"https:\/\/www.oidossucios.com\/site\/\",\"name\":\"OidosSucios.Com\",\"description\":\"M\\u00fasica, conciertos, discos\",\"potentialAction\":[{\"@type\":\"SearchAction\",\"target\":\"https:\/\/www.oidossucios.com\/site\/?s={search_term_string}\",\"query-input\":\"required name=search_term_string\"}],\"inLanguage\":\"es\"},{\"@type\":\"WebPage\",\"@id\":\"https:\/\/www.oidossucios.com\/site\/escucha-un-adelanto-de-scarlet-town-nuevo-tema-de-bob-dylan\/#webpage\",\"url\":\"https:\/\/www.oidossucios.com\/site\/escucha-un-adelanto-de-scarlet-town-nuevo-tema-de-bob-dylan\/\",\"name\":\"Escucha un adelanto de \\\"Scarlet Town\\\", nuevo tema de Bob Dylan - OidosSucios.Com\",\"isPartOf\":{\"@id\":\"https:\/\/www.oidossucios.com\/site\/#website\"},\"datePublished\":\"1996-01-01T00:00:00+00:00\",\"dateModified\":\"1996-01-01T00:00:00+00:00\",\"author\":{\"@id\":\"https:\/\/www.oidossucios.com\/site\/#\/schema\/person\/24559eeb76bf83a63296fb072393a688\"},\"description\":\"Una nueva canci\\u00f3n de Bob Dylan ha sido estrenada. El tema se llama \\\"Scarlet Town\\\" y forma parte de \\\"Tempest\\\", nuevo \\u00e1lbum de Dylan que ser\\u00e1 lanzado el 11 de septiembre, a trav\\u00e9s de Columbia Records.\",\"inLanguage\":\"es\",\"potentialAction\":[{\"@type\":\"ReadAction\",\"target\":[\"https:\/\/www.oidossucios.com\/site\/escucha-un-adelanto-de-scarlet-town-nuevo-tema-de-bob-dylan\/\"]}]},{\"@type\":[\"Person\"],\"@id\":\"https:\/\/www.oidossucios.com\/site\/#\/schema\/person\/24559eeb76bf83a63296fb072393a688\",\"name\":\"Oidossucios\",\"image\":{\"@type\":\"ImageObject\",\"@id\":\"https:\/\/www.oidossucios.com\/site\/#personlogo\",\"inLanguage\":\"es\",\"url\":\"https:\/\/secure.gravatar.com\/avatar\/74fcb480f42f1a33e50a0b6e6369a3f907be2e43dc84fa5f76c66e9c22b4a5ab?s=96&d=mm&r=g\",\"caption\":\"Oidossucios\"},\"sameAs\":[\"https:\/\/twitter.com\/oidossucios\"]}]}<\/script>\n<!-- \/ Yoast SEO plugin. -->","jetpack_sharing_enabled":true,"_links":{"self":[{"href":"https:\/\/www.oidossucios.com\/site\/wp-json\/wp\/v2\/posts\/5923","targetHints":{"allow":["GET"]}}],"collection":[{"href":"https:\/\/www.oidossucios.com\/site\/wp-json\/wp\/v2\/posts"}],"about":[{"href":"https:\/\/www.oidossucios.com\/site\/wp-json\/wp\/v2\/types\/post"}],"author":[{"embeddable":true,"href":"https:\/\/www.oidossucios.com\/site\/wp-json\/wp\/v2\/users\/4"}],"replies":[{"embeddable":true,"href":"https:\/\/www.oidossucios.com\/site\/wp-json\/wp\/v2\/comments?post=5923"}],"version-history":[{"count":0,"href":"https:\/\/www.oidossucios.com\/site\/wp-json\/wp\/v2\/posts\/5923\/revisions"}],"wp:attachment":[{"href":"https:\/\/www.oidossucios.com\/site\/wp-json\/wp\/v2\/media?parent=5923"}],"wp:term":[{"taxonomy":"category","embeddable":true,"href":"https:\/\/www.oidossucios.com\/site\/wp-json\/wp\/v2\/categories?post=5923"},{"taxonomy":"post_tag","embeddable":true,"href":"https:\/\/www.oidossucios.com\/site\/wp-json\/wp\/v2\/tags?post=5923"}],"curies":[{"name":"wp","href":"https:\/\/api.w.org\/{rel}","templated":true}]}}