{"id":597,"date":"2002-05-15T19:32:00","date_gmt":"2002-05-15T19:32:00","guid":{"rendered":"https:\/\/www.oidossucios.com\/site\/2002\/05\/15\/agresion-tocara-en-el-ozzfest\/"},"modified":"2002-05-15T19:32:00","modified_gmt":"2002-05-15T19:32:00","slug":"agresion-tocara-en-el-ozzfest","status":"publish","type":"post","link":"https:\/\/www.oidossucios.com\/site\/agresion-tocara-en-el-ozzfest\/","title":{"rendered":"Agresi\u00f3n tocar\u00e1 en el Ozzfest"},"content":{"rendered":"<p>Luego de contabilizados los votos de los fan\u00e1ticos que eligieron a las bandas locales que quer\u00edan que tocar\u00e1n en la etapa holandesa del Ozzfest, Agresi\u00f3n, la banda de venezolanos radicados en ese pa\u00eds qued\u00f3 de primer lugar, lo que le permiti\u00f3 el acceso a participar en el festival.<\/p>\n<p>Agresi\u00f3n, Callenish Circle, Dimension Seven, Outburst, Smogus y Wicked Mystic fueron las bandas elegidas por los visitants del sitio www.ozzfest.nl.<\/p>\n<p>La banda venezolana sigue cosechando triunfos en Europa y se convierte en la primera del pa\u00eds en participar en este festival. Agresi\u00f3n estar\u00e1 dando un show de 45 minutos a las 10pm del 1 de junio en Nijmegen, ciudad donde se llevar\u00e1 a cabo el evento. La agrupaci\u00f3n ser\u00e1 la encargada de cerrar el escenario de bandas holandesas, 45 minutos despu\u00e9s, en el escenario principal, Ozzy Ozbourne clausurar\u00e1 el espect\u00e1culo.<\/p>\n","protected":false},"excerpt":{"rendered":"<p>La banda venezolana radicada en Holanda finaliz\u00f3 de primera en la votaci\u00f3n de los fan\u00e1ticos que eligieron las bandas locales que quer\u00edan en el paso del tour por ese pa\u00eds. Agresi\u00f3n estar\u00e1 cerrando el tercer escenario.<\/p>\n","protected":false},"author":4,"featured_media":0,"comment_status":"open","ping_status":"open","sticky":false,"template":"","format":"standard","meta":{"_jetpack_memberships_contains_paid_content":false,"footnotes":""},"categories":[250],"tags":[],"class_list":["post-597","post","type-post","status-publish","format-standard","hentry","category-noticias"],"jetpack_featured_media_url":"","yoast_head":"<!-- This site is optimized with the Yoast SEO plugin v14.0.4 - https:\/\/yoast.com\/wordpress\/plugins\/seo\/ -->\n<title>Agresi\u00f3n tocar\u00e1 en el Ozzfest - OidosSucios.Com<\/title>\n<meta name=\"description\" content=\"El ciclo previo al Festival Nuevas Bandas comenzar\u00e1 el pr\u00f3ximo 6 de junio. De este circuito salen seleccionada gran parte de las bandas que finalmente concursar\u00e1n en el evento. Droppler, Hora Cero, Vagos y Maleantes, Guerrila Seca, Silfo, Los Paranoias, Le merm... y Liquet (en la foto) ser\u00e1n los participantes.\" \/>\n<meta name=\"robots\" content=\"index, follow\" \/>\n<meta name=\"googlebot\" content=\"index, follow, max-snippet:-1, max-image-preview:large, max-video-preview:-1\" \/>\n<meta name=\"bingbot\" content=\"index, follow, max-snippet:-1, max-image-preview:large, max-video-preview:-1\" \/>\n<link rel=\"canonical\" href=\"https:\/\/www.oidossucios.com\/site\/agresion-tocara-en-el-ozzfest\/\" \/>\n<meta property=\"og:locale\" content=\"es_ES\" \/>\n<meta property=\"og:type\" content=\"article\" \/>\n<meta property=\"og:title\" content=\"Agresi\u00f3n tocar\u00e1 en el Ozzfest - OidosSucios.Com\" \/>\n<meta property=\"og:description\" content=\"El ciclo previo al Festival Nuevas Bandas comenzar\u00e1 el pr\u00f3ximo 6 de junio. De este circuito salen seleccionada gran parte de las bandas que finalmente concursar\u00e1n en el evento. Droppler, Hora Cero, Vagos y Maleantes, Guerrila Seca, Silfo, Los Paranoias, Le merm... y Liquet (en la foto) ser\u00e1n los participantes.\" \/>\n<meta property=\"og:url\" content=\"https:\/\/www.oidossucios.com\/site\/agresion-tocara-en-el-ozzfest\/\" \/>\n<meta property=\"og:site_name\" content=\"OidosSucios.Com\" \/>\n<meta property=\"article:published_time\" content=\"2002-05-15T19:32:00+00:00\" \/>\n<meta name=\"twitter:card\" content=\"summary_large_image\" \/>\n<meta name=\"twitter:creator\" content=\"@oidossucios\" \/>\n<script type=\"application\/ld+json\" class=\"yoast-schema-graph\">{\"@context\":\"https:\/\/schema.org\",\"@graph\":[{\"@type\":\"WebSite\",\"@id\":\"https:\/\/www.oidossucios.com\/site\/#website\",\"url\":\"https:\/\/www.oidossucios.com\/site\/\",\"name\":\"OidosSucios.Com\",\"description\":\"M\\u00fasica, conciertos, discos\",\"potentialAction\":[{\"@type\":\"SearchAction\",\"target\":\"https:\/\/www.oidossucios.com\/site\/?s={search_term_string}\",\"query-input\":\"required name=search_term_string\"}],\"inLanguage\":\"es\"},{\"@type\":\"WebPage\",\"@id\":\"https:\/\/www.oidossucios.com\/site\/agresion-tocara-en-el-ozzfest\/#webpage\",\"url\":\"https:\/\/www.oidossucios.com\/site\/agresion-tocara-en-el-ozzfest\/\",\"name\":\"Agresi\\u00f3n tocar\\u00e1 en el Ozzfest - OidosSucios.Com\",\"isPartOf\":{\"@id\":\"https:\/\/www.oidossucios.com\/site\/#website\"},\"datePublished\":\"2002-05-15T19:32:00+00:00\",\"dateModified\":\"2002-05-15T19:32:00+00:00\",\"author\":{\"@id\":\"https:\/\/www.oidossucios.com\/site\/#\/schema\/person\/24559eeb76bf83a63296fb072393a688\"},\"description\":\"El ciclo previo al Festival Nuevas Bandas comenzar\\u00e1 el pr\\u00f3ximo 6 de junio. De este circuito salen seleccionada gran parte de las bandas que finalmente concursar\\u00e1n en el evento. Droppler, Hora Cero, Vagos y Maleantes, Guerrila Seca, Silfo, Los Paranoias, Le merm... y Liquet (en la foto) ser\\u00e1n los participantes.\",\"inLanguage\":\"es\",\"potentialAction\":[{\"@type\":\"ReadAction\",\"target\":[\"https:\/\/www.oidossucios.com\/site\/agresion-tocara-en-el-ozzfest\/\"]}]},{\"@type\":[\"Person\"],\"@id\":\"https:\/\/www.oidossucios.com\/site\/#\/schema\/person\/24559eeb76bf83a63296fb072393a688\",\"name\":\"Oidossucios\",\"image\":{\"@type\":\"ImageObject\",\"@id\":\"https:\/\/www.oidossucios.com\/site\/#personlogo\",\"inLanguage\":\"es\",\"url\":\"https:\/\/secure.gravatar.com\/avatar\/74fcb480f42f1a33e50a0b6e6369a3f907be2e43dc84fa5f76c66e9c22b4a5ab?s=96&d=mm&r=g\",\"caption\":\"Oidossucios\"},\"sameAs\":[\"https:\/\/twitter.com\/oidossucios\"]}]}<\/script>\n<!-- \/ Yoast SEO plugin. -->","jetpack_sharing_enabled":true,"_links":{"self":[{"href":"https:\/\/www.oidossucios.com\/site\/wp-json\/wp\/v2\/posts\/597","targetHints":{"allow":["GET"]}}],"collection":[{"href":"https:\/\/www.oidossucios.com\/site\/wp-json\/wp\/v2\/posts"}],"about":[{"href":"https:\/\/www.oidossucios.com\/site\/wp-json\/wp\/v2\/types\/post"}],"author":[{"embeddable":true,"href":"https:\/\/www.oidossucios.com\/site\/wp-json\/wp\/v2\/users\/4"}],"replies":[{"embeddable":true,"href":"https:\/\/www.oidossucios.com\/site\/wp-json\/wp\/v2\/comments?post=597"}],"version-history":[{"count":0,"href":"https:\/\/www.oidossucios.com\/site\/wp-json\/wp\/v2\/posts\/597\/revisions"}],"wp:attachment":[{"href":"https:\/\/www.oidossucios.com\/site\/wp-json\/wp\/v2\/media?parent=597"}],"wp:term":[{"taxonomy":"category","embeddable":true,"href":"https:\/\/www.oidossucios.com\/site\/wp-json\/wp\/v2\/categories?post=597"},{"taxonomy":"post_tag","embeddable":true,"href":"https:\/\/www.oidossucios.com\/site\/wp-json\/wp\/v2\/tags?post=597"}],"curies":[{"name":"wp","href":"https:\/\/api.w.org\/{rel}","templated":true}]}}