{"id":5970,"date":"2012-08-24T20:24:00","date_gmt":"2012-08-24T20:24:00","guid":{"rendered":"https:\/\/www.oidossucios.com\/site\/2012\/08\/24\/my-morning-jacket-john-mayer-y-mas-participaran-en-concierto-tributo-a-levon-helm\/"},"modified":"2012-08-24T20:24:00","modified_gmt":"2012-08-24T20:24:00","slug":"my-morning-jacket-john-mayer-y-mas-participaran-en-concierto-tributo-a-levon-helm","status":"publish","type":"post","link":"https:\/\/www.oidossucios.com\/site\/my-morning-jacket-john-mayer-y-mas-participaran-en-concierto-tributo-a-levon-helm\/","title":{"rendered":"My Morning Jacket, John Mayer y m\u00e1s participar\u00e1n en concierto tributo a Levon Helm"},"content":{"rendered":"<p><![endif]--><!--[if gte mso 10]> <\/style>\n\n <![endif]-->My Morning Jacket, John Hiatt, Gregg Allman, Mavis Staples, John Mayer entre otros m\u00fasicos formar\u00e1n parte del concierto tributo a Levon Helm, baterista de la legendaria agrupaci\u00f3n, The Band, que se ha titulado, <i>Love for Levon<\/i>, el cual se llevar\u00e1 a cabo el 3 de octubre en el Izod Center en East Rutherford, New Jersey.<\/p>\n<p>En dicho concierto tambi\u00e9n contar\u00e1 con las actuaciones de Dierks Bentley, Ray LaMontagne, Patty Griffin, Bruce Hornsby, Joe Walsh, Eric Church, Warren Haynes, Lucinda Williams, Robert Randolph, Marc Cohn, y The Levon Helm Band. Adem\u00e1s contar\u00e1 con invitados legendarios sorpresa que se revelar\u00e1n en los pr\u00f3ximos d\u00edas.<\/p>\n<p>Sandy y Amy Helm, esposa e hija del legendario m\u00fasico fallecido, comentaron al respecto: &#8220;Nos sentimos profundamente conmovidas de que tantos m\u00fasicos y amigos se re\u00fanan para celebrar su vida y m\u00fasica, ayudando a mantener vivos el esp\u00edritu de su m\u00fasica y visi\u00f3n en <i>Midnight Rambles<\/i>&#8220;.<\/p>\n<p>Y agregaron: &#8220;Queremos continuar honrando su legado musical que inspir\u00f3 y celebra la m\u00fasica y el legado americano&#8221;<\/p>\n<p>Como informamos Helm falleci\u00f3 el pasado mes de abril despu\u00e9s de una batalla contra el c\u00e1ncer.<\/p>\n<p>Fuente: www.warp.la<\/p>\n","protected":false},"excerpt":{"rendered":"<p>My Morning Jacket, John Hiatt, Gregg Allman, Mavis Staples, John Mayer entre otros m\u00fasicos formar\u00e1n parte del concierto tributo a Levon Helm, baterista de la legendaria agrupaci\u00f3n, The Band, que se ha titulado, Love for Levon, el cual se llevar\u00e1 a cabo el 3 de octubre en el Izod Center en East Rutherford, New Jersey. [&hellip;]<\/p>\n","protected":false},"author":4,"featured_media":100005970,"comment_status":"open","ping_status":"open","sticky":false,"template":"","format":"standard","meta":{"_jetpack_memberships_contains_paid_content":false,"footnotes":""},"categories":[142],"tags":[],"class_list":["post-5970","post","type-post","status-publish","format-standard","has-post-thumbnail","hentry","category-buzznews"],"jetpack_featured_media_url":"https:\/\/www.oidossucios.com\/site\/wp-content\/uploads\/2012\/08\/5970.jpg","yoast_head":"<!-- This site is optimized with the Yoast SEO plugin v14.0.4 - https:\/\/yoast.com\/wordpress\/plugins\/seo\/ -->\n<title>My Morning Jacket, John Mayer y m\u00e1s participar\u00e1n en concierto tributo a Levon Helm - OidosSucios.Com<\/title>\n<meta name=\"robots\" content=\"index, follow\" \/>\n<meta name=\"googlebot\" content=\"index, follow, max-snippet:-1, max-image-preview:large, max-video-preview:-1\" \/>\n<meta name=\"bingbot\" content=\"index, follow, max-snippet:-1, max-image-preview:large, max-video-preview:-1\" \/>\n<link rel=\"canonical\" href=\"https:\/\/www.oidossucios.com\/site\/my-morning-jacket-john-mayer-y-mas-participaran-en-concierto-tributo-a-levon-helm\/\" \/>\n<meta property=\"og:locale\" content=\"es_ES\" \/>\n<meta property=\"og:type\" content=\"article\" \/>\n<meta property=\"og:title\" content=\"My Morning Jacket, John Mayer y m\u00e1s participar\u00e1n en concierto tributo a Levon Helm - OidosSucios.Com\" \/>\n<meta property=\"og:description\" content=\"My Morning Jacket, John Hiatt, Gregg Allman, Mavis Staples, John Mayer entre otros m\u00fasicos formar\u00e1n parte del concierto tributo a Levon Helm, baterista de la legendaria agrupaci\u00f3n, The Band, que se ha titulado, Love for Levon, el cual se llevar\u00e1 a cabo el 3 de octubre en el Izod Center en East Rutherford, New Jersey. [&hellip;]\" \/>\n<meta property=\"og:url\" content=\"https:\/\/www.oidossucios.com\/site\/my-morning-jacket-john-mayer-y-mas-participaran-en-concierto-tributo-a-levon-helm\/\" \/>\n<meta property=\"og:site_name\" content=\"OidosSucios.Com\" \/>\n<meta property=\"article:published_time\" content=\"2012-08-24T20:24:00+00:00\" \/>\n<meta property=\"og:image\" content=\"https:\/\/www.oidossucios.com\/site\/wp-content\/uploads\/2012\/08\/5970.jpg\" \/>\n\t<meta property=\"og:image:width\" content=\"350\" \/>\n\t<meta property=\"og:image:height\" content=\"300\" \/>\n<meta name=\"twitter:card\" content=\"summary_large_image\" \/>\n<meta name=\"twitter:creator\" content=\"@oidossucios\" \/>\n<script type=\"application\/ld+json\" class=\"yoast-schema-graph\">{\"@context\":\"https:\/\/schema.org\",\"@graph\":[{\"@type\":\"WebSite\",\"@id\":\"https:\/\/www.oidossucios.com\/site\/#website\",\"url\":\"https:\/\/www.oidossucios.com\/site\/\",\"name\":\"OidosSucios.Com\",\"description\":\"M\\u00fasica, conciertos, discos\",\"potentialAction\":[{\"@type\":\"SearchAction\",\"target\":\"https:\/\/www.oidossucios.com\/site\/?s={search_term_string}\",\"query-input\":\"required name=search_term_string\"}],\"inLanguage\":\"es\"},{\"@type\":\"ImageObject\",\"@id\":\"https:\/\/www.oidossucios.com\/site\/my-morning-jacket-john-mayer-y-mas-participaran-en-concierto-tributo-a-levon-helm\/#primaryimage\",\"inLanguage\":\"es\",\"url\":\"https:\/\/www.oidossucios.com\/site\/wp-content\/uploads\/2012\/08\/5970.jpg\",\"width\":350,\"height\":300},{\"@type\":\"WebPage\",\"@id\":\"https:\/\/www.oidossucios.com\/site\/my-morning-jacket-john-mayer-y-mas-participaran-en-concierto-tributo-a-levon-helm\/#webpage\",\"url\":\"https:\/\/www.oidossucios.com\/site\/my-morning-jacket-john-mayer-y-mas-participaran-en-concierto-tributo-a-levon-helm\/\",\"name\":\"My Morning Jacket, John Mayer y m\\u00e1s participar\\u00e1n en concierto tributo a Levon Helm - OidosSucios.Com\",\"isPartOf\":{\"@id\":\"https:\/\/www.oidossucios.com\/site\/#website\"},\"primaryImageOfPage\":{\"@id\":\"https:\/\/www.oidossucios.com\/site\/my-morning-jacket-john-mayer-y-mas-participaran-en-concierto-tributo-a-levon-helm\/#primaryimage\"},\"datePublished\":\"2012-08-24T20:24:00+00:00\",\"dateModified\":\"2012-08-24T20:24:00+00:00\",\"author\":{\"@id\":\"https:\/\/www.oidossucios.com\/site\/#\/schema\/person\/24559eeb76bf83a63296fb072393a688\"},\"inLanguage\":\"es\",\"potentialAction\":[{\"@type\":\"ReadAction\",\"target\":[\"https:\/\/www.oidossucios.com\/site\/my-morning-jacket-john-mayer-y-mas-participaran-en-concierto-tributo-a-levon-helm\/\"]}]},{\"@type\":[\"Person\"],\"@id\":\"https:\/\/www.oidossucios.com\/site\/#\/schema\/person\/24559eeb76bf83a63296fb072393a688\",\"name\":\"Oidossucios\",\"image\":{\"@type\":\"ImageObject\",\"@id\":\"https:\/\/www.oidossucios.com\/site\/#personlogo\",\"inLanguage\":\"es\",\"url\":\"https:\/\/secure.gravatar.com\/avatar\/74fcb480f42f1a33e50a0b6e6369a3f907be2e43dc84fa5f76c66e9c22b4a5ab?s=96&d=mm&r=g\",\"caption\":\"Oidossucios\"},\"sameAs\":[\"https:\/\/twitter.com\/oidossucios\"]}]}<\/script>\n<!-- \/ Yoast SEO plugin. -->","jetpack_sharing_enabled":true,"_links":{"self":[{"href":"https:\/\/www.oidossucios.com\/site\/wp-json\/wp\/v2\/posts\/5970","targetHints":{"allow":["GET"]}}],"collection":[{"href":"https:\/\/www.oidossucios.com\/site\/wp-json\/wp\/v2\/posts"}],"about":[{"href":"https:\/\/www.oidossucios.com\/site\/wp-json\/wp\/v2\/types\/post"}],"author":[{"embeddable":true,"href":"https:\/\/www.oidossucios.com\/site\/wp-json\/wp\/v2\/users\/4"}],"replies":[{"embeddable":true,"href":"https:\/\/www.oidossucios.com\/site\/wp-json\/wp\/v2\/comments?post=5970"}],"version-history":[{"count":0,"href":"https:\/\/www.oidossucios.com\/site\/wp-json\/wp\/v2\/posts\/5970\/revisions"}],"wp:featuredmedia":[{"embeddable":true,"href":"https:\/\/www.oidossucios.com\/site\/wp-json\/wp\/v2\/media\/100005970"}],"wp:attachment":[{"href":"https:\/\/www.oidossucios.com\/site\/wp-json\/wp\/v2\/media?parent=5970"}],"wp:term":[{"taxonomy":"category","embeddable":true,"href":"https:\/\/www.oidossucios.com\/site\/wp-json\/wp\/v2\/categories?post=5970"},{"taxonomy":"post_tag","embeddable":true,"href":"https:\/\/www.oidossucios.com\/site\/wp-json\/wp\/v2\/tags?post=5970"}],"curies":[{"name":"wp","href":"https:\/\/api.w.org\/{rel}","templated":true}]}}