{"id":5984,"date":"2012-08-28T17:43:00","date_gmt":"2012-08-28T17:43:00","guid":{"rendered":"https:\/\/www.oidossucios.com\/site\/2012\/08\/28\/brian-johnson-de-ac-dc-tendra-su-programa-de-radio\/"},"modified":"2012-08-28T17:43:00","modified_gmt":"2012-08-28T17:43:00","slug":"brian-johnson-de-ac-dc-tendra-su-programa-de-radio","status":"publish","type":"post","link":"https:\/\/www.oidossucios.com\/site\/brian-johnson-de-ac-dc-tendra-su-programa-de-radio\/","title":{"rendered":"Brian Johnson de AC\/DC, tendr\u00e1 su programa de radio"},"content":{"rendered":"<p><![endif]--><!--[if gte mso 10]> <\/style>\n\n <![endif]-->El l\u00edder de&nbsp;AC\/DC, Brian Johnson, tiene su propio programa de radio titulado&nbsp;<i>Brian Johnson\u00b4s Rockers and Rollers<\/i>. <\/p>\n<p>En este programa que se transmitir\u00e1 a trav\u00e9s de la&nbsp;BBC Radio 2&nbsp;durante seis semanas, Johnson presentar\u00e1 una selecci\u00f3n de su m\u00fasica favorita y aprovechar\u00e1 para hablar de otra de sus grandes pasiones, los autos. <\/p>\n<p>&#8220;Cualquiera piensa que hacer radio es s\u00f3lo sentarse, ponerse un micr\u00f3fono en frente y hablar, pero no es tan f\u00e1cil,&#8221; coment\u00f3 al respecto&nbsp;Brian Johnson. &#8220;Me siento en este estudio con un enorme micr\u00f3fono negro frente a ustedes sin una idea. Afortunadamente&nbsp;Ben Jones&nbsp;y&nbsp;Dan Cocker&nbsp;me ayudan. Tengo que agradecerle a esos dos.&#8221; <\/p>\n<p>Sobre el contenido del programa,&nbsp;Brian Johnson&nbsp;coment\u00f3 que &#8220;mi memoria es terrible, pero los autos siempre me ayudan a recordar cosas. Si alguien pregunta &#8220;\u00bfcu\u00e1l es el nombre de la chica con la que sal\u00edas cuando ten\u00edas 19?&#8221; no puedes recordar, pero recuerdas haber tenido un Mini Cooper.&#8221; <\/p>\n<p>El programa de&nbsp;Brian Johnson,&nbsp;<i>Brian Johnson\u00b4s Rockers and Rollers<\/i>&nbsp;se transmitir\u00e1 este martes a trav\u00e9s de la&nbsp;<a target=\"_blank\" href=\"http:\/\/www.bbc.co.uk\/radio2\/\" rel=\"noopener noreferrer\">BBC Radio 2.<\/a><\/p>\n<p>Fuente: www.rollingstone.com.mx<\/p>\n","protected":false},"excerpt":{"rendered":"<p>El l\u00edder de&nbsp;AC\/DC, Brian Johnson, tiene su propio programa de radio titulado&nbsp;Brian Johnson\u00b4s Rockers and Rollers. En este programa que se transmitir\u00e1 a trav\u00e9s de la&nbsp;BBC Radio 2&nbsp;durante seis semanas, Johnson presentar\u00e1 una selecci\u00f3n de su m\u00fasica favorita y aprovechar\u00e1 para hablar de otra de sus grandes pasiones, los autos. &#8220;Cualquiera piensa que hacer radio [&hellip;]<\/p>\n","protected":false},"author":4,"featured_media":100005984,"comment_status":"open","ping_status":"open","sticky":false,"template":"","format":"standard","meta":{"_jetpack_memberships_contains_paid_content":false,"footnotes":""},"categories":[142],"tags":[],"class_list":["post-5984","post","type-post","status-publish","format-standard","has-post-thumbnail","hentry","category-buzznews"],"jetpack_featured_media_url":"https:\/\/www.oidossucios.com\/site\/wp-content\/uploads\/2012\/08\/5984.jpg","yoast_head":"<!-- This site is optimized with the Yoast SEO plugin v14.0.4 - https:\/\/yoast.com\/wordpress\/plugins\/seo\/ -->\n<title>Brian Johnson de AC\/DC, tendr\u00e1 su programa de radio - OidosSucios.Com<\/title>\n<meta name=\"robots\" content=\"index, follow\" \/>\n<meta name=\"googlebot\" content=\"index, follow, max-snippet:-1, max-image-preview:large, max-video-preview:-1\" \/>\n<meta name=\"bingbot\" content=\"index, follow, max-snippet:-1, max-image-preview:large, max-video-preview:-1\" \/>\n<link rel=\"canonical\" href=\"https:\/\/www.oidossucios.com\/site\/brian-johnson-de-ac-dc-tendra-su-programa-de-radio\/\" \/>\n<meta property=\"og:locale\" content=\"es_ES\" \/>\n<meta property=\"og:type\" content=\"article\" \/>\n<meta property=\"og:title\" content=\"Brian Johnson de AC\/DC, tendr\u00e1 su programa de radio - OidosSucios.Com\" \/>\n<meta property=\"og:description\" content=\"El l\u00edder de&nbsp;AC\/DC, Brian Johnson, tiene su propio programa de radio titulado&nbsp;Brian Johnson\u00b4s Rockers and Rollers. En este programa que se transmitir\u00e1 a trav\u00e9s de la&nbsp;BBC Radio 2&nbsp;durante seis semanas, Johnson presentar\u00e1 una selecci\u00f3n de su m\u00fasica favorita y aprovechar\u00e1 para hablar de otra de sus grandes pasiones, los autos. &#8220;Cualquiera piensa que hacer radio [&hellip;]\" \/>\n<meta property=\"og:url\" content=\"https:\/\/www.oidossucios.com\/site\/brian-johnson-de-ac-dc-tendra-su-programa-de-radio\/\" \/>\n<meta property=\"og:site_name\" content=\"OidosSucios.Com\" \/>\n<meta property=\"article:published_time\" content=\"2012-08-28T17:43:00+00:00\" \/>\n<meta property=\"og:image\" content=\"https:\/\/www.oidossucios.com\/site\/wp-content\/uploads\/2012\/08\/5984.jpg\" \/>\n\t<meta property=\"og:image:width\" content=\"350\" \/>\n\t<meta property=\"og:image:height\" content=\"300\" \/>\n<meta name=\"twitter:card\" content=\"summary_large_image\" \/>\n<meta name=\"twitter:creator\" content=\"@oidossucios\" \/>\n<script type=\"application\/ld+json\" class=\"yoast-schema-graph\">{\"@context\":\"https:\/\/schema.org\",\"@graph\":[{\"@type\":\"WebSite\",\"@id\":\"https:\/\/www.oidossucios.com\/site\/#website\",\"url\":\"https:\/\/www.oidossucios.com\/site\/\",\"name\":\"OidosSucios.Com\",\"description\":\"M\\u00fasica, conciertos, discos\",\"potentialAction\":[{\"@type\":\"SearchAction\",\"target\":\"https:\/\/www.oidossucios.com\/site\/?s={search_term_string}\",\"query-input\":\"required name=search_term_string\"}],\"inLanguage\":\"es\"},{\"@type\":\"ImageObject\",\"@id\":\"https:\/\/www.oidossucios.com\/site\/brian-johnson-de-ac-dc-tendra-su-programa-de-radio\/#primaryimage\",\"inLanguage\":\"es\",\"url\":\"https:\/\/www.oidossucios.com\/site\/wp-content\/uploads\/2012\/08\/5984.jpg\",\"width\":350,\"height\":300},{\"@type\":\"WebPage\",\"@id\":\"https:\/\/www.oidossucios.com\/site\/brian-johnson-de-ac-dc-tendra-su-programa-de-radio\/#webpage\",\"url\":\"https:\/\/www.oidossucios.com\/site\/brian-johnson-de-ac-dc-tendra-su-programa-de-radio\/\",\"name\":\"Brian Johnson de AC\/DC, tendr\\u00e1 su programa de radio - OidosSucios.Com\",\"isPartOf\":{\"@id\":\"https:\/\/www.oidossucios.com\/site\/#website\"},\"primaryImageOfPage\":{\"@id\":\"https:\/\/www.oidossucios.com\/site\/brian-johnson-de-ac-dc-tendra-su-programa-de-radio\/#primaryimage\"},\"datePublished\":\"2012-08-28T17:43:00+00:00\",\"dateModified\":\"2012-08-28T17:43:00+00:00\",\"author\":{\"@id\":\"https:\/\/www.oidossucios.com\/site\/#\/schema\/person\/24559eeb76bf83a63296fb072393a688\"},\"inLanguage\":\"es\",\"potentialAction\":[{\"@type\":\"ReadAction\",\"target\":[\"https:\/\/www.oidossucios.com\/site\/brian-johnson-de-ac-dc-tendra-su-programa-de-radio\/\"]}]},{\"@type\":[\"Person\"],\"@id\":\"https:\/\/www.oidossucios.com\/site\/#\/schema\/person\/24559eeb76bf83a63296fb072393a688\",\"name\":\"Oidossucios\",\"image\":{\"@type\":\"ImageObject\",\"@id\":\"https:\/\/www.oidossucios.com\/site\/#personlogo\",\"inLanguage\":\"es\",\"url\":\"https:\/\/secure.gravatar.com\/avatar\/74fcb480f42f1a33e50a0b6e6369a3f907be2e43dc84fa5f76c66e9c22b4a5ab?s=96&d=mm&r=g\",\"caption\":\"Oidossucios\"},\"sameAs\":[\"https:\/\/twitter.com\/oidossucios\"]}]}<\/script>\n<!-- \/ Yoast SEO plugin. -->","jetpack_sharing_enabled":true,"_links":{"self":[{"href":"https:\/\/www.oidossucios.com\/site\/wp-json\/wp\/v2\/posts\/5984","targetHints":{"allow":["GET"]}}],"collection":[{"href":"https:\/\/www.oidossucios.com\/site\/wp-json\/wp\/v2\/posts"}],"about":[{"href":"https:\/\/www.oidossucios.com\/site\/wp-json\/wp\/v2\/types\/post"}],"author":[{"embeddable":true,"href":"https:\/\/www.oidossucios.com\/site\/wp-json\/wp\/v2\/users\/4"}],"replies":[{"embeddable":true,"href":"https:\/\/www.oidossucios.com\/site\/wp-json\/wp\/v2\/comments?post=5984"}],"version-history":[{"count":0,"href":"https:\/\/www.oidossucios.com\/site\/wp-json\/wp\/v2\/posts\/5984\/revisions"}],"wp:featuredmedia":[{"embeddable":true,"href":"https:\/\/www.oidossucios.com\/site\/wp-json\/wp\/v2\/media\/100005984"}],"wp:attachment":[{"href":"https:\/\/www.oidossucios.com\/site\/wp-json\/wp\/v2\/media?parent=5984"}],"wp:term":[{"taxonomy":"category","embeddable":true,"href":"https:\/\/www.oidossucios.com\/site\/wp-json\/wp\/v2\/categories?post=5984"},{"taxonomy":"post_tag","embeddable":true,"href":"https:\/\/www.oidossucios.com\/site\/wp-json\/wp\/v2\/tags?post=5984"}],"curies":[{"name":"wp","href":"https:\/\/api.w.org\/{rel}","templated":true}]}}