{"id":5988,"date":"2012-08-28T18:25:00","date_gmt":"2012-08-28T18:25:00","guid":{"rendered":"https:\/\/www.oidossucios.com\/site\/2012\/08\/28\/dave-grohl-anuncia-que-foo-fighters-se-tomaran-un-descanso\/"},"modified":"2012-08-28T18:25:00","modified_gmt":"2012-08-28T18:25:00","slug":"dave-grohl-anuncia-que-foo-fighters-se-tomaran-un-descanso","status":"publish","type":"post","link":"https:\/\/www.oidossucios.com\/site\/dave-grohl-anuncia-que-foo-fighters-se-tomaran-un-descanso\/","title":{"rendered":"Dave Grohl anuncia que Foo Fighters se tomar\u00e1n un descanso"},"content":{"rendered":"<p><![endif]--><!--[if gte mso 10]> <\/style>\n\n <![endif]-->Se podr\u00eda decir que fue una elecci\u00f3n perfecta. Cerrar dos de los festivales m\u00e1s importantes del mundo no pasa todos los d\u00edas. Y hacerlo de la manera que lo hicieron, mucho menos. Los Foo Fighters dieron su &#8220;\u00faltimo show en mucho tiempo&#8221; este fin de semana en el Reading y Leeds Festivals.<\/p>\n<p>Fueron en total \u0096entre los dos shows- casi cinco horas de rock en las que la banda present\u00f3 dos sets muy diferentes con los que recorrieron sus m\u00e1s de quince a\u00f1os de carrera. &#8220;\u00bfSe dan cuenta que tenemos un mont\u00f3n de canciones para tocarles, no? Es nuestro \u00faltimo show de la gira y tambi\u00e9n el \u00faltimo en mucho tiempo&#8221; tir\u00f3 Dave Grohl antes de arrancar el hist\u00f3rico recital.<\/p>\n<p>Como si esto fuera poco, la noche tuvo un momento emotivo y \u00fanico que seguramente nadie hubiese imaginado. &#8220;Me gustar\u00eda dedicarle este tema a dos personas que no pudieron estar con nosotros esta noche. Esta es para Krist y para Kurt&#8221; grit\u00f3 el ex Nirvana mientras tocaba el riff de&nbsp;&#8220;These Days&#8221;, uno de los hits de su \u00faltimo disco de estudio.<\/p>\n<p>Adem\u00e1s, Grohl aprovech\u00f3 y record\u00f3 el \u00faltimo show que Nirvana dio en Inglaterra que fue exactamente en ese mismo lugar hace ya veinte a\u00f1os. Un feliz cumplea\u00f1os sirvi\u00f3 para que la gente celebrara ese momento y que por segunda vez en la noche el esp\u00edritu de Nirvana sobrevolara el predio de Reading.<\/p>\n<p>Sin dudas fue una noche muy especial para los Foo Fighters y sirvi\u00f3 para cerrar el a\u00f1o y medio de gira de la mejor manera. Ahora llega es el momento de descansar.<\/p>\n<p>Fuente: www.fmrockandpop.com<\/p>\n","protected":false},"excerpt":{"rendered":"<p>Se podr\u00eda decir que fue una elecci\u00f3n perfecta. Cerrar dos de los festivales m\u00e1s importantes del mundo no pasa todos los d\u00edas. Y hacerlo de la manera que lo hicieron, mucho menos. Los Foo Fighters dieron su &#8220;\u00faltimo show en mucho tiempo&#8221; este fin de semana en el Reading y Leeds Festivals. Fueron en total [&hellip;]<\/p>\n","protected":false},"author":4,"featured_media":100005988,"comment_status":"open","ping_status":"open","sticky":false,"template":"","format":"standard","meta":{"_jetpack_memberships_contains_paid_content":false,"footnotes":""},"categories":[142],"tags":[],"class_list":["post-5988","post","type-post","status-publish","format-standard","has-post-thumbnail","hentry","category-buzznews"],"jetpack_featured_media_url":"https:\/\/www.oidossucios.com\/site\/wp-content\/uploads\/2012\/08\/5988.jpg","yoast_head":"<!-- This site is optimized with the Yoast SEO plugin v14.0.4 - https:\/\/yoast.com\/wordpress\/plugins\/seo\/ -->\n<title>Dave Grohl anuncia que Foo Fighters se tomar\u00e1n un descanso - OidosSucios.Com<\/title>\n<meta name=\"robots\" content=\"index, follow\" \/>\n<meta name=\"googlebot\" content=\"index, follow, max-snippet:-1, max-image-preview:large, max-video-preview:-1\" \/>\n<meta name=\"bingbot\" content=\"index, follow, max-snippet:-1, max-image-preview:large, max-video-preview:-1\" \/>\n<link rel=\"canonical\" href=\"https:\/\/www.oidossucios.com\/site\/dave-grohl-anuncia-que-foo-fighters-se-tomaran-un-descanso\/\" \/>\n<meta property=\"og:locale\" content=\"es_ES\" \/>\n<meta property=\"og:type\" content=\"article\" \/>\n<meta property=\"og:title\" content=\"Dave Grohl anuncia que Foo Fighters se tomar\u00e1n un descanso - OidosSucios.Com\" \/>\n<meta property=\"og:description\" content=\"Se podr\u00eda decir que fue una elecci\u00f3n perfecta. Cerrar dos de los festivales m\u00e1s importantes del mundo no pasa todos los d\u00edas. Y hacerlo de la manera que lo hicieron, mucho menos. Los Foo Fighters dieron su &#8220;\u00faltimo show en mucho tiempo&#8221; este fin de semana en el Reading y Leeds Festivals. Fueron en total [&hellip;]\" \/>\n<meta property=\"og:url\" content=\"https:\/\/www.oidossucios.com\/site\/dave-grohl-anuncia-que-foo-fighters-se-tomaran-un-descanso\/\" \/>\n<meta property=\"og:site_name\" content=\"OidosSucios.Com\" \/>\n<meta property=\"article:published_time\" content=\"2012-08-28T18:25:00+00:00\" \/>\n<meta property=\"og:image\" content=\"https:\/\/www.oidossucios.com\/site\/wp-content\/uploads\/2012\/08\/5988.jpg\" \/>\n\t<meta property=\"og:image:width\" content=\"350\" \/>\n\t<meta property=\"og:image:height\" content=\"300\" \/>\n<meta name=\"twitter:card\" content=\"summary_large_image\" \/>\n<meta name=\"twitter:creator\" content=\"@oidossucios\" \/>\n<script type=\"application\/ld+json\" class=\"yoast-schema-graph\">{\"@context\":\"https:\/\/schema.org\",\"@graph\":[{\"@type\":\"WebSite\",\"@id\":\"https:\/\/www.oidossucios.com\/site\/#website\",\"url\":\"https:\/\/www.oidossucios.com\/site\/\",\"name\":\"OidosSucios.Com\",\"description\":\"M\\u00fasica, conciertos, discos\",\"potentialAction\":[{\"@type\":\"SearchAction\",\"target\":\"https:\/\/www.oidossucios.com\/site\/?s={search_term_string}\",\"query-input\":\"required name=search_term_string\"}],\"inLanguage\":\"es\"},{\"@type\":\"ImageObject\",\"@id\":\"https:\/\/www.oidossucios.com\/site\/dave-grohl-anuncia-que-foo-fighters-se-tomaran-un-descanso\/#primaryimage\",\"inLanguage\":\"es\",\"url\":\"https:\/\/www.oidossucios.com\/site\/wp-content\/uploads\/2012\/08\/5988.jpg\",\"width\":350,\"height\":300},{\"@type\":\"WebPage\",\"@id\":\"https:\/\/www.oidossucios.com\/site\/dave-grohl-anuncia-que-foo-fighters-se-tomaran-un-descanso\/#webpage\",\"url\":\"https:\/\/www.oidossucios.com\/site\/dave-grohl-anuncia-que-foo-fighters-se-tomaran-un-descanso\/\",\"name\":\"Dave Grohl anuncia que Foo Fighters se tomar\\u00e1n un descanso - OidosSucios.Com\",\"isPartOf\":{\"@id\":\"https:\/\/www.oidossucios.com\/site\/#website\"},\"primaryImageOfPage\":{\"@id\":\"https:\/\/www.oidossucios.com\/site\/dave-grohl-anuncia-que-foo-fighters-se-tomaran-un-descanso\/#primaryimage\"},\"datePublished\":\"2012-08-28T18:25:00+00:00\",\"dateModified\":\"2012-08-28T18:25:00+00:00\",\"author\":{\"@id\":\"https:\/\/www.oidossucios.com\/site\/#\/schema\/person\/24559eeb76bf83a63296fb072393a688\"},\"inLanguage\":\"es\",\"potentialAction\":[{\"@type\":\"ReadAction\",\"target\":[\"https:\/\/www.oidossucios.com\/site\/dave-grohl-anuncia-que-foo-fighters-se-tomaran-un-descanso\/\"]}]},{\"@type\":[\"Person\"],\"@id\":\"https:\/\/www.oidossucios.com\/site\/#\/schema\/person\/24559eeb76bf83a63296fb072393a688\",\"name\":\"Oidossucios\",\"image\":{\"@type\":\"ImageObject\",\"@id\":\"https:\/\/www.oidossucios.com\/site\/#personlogo\",\"inLanguage\":\"es\",\"url\":\"https:\/\/secure.gravatar.com\/avatar\/74fcb480f42f1a33e50a0b6e6369a3f907be2e43dc84fa5f76c66e9c22b4a5ab?s=96&d=mm&r=g\",\"caption\":\"Oidossucios\"},\"sameAs\":[\"https:\/\/twitter.com\/oidossucios\"]}]}<\/script>\n<!-- \/ Yoast SEO plugin. -->","jetpack_sharing_enabled":true,"_links":{"self":[{"href":"https:\/\/www.oidossucios.com\/site\/wp-json\/wp\/v2\/posts\/5988","targetHints":{"allow":["GET"]}}],"collection":[{"href":"https:\/\/www.oidossucios.com\/site\/wp-json\/wp\/v2\/posts"}],"about":[{"href":"https:\/\/www.oidossucios.com\/site\/wp-json\/wp\/v2\/types\/post"}],"author":[{"embeddable":true,"href":"https:\/\/www.oidossucios.com\/site\/wp-json\/wp\/v2\/users\/4"}],"replies":[{"embeddable":true,"href":"https:\/\/www.oidossucios.com\/site\/wp-json\/wp\/v2\/comments?post=5988"}],"version-history":[{"count":0,"href":"https:\/\/www.oidossucios.com\/site\/wp-json\/wp\/v2\/posts\/5988\/revisions"}],"wp:featuredmedia":[{"embeddable":true,"href":"https:\/\/www.oidossucios.com\/site\/wp-json\/wp\/v2\/media\/100005988"}],"wp:attachment":[{"href":"https:\/\/www.oidossucios.com\/site\/wp-json\/wp\/v2\/media?parent=5988"}],"wp:term":[{"taxonomy":"category","embeddable":true,"href":"https:\/\/www.oidossucios.com\/site\/wp-json\/wp\/v2\/categories?post=5988"},{"taxonomy":"post_tag","embeddable":true,"href":"https:\/\/www.oidossucios.com\/site\/wp-json\/wp\/v2\/tags?post=5988"}],"curies":[{"name":"wp","href":"https:\/\/api.w.org\/{rel}","templated":true}]}}