{"id":6,"date":"2008-03-18T03:02:33","date_gmt":"2008-03-18T03:02:33","guid":{"rendered":"https:\/\/www.oidossucios.com\/site\/2008\/03\/18\/ozzy-osbourne-de-gira-por-latinoamerica\/"},"modified":"2008-03-18T03:02:33","modified_gmt":"2008-03-18T03:02:33","slug":"ozzy-osbourne-de-gira-por-latinoamerica","status":"publish","type":"post","link":"https:\/\/www.oidossucios.com\/site\/ozzy-osbourne-de-gira-por-latinoamerica\/","title":{"rendered":"Ozzy Osbourne de gira por Latinoam\u00e9rica"},"content":{"rendered":"<p>Seg\u00fan reporta el portal de MTV Latino en su secci\u00f3n de noticias, Ozzy Osbourne estar\u00eda realizando shows en M\u00e9xico, Brasil, Chile y Argentina pr\u00f3ximamente, sin anunciar con exactitud las fechas.<\/p>\n<p>El rockero brit\u00e1nico adem\u00e1s habla de las posibilidades un regreso de Black Sabbath para celebrar su 40\u00ba aniversario.<\/p>\n<p>&#8220;Saben como es, si tiene que suceder, suceder\u00e1, sino, no&#8230;Ellos est\u00e1n dispuestos a hacerlo, pero una semana despu\u00e9s recibes un llamado diciendo que todo se ha cancelado&#8221;.<\/p>\n<p>Experto en retornos, de toda clase, Ozzy sabe exactamente como funciona este negocio pero igual conf\u00eda en las posibilidades de la reuni\u00f3n ya que este a\u00f1o es el 40 aniversario de Black Sabbath: &#8220;Estoy orgulloso de que volvamos a ser amigos&#8221;. <\/p>\n","protected":false},"excerpt":{"rendered":"<p>Ozzy estar\u00e1 de gira por el continente pr\u00f3ximamente. Adem\u00e1s, los Sabbath podr\u00edan juntarse para celebrar su 40\u00ba aniversario.<\/p>\n","protected":false},"author":4,"featured_media":0,"comment_status":"open","ping_status":"open","sticky":false,"template":"","format":"standard","meta":{"_jetpack_memberships_contains_paid_content":false,"footnotes":""},"categories":[142],"tags":[],"class_list":["post-6","post","type-post","status-publish","format-standard","hentry","category-buzznews"],"jetpack_featured_media_url":"","yoast_head":"<!-- This site is optimized with the Yoast SEO plugin v14.0.4 - https:\/\/yoast.com\/wordpress\/plugins\/seo\/ -->\n<title>Ozzy Osbourne de gira por Latinoam\u00e9rica - OidosSucios.Com<\/title>\n<meta name=\"description\" content=\"Ozzy estar\u00e1 de gira por el continente pr\u00f3ximamente. Adem\u00e1s, los Sabbath podr\u00edan juntarse para celebrar su 40\u00ba aniversario.\" \/>\n<meta name=\"robots\" content=\"index, follow\" \/>\n<meta name=\"googlebot\" content=\"index, follow, max-snippet:-1, max-image-preview:large, max-video-preview:-1\" \/>\n<meta name=\"bingbot\" content=\"index, follow, max-snippet:-1, max-image-preview:large, max-video-preview:-1\" \/>\n<link rel=\"canonical\" href=\"https:\/\/www.oidossucios.com\/site\/ozzy-osbourne-de-gira-por-latinoamerica\/\" \/>\n<meta property=\"og:locale\" content=\"es_ES\" \/>\n<meta property=\"og:type\" content=\"article\" \/>\n<meta property=\"og:title\" content=\"Ozzy Osbourne de gira por Latinoam\u00e9rica - OidosSucios.Com\" \/>\n<meta property=\"og:description\" content=\"Ozzy estar\u00e1 de gira por el continente pr\u00f3ximamente. Adem\u00e1s, los Sabbath podr\u00edan juntarse para celebrar su 40\u00ba aniversario.\" \/>\n<meta property=\"og:url\" content=\"https:\/\/www.oidossucios.com\/site\/ozzy-osbourne-de-gira-por-latinoamerica\/\" \/>\n<meta property=\"og:site_name\" content=\"OidosSucios.Com\" \/>\n<meta property=\"article:published_time\" content=\"2008-03-18T03:02:33+00:00\" \/>\n<meta name=\"twitter:card\" content=\"summary_large_image\" \/>\n<meta name=\"twitter:creator\" content=\"@oidossucios\" \/>\n<script type=\"application\/ld+json\" class=\"yoast-schema-graph\">{\"@context\":\"https:\/\/schema.org\",\"@graph\":[{\"@type\":\"WebSite\",\"@id\":\"https:\/\/www.oidossucios.com\/site\/#website\",\"url\":\"https:\/\/www.oidossucios.com\/site\/\",\"name\":\"OidosSucios.Com\",\"description\":\"M\\u00fasica, conciertos, discos\",\"potentialAction\":[{\"@type\":\"SearchAction\",\"target\":\"https:\/\/www.oidossucios.com\/site\/?s={search_term_string}\",\"query-input\":\"required name=search_term_string\"}],\"inLanguage\":\"es\"},{\"@type\":\"WebPage\",\"@id\":\"https:\/\/www.oidossucios.com\/site\/ozzy-osbourne-de-gira-por-latinoamerica\/#webpage\",\"url\":\"https:\/\/www.oidossucios.com\/site\/ozzy-osbourne-de-gira-por-latinoamerica\/\",\"name\":\"Ozzy Osbourne de gira por Latinoam\\u00e9rica - OidosSucios.Com\",\"isPartOf\":{\"@id\":\"https:\/\/www.oidossucios.com\/site\/#website\"},\"datePublished\":\"2008-03-18T03:02:33+00:00\",\"dateModified\":\"2008-03-18T03:02:33+00:00\",\"author\":{\"@id\":\"https:\/\/www.oidossucios.com\/site\/#\/schema\/person\/24559eeb76bf83a63296fb072393a688\"},\"description\":\"Ozzy estar\\u00e1 de gira por el continente pr\\u00f3ximamente. Adem\\u00e1s, los Sabbath podr\\u00edan juntarse para celebrar su 40\\u00ba aniversario.\",\"inLanguage\":\"es\",\"potentialAction\":[{\"@type\":\"ReadAction\",\"target\":[\"https:\/\/www.oidossucios.com\/site\/ozzy-osbourne-de-gira-por-latinoamerica\/\"]}]},{\"@type\":[\"Person\"],\"@id\":\"https:\/\/www.oidossucios.com\/site\/#\/schema\/person\/24559eeb76bf83a63296fb072393a688\",\"name\":\"Oidossucios\",\"image\":{\"@type\":\"ImageObject\",\"@id\":\"https:\/\/www.oidossucios.com\/site\/#personlogo\",\"inLanguage\":\"es\",\"url\":\"https:\/\/secure.gravatar.com\/avatar\/74fcb480f42f1a33e50a0b6e6369a3f907be2e43dc84fa5f76c66e9c22b4a5ab?s=96&d=mm&r=g\",\"caption\":\"Oidossucios\"},\"sameAs\":[\"https:\/\/twitter.com\/oidossucios\"]}]}<\/script>\n<!-- \/ Yoast SEO plugin. -->","jetpack_sharing_enabled":true,"_links":{"self":[{"href":"https:\/\/www.oidossucios.com\/site\/wp-json\/wp\/v2\/posts\/6","targetHints":{"allow":["GET"]}}],"collection":[{"href":"https:\/\/www.oidossucios.com\/site\/wp-json\/wp\/v2\/posts"}],"about":[{"href":"https:\/\/www.oidossucios.com\/site\/wp-json\/wp\/v2\/types\/post"}],"author":[{"embeddable":true,"href":"https:\/\/www.oidossucios.com\/site\/wp-json\/wp\/v2\/users\/4"}],"replies":[{"embeddable":true,"href":"https:\/\/www.oidossucios.com\/site\/wp-json\/wp\/v2\/comments?post=6"}],"version-history":[{"count":0,"href":"https:\/\/www.oidossucios.com\/site\/wp-json\/wp\/v2\/posts\/6\/revisions"}],"wp:attachment":[{"href":"https:\/\/www.oidossucios.com\/site\/wp-json\/wp\/v2\/media?parent=6"}],"wp:term":[{"taxonomy":"category","embeddable":true,"href":"https:\/\/www.oidossucios.com\/site\/wp-json\/wp\/v2\/categories?post=6"},{"taxonomy":"post_tag","embeddable":true,"href":"https:\/\/www.oidossucios.com\/site\/wp-json\/wp\/v2\/tags?post=6"}],"curies":[{"name":"wp","href":"https:\/\/api.w.org\/{rel}","templated":true}]}}